{"id":90498,"date":"2023-07-17T15:12:12","date_gmt":"2023-07-17T18:12:12","guid":{"rendered":"https:\/\/www.centraldenoticias.com.ar\/?p=90498"},"modified":"2023-07-17T15:12:12","modified_gmt":"2023-07-17T18:12:12","slug":"vacaciones-de-invierno-agenda-para-este-lunes","status":"publish","type":"post","link":"https:\/\/cdnoticias.com\/index.php\/2023\/07\/17\/vacaciones-de-invierno-agenda-para-este-lunes\/","title":{"rendered":"Vacaciones de Invierno: agenda para este lunes"},"content":{"rendered":"<p>Las propuestas se presentar\u00e1n en el Museo D\u00e1maso Arce, Casa del Bicentenario, Centro Cultural de Hinojo y Sierras Bayas.<\/p>\n<p><!--more--><\/p>\n<hr \/>\n<p>Desde la Subsecretar\u00eda de Cultura y Educaci\u00f3n del Municipio se informan las<strong> actividades para este lunes 17 de julio<\/strong>, en el marco de la programaci\u00f3n especial para<strong> Vacaciones de Invierno<\/strong>.<\/p>\n<p>&nbsp;<\/p>\n<p>A continuaci\u00f3n, te dejamos las propuestas en los diferentes espacios culturales de la ciudad y localidades:<\/p>\n<p>&nbsp;<\/p>\n<ul>\n<li>Museo D\u00e1maso Arce<\/li>\n<\/ul>\n<p>15:30 horas: Laboratorio de t\u00edteres. Taller familiar destinado a ni\u00f1os y ni\u00f1as entre 6 y 9 a\u00f1os, que deben asistir acompa\u00f1ados por un adulto.<\/p>\n<p>&nbsp;<\/p>\n<ul>\n<li>Centro Cultural Municipal de Sierras Bayas<\/li>\n<\/ul>\n<p>15 horas: Taller infantil de Cer\u00e1mica, a cargo de la Escuela Municipal (sede Sierras Bayas). A partir de 7 a\u00f1os. Entrada gratuita.<\/p>\n<p>&nbsp;<\/p>\n<ul>\n<li>Centro Cultural Hinojo<\/li>\n<\/ul>\n<p>14:30 horas: Espect\u00e1culo para toda la familia \u2013 C.I.C.O. (Ciclos Itinerantes de Circo Olavarr\u00eda).<\/p>\n<p>&nbsp;<\/p>\n<ul>\n<li>Casa del Bicentenario<\/li>\n<\/ul>\n<p>16 horas: Espect\u00e1culo a partir de 5 a\u00f1os. Teatro Infantil \u201cCapanieves\u201d \u2013 Una Historia Enredada. Florencia Dom\u00ednguez y Flavia Salto. Entrada gratuita.<\/p>\n<p>&nbsp;<\/p>\n","protected":false},"excerpt":{"rendered":"<p>Las propuestas se presentar\u00e1n en el Museo D\u00e1maso Arce, Casa del Bicentenario, Centro Cultural de Hinojo y Sierras Bayas.<\/p>\n","protected":false},"author":4,"featured_media":83319,"comment_status":"closed","ping_status":"closed","sticky":false,"template":"","format":"standard","meta":{"_jetpack_memberships_contains_paid_content":false,"footnotes":""},"categories":[9,1],"tags":[],"class_list":["post-90498","post","type-post","status-publish","format-standard","has-post-thumbnail","hentry","category-cultura","category-portada"],"jetpack_featured_media_url":"https:\/\/i0.wp.com\/cdnoticias.com\/wp-content\/uploads\/2023\/04\/centro-cultural-municipal-san-jose.jpg?fit=800%2C445&ssl=1","jetpack_sharing_enabled":true,"_links":{"self":[{"href":"https:\/\/cdnoticias.com\/index.php\/wp-json\/wp\/v2\/posts\/90498","targetHints":{"allow":["GET"]}}],"collection":[{"href":"https:\/\/cdnoticias.com\/index.php\/wp-json\/wp\/v2\/posts"}],"about":[{"href":"https:\/\/cdnoticias.com\/index.php\/wp-json\/wp\/v2\/types\/post"}],"author":[{"embeddable":true,"href":"https:\/\/cdnoticias.com\/index.php\/wp-json\/wp\/v2\/users\/4"}],"replies":[{"embeddable":true,"href":"https:\/\/cdnoticias.com\/index.php\/wp-json\/wp\/v2\/comments?post=90498"}],"version-history":[{"count":0,"href":"https:\/\/cdnoticias.com\/index.php\/wp-json\/wp\/v2\/posts\/90498\/revisions"}],"wp:featuredmedia":[{"embeddable":true,"href":"https:\/\/cdnoticias.com\/index.php\/wp-json\/wp\/v2\/media\/83319"}],"wp:attachment":[{"href":"https:\/\/cdnoticias.com\/index.php\/wp-json\/wp\/v2\/media?parent=90498"}],"wp:term":[{"taxonomy":"category","embeddable":true,"href":"https:\/\/cdnoticias.com\/index.php\/wp-json\/wp\/v2\/categories?post=90498"},{"taxonomy":"post_tag","embeddable":true,"href":"https:\/\/cdnoticias.com\/index.php\/wp-json\/wp\/v2\/tags?post=90498"}],"curies":[{"name":"wp","href":"https:\/\/api.w.org\/{rel}","templated":true}]}}