{"id":90468,"date":"2023-07-17T13:33:36","date_gmt":"2023-07-17T16:33:36","guid":{"rendered":"https:\/\/www.centraldenoticias.com.ar\/?p=90468"},"modified":"2023-07-17T13:46:45","modified_gmt":"2023-07-17T16:46:45","slug":"plan-tuvi-avanza-la-construccion-de-otras-6-viviendas","status":"publish","type":"post","link":"https:\/\/cdnoticias.com\/index.php\/2023\/07\/17\/plan-tuvi-avanza-la-construccion-de-otras-6-viviendas\/","title":{"rendered":"Plan TuVi: avanza la construcci\u00f3n de otras 6 viviendas"},"content":{"rendered":"<p><span style=\"font-family: Arial, sans-serif;\"><span style=\"font-size: medium;\"><span style=\"color: #000000;\">La licitaci\u00f3n de la nueva tanda se realiz\u00f3 a fines de marzo. Las casas ser\u00e1n preadjudicadas una vez finalizada la obra.<\/span><\/span><\/span><\/p>\n<p><!--more--><\/p>\n<hr \/>\n<p><span style=\"color: #000000;\"><span style=\"font-family: Arial, sans-serif;\"><span style=\"font-size: medium;\">En la ma\u00f1ana de este lunes el intendente municipal Ezequiel Galli visit\u00f3 el sector del barrio Pickelado en el que se lleva a cabo una nueva etapa de construcci\u00f3n de viviendas enmarcadas en el Plan Municipal TuVi, en este caso de construcci\u00f3n industrializada mediante el <strong>sistema &#8220;steel framing&#8221;.<\/strong><\/span><\/span><\/span><\/p>\n<p>&nbsp;<\/p>\n<p><span style=\"color: #000000;\"><span style=\"font-family: Arial, sans-serif;\"><span style=\"font-size: medium;\">En la recorrida el jefe comunal estuvo acompa\u00f1ado por el secretario de Mantenimiento y Obras P\u00fablicas Julio Ferraro.<\/span><\/span><\/span><\/p>\n<p>&nbsp;<\/p>\n<p><img data-recalc-dims=\"1\" loading=\"lazy\" decoding=\"async\" class=\"alignnone size-full wp-image-90466\" src=\"https:\/\/i0.wp.com\/cdnoticias.com\/wp-content\/uploads\/2023\/07\/Obras-viviendas-TUVI-industrializada-galli-01.jpg?resize=800%2C445&#038;ssl=1\" alt=\"\" width=\"800\" height=\"445\" srcset=\"https:\/\/i0.wp.com\/cdnoticias.com\/wp-content\/uploads\/2023\/07\/Obras-viviendas-TUVI-industrializada-galli-01.jpg?w=800&amp;ssl=1 800w, https:\/\/i0.wp.com\/cdnoticias.com\/wp-content\/uploads\/2023\/07\/Obras-viviendas-TUVI-industrializada-galli-01.jpg?resize=300%2C167&amp;ssl=1 300w, https:\/\/i0.wp.com\/cdnoticias.com\/wp-content\/uploads\/2023\/07\/Obras-viviendas-TUVI-industrializada-galli-01.jpg?resize=768%2C427&amp;ssl=1 768w\" sizes=\"auto, (max-width: 800px) 100vw, 800px\" \/><\/p>\n<p>&nbsp;<\/p>\n<p><span style=\"color: #000000;\"><span style=\"font-family: Arial, sans-serif;\"><span style=\"font-size: medium;\">Se trata de una nueva tanda de viviendas, cuya <a href=\"https:\/\/cdnoticias.com\/index.php\/2023\/02\/22\/tuvi-industrializada-ya-salio-la-licitacion-de-6-casas\/\" target=\"_blank\" rel=\"noopener\">licitaci\u00f3n se realiz\u00f3 a fines del mes de marzo<\/a>, con un presupuesto cercano a los 60 millones de pesos. Se trata de la construcci\u00f3n de 6 viviendas de 45 metros cuadrados, en planta baja, con todas sus instalaciones, revestimientos, solados, cielorrasos, artefactos y accesorios necesarios para un buen funcionamiento.<\/span><\/span><\/span><\/p>\n<p>&nbsp;<\/p>\n<blockquote><p><span style=\"color: #000000;\"><span style=\"font-family: Arial, sans-serif;\"><span style=\"font-size: medium;\">Se recuerda que en esta nueva fase del Plan TuVi la preadjudicaci\u00f3n ser\u00e1 mediante licitaci\u00f3n, tal como ven\u00eda sucediendo, pero con la novedad de que esta instancia se llevar\u00e1 a cabo una vez finalizadas las obras.<\/span><\/span><\/span><\/p><\/blockquote>\n<p>&nbsp;<\/p>\n<p><span style=\"color: #000000;\"><span style=\"font-family: Arial, sans-serif;\"><span style=\"font-size: medium;\">Es por ello que las personas interesadas est\u00e1n a tiempo de ser parte, ya que <strong>el primer requisito es estar inscriptos en el Registro de Demanda Habitacional<\/strong>, al que se accede a trav\u00e9s de la p\u00e1gina oficial de la Municipalidad de Olavarr\u00eda.<\/span><\/span><\/span><\/p>\n","protected":false},"excerpt":{"rendered":"<p>La licitaci\u00f3n de la nueva tanda se realiz\u00f3 a fines de marzo. Las casas ser\u00e1n preadjudicadas una vez finalizada la<\/p>\n","protected":false},"author":2,"featured_media":90465,"comment_status":"closed","ping_status":"closed","sticky":false,"template":"","format":"standard","meta":{"_jetpack_memberships_contains_paid_content":false,"footnotes":""},"categories":[5,1],"tags":[],"class_list":["post-90468","post","type-post","status-publish","format-standard","has-post-thumbnail","hentry","category-informacion-general","category-portada"],"jetpack_featured_media_url":"https:\/\/i0.wp.com\/cdnoticias.com\/wp-content\/uploads\/2023\/07\/Obras-viviendas-TUVI-industrializada-galli-00.jpg?fit=800%2C445&ssl=1","jetpack_sharing_enabled":true,"_links":{"self":[{"href":"https:\/\/cdnoticias.com\/index.php\/wp-json\/wp\/v2\/posts\/90468","targetHints":{"allow":["GET"]}}],"collection":[{"href":"https:\/\/cdnoticias.com\/index.php\/wp-json\/wp\/v2\/posts"}],"about":[{"href":"https:\/\/cdnoticias.com\/index.php\/wp-json\/wp\/v2\/types\/post"}],"author":[{"embeddable":true,"href":"https:\/\/cdnoticias.com\/index.php\/wp-json\/wp\/v2\/users\/2"}],"replies":[{"embeddable":true,"href":"https:\/\/cdnoticias.com\/index.php\/wp-json\/wp\/v2\/comments?post=90468"}],"version-history":[{"count":0,"href":"https:\/\/cdnoticias.com\/index.php\/wp-json\/wp\/v2\/posts\/90468\/revisions"}],"wp:featuredmedia":[{"embeddable":true,"href":"https:\/\/cdnoticias.com\/index.php\/wp-json\/wp\/v2\/media\/90465"}],"wp:attachment":[{"href":"https:\/\/cdnoticias.com\/index.php\/wp-json\/wp\/v2\/media?parent=90468"}],"wp:term":[{"taxonomy":"category","embeddable":true,"href":"https:\/\/cdnoticias.com\/index.php\/wp-json\/wp\/v2\/categories?post=90468"},{"taxonomy":"post_tag","embeddable":true,"href":"https:\/\/cdnoticias.com\/index.php\/wp-json\/wp\/v2\/tags?post=90468"}],"curies":[{"name":"wp","href":"https:\/\/api.w.org\/{rel}","templated":true}]}}