{"id":90441,"date":"2023-07-17T10:51:39","date_gmt":"2023-07-17T13:51:39","guid":{"rendered":"https:\/\/www.centraldenoticias.com.ar\/?p=90441"},"modified":"2023-07-17T11:41:04","modified_gmt":"2023-07-17T14:41:04","slug":"incendio-en-un-complejo-de-departamentos-en-pueblo-nuevo","status":"publish","type":"post","link":"https:\/\/cdnoticias.com\/index.php\/2023\/07\/17\/incendio-en-un-complejo-de-departamentos-en-pueblo-nuevo\/","title":{"rendered":"Incendio en un complejo de departamentos en Pueblo Nuevo"},"content":{"rendered":"<p>El fuego se inici\u00f3 durante la ma\u00f1ana de este lunes en el segundo piso. Uno de los departamentos fue totalmente afectado por el fuego. Trabajan bomberos voluntarios y efectivos policiales.<\/p>\n<p><!--more--><\/p>\n<hr \/>\n<p>Cerca de las 10:30 de la ma\u00f1ana de este lunes se produjo un principio de incendio en un departamento ubicado en <strong>San Lorenzo y General Paz.<\/strong><\/p>\n<p>&nbsp;<\/p>\n<p>El siniestro comenz\u00f3 en el <strong>segundo piso del complejo de departamentos<\/strong> del barrio Pueblo Nuevo. Seg\u00fan se indic\u00f3, habr\u00eda iniciado en la <strong>toma de calefacci\u00f3n de un departamento.<\/strong><\/p>\n<p>&nbsp;<\/p>\n<p><img data-recalc-dims=\"1\" loading=\"lazy\" decoding=\"async\" class=\"aligncenter size-full wp-image-90446\" src=\"https:\/\/i0.wp.com\/cdnoticias.com\/wp-content\/uploads\/2023\/07\/incendio-departamento-pueblo-nuevo-04.jpg?resize=800%2C445&#038;ssl=1\" alt=\"\" width=\"800\" height=\"445\" srcset=\"https:\/\/i0.wp.com\/cdnoticias.com\/wp-content\/uploads\/2023\/07\/incendio-departamento-pueblo-nuevo-04.jpg?w=800&amp;ssl=1 800w, https:\/\/i0.wp.com\/cdnoticias.com\/wp-content\/uploads\/2023\/07\/incendio-departamento-pueblo-nuevo-04.jpg?resize=300%2C167&amp;ssl=1 300w, https:\/\/i0.wp.com\/cdnoticias.com\/wp-content\/uploads\/2023\/07\/incendio-departamento-pueblo-nuevo-04.jpg?resize=768%2C427&amp;ssl=1 768w\" sizes=\"auto, (max-width: 800px) 100vw, 800px\" \/><\/p>\n<p>&nbsp;<\/p>\n<blockquote><p>Uno de los departamentos del complejo fue afectado completamente por el fuego. El edificio fue evacuado y afortunadamente no se registraron heridos.<\/p><\/blockquote>\n<p>&nbsp;<\/p>\n<p><img data-recalc-dims=\"1\" loading=\"lazy\" decoding=\"async\" class=\"aligncenter size-full wp-image-90447\" src=\"https:\/\/i0.wp.com\/cdnoticias.com\/wp-content\/uploads\/2023\/07\/incendio-departamento-pueblo-nuevo-03.jpg?resize=800%2C445&#038;ssl=1\" alt=\"\" width=\"800\" height=\"445\" srcset=\"https:\/\/i0.wp.com\/cdnoticias.com\/wp-content\/uploads\/2023\/07\/incendio-departamento-pueblo-nuevo-03.jpg?w=800&amp;ssl=1 800w, https:\/\/i0.wp.com\/cdnoticias.com\/wp-content\/uploads\/2023\/07\/incendio-departamento-pueblo-nuevo-03.jpg?resize=300%2C167&amp;ssl=1 300w, https:\/\/i0.wp.com\/cdnoticias.com\/wp-content\/uploads\/2023\/07\/incendio-departamento-pueblo-nuevo-03.jpg?resize=768%2C427&amp;ssl=1 768w\" sizes=\"auto, (max-width: 800px) 100vw, 800px\" \/><\/p>\n<p>&nbsp;<\/p>\n<p>Trabajaron en el lugar bajo la coordinaci\u00f3n de Juan Ponce la Unidad N\u00b0 16 y N\u00b0 26 y N\u00b0 25 de Bomberos Voluntarios, personal policial y de defensa civil. El tr\u00e1nsito debi\u00f3 ser interrumpido en el sector.<\/p>\n<p>&nbsp;<\/p>\n","protected":false},"excerpt":{"rendered":"<p>El fuego se inici\u00f3 durante la ma\u00f1ana de este lunes en el segundo piso. Uno de los departamentos fue totalmente<\/p>\n","protected":false},"author":5,"featured_media":90442,"comment_status":"closed","ping_status":"closed","sticky":false,"template":"","format":"standard","meta":{"_jetpack_memberships_contains_paid_content":false,"footnotes":""},"categories":[14,1],"tags":[],"class_list":["post-90441","post","type-post","status-publish","format-standard","has-post-thumbnail","hentry","category-policiales","category-portada"],"jetpack_featured_media_url":"https:\/\/i0.wp.com\/cdnoticias.com\/wp-content\/uploads\/2023\/07\/incendio-departamento-pueblo-nuevo-02.jpg?fit=800%2C445&ssl=1","jetpack_sharing_enabled":true,"_links":{"self":[{"href":"https:\/\/cdnoticias.com\/index.php\/wp-json\/wp\/v2\/posts\/90441","targetHints":{"allow":["GET"]}}],"collection":[{"href":"https:\/\/cdnoticias.com\/index.php\/wp-json\/wp\/v2\/posts"}],"about":[{"href":"https:\/\/cdnoticias.com\/index.php\/wp-json\/wp\/v2\/types\/post"}],"author":[{"embeddable":true,"href":"https:\/\/cdnoticias.com\/index.php\/wp-json\/wp\/v2\/users\/5"}],"replies":[{"embeddable":true,"href":"https:\/\/cdnoticias.com\/index.php\/wp-json\/wp\/v2\/comments?post=90441"}],"version-history":[{"count":0,"href":"https:\/\/cdnoticias.com\/index.php\/wp-json\/wp\/v2\/posts\/90441\/revisions"}],"wp:featuredmedia":[{"embeddable":true,"href":"https:\/\/cdnoticias.com\/index.php\/wp-json\/wp\/v2\/media\/90442"}],"wp:attachment":[{"href":"https:\/\/cdnoticias.com\/index.php\/wp-json\/wp\/v2\/media?parent=90441"}],"wp:term":[{"taxonomy":"category","embeddable":true,"href":"https:\/\/cdnoticias.com\/index.php\/wp-json\/wp\/v2\/categories?post=90441"},{"taxonomy":"post_tag","embeddable":true,"href":"https:\/\/cdnoticias.com\/index.php\/wp-json\/wp\/v2\/tags?post=90441"}],"curies":[{"name":"wp","href":"https:\/\/api.w.org\/{rel}","templated":true}]}}