{"id":90422,"date":"2023-07-17T09:04:47","date_gmt":"2023-07-17T12:04:47","guid":{"rendered":"https:\/\/www.centraldenoticias.com.ar\/?p=90422"},"modified":"2023-07-17T09:04:47","modified_gmt":"2023-07-17T12:04:47","slug":"miles-de-olavarrienses-disfrutaron-del-segundo-festival-del-libro-de-olavarria","status":"publish","type":"post","link":"https:\/\/cdnoticias.com\/index.php\/2023\/07\/17\/miles-de-olavarrienses-disfrutaron-del-segundo-festival-del-libro-de-olavarria\/","title":{"rendered":"Miles de olavarrienses disfrutaron del segundo Festival del Libro de Olavarr\u00eda"},"content":{"rendered":"<p>El evento se concret\u00f3 durante tres d\u00edas en la Sociedad de Fomento Mariano Moreno y con el apoyo del Instituto Cultural de la provincia de Buenos Aires. Galer\u00eda de im\u00e1genes.<!--more--><\/p>\n<hr \/>\n<p>Durante viernes, s\u00e1bado y domingo miles de olavarrienses disfrutaron de la <strong>segunda edici\u00f3n del Festival del Libro de Olavarr\u00eda<\/strong> que se realiz\u00f3 con entrada libre y gratuita en la Sociedad de Fomento Mariano Moreno.<\/p>\n<p>&nbsp;<\/p>\n<p>Este evento naci\u00f3 en 2022 como una propuesta de los concejales Maximiliano Wesner y Mercedes Land\u00edvar ante la demanda de libreros, escritores y editoriales de Olavarr\u00eda sobre la necesidad de contar con actividades de fomento de la literatura y la lectura.<\/p>\n<p>&nbsp;<\/p>\n<p>Estudiantes primarios y secundarios, escuelas y p\u00fablico en general pudieron disfrutar de las distintas propuestas para todas las edades.<\/p>\n<p>&nbsp;<\/p>\n<blockquote><p>\u201cTermin\u00f3 el Festival del Libro pero las propuestas continuar\u00e1n, el \u00e9xito de la convocatoria reafirma la necesidad de contar con estos espacios, espacios de encuentro que nos permiten disfrutar de los talentosos artistas que tenemos&#8221;, destac\u00f3 Maximiliano Wesner.<\/p><\/blockquote>\n<p>&nbsp;<\/p>\n<p>Al finalizar el festival,<strong> los libreros de Olavarr\u00eda destacaron la importancia de este tipo de propuestas<\/strong>, remarcaron que en esta segunda edici\u00f3n incluso lograron superar las ventas de la anterior y definieron el evento como un \u00e9xito rotundo.<\/p>\n<p>&nbsp;<\/p>\n<p>En la sala feria, las librer\u00edas y editoriales locales exhibieron sus libros, mientras que en la Sala A hubo presentaciones de libros, obras de teatro, talleres y charlas a cargo de reconocidos escritores y periodistas.<\/p>\n<p>&nbsp;<\/p>\n<p>En tanto, para los m\u00e1s chicos hubo shows, talleres y una gran cantidad de actividades en el <strong>&#8220;Club de Infancias&#8221;.<\/strong><\/p>\n<p>&nbsp;<\/p>\n<p>Este domingo, el poeta, m\u00fasico y narrador Pablo Ramos brind\u00f3 la charla principal de la jornada y luego tuvo lugar un cierre musical con la<strong> banda local &#8220;La Maywa&#8221;.<\/strong><\/p>\n<p>&nbsp;<\/p>\n<p>[soliloquy id=&#8221;90431&#8243;]<\/p>\n","protected":false},"excerpt":{"rendered":"<p>El evento se concret\u00f3 durante tres d\u00edas en la Sociedad de Fomento Mariano Moreno y con el apoyo del Instituto<\/p>\n","protected":false},"author":5,"featured_media":90423,"comment_status":"closed","ping_status":"closed","sticky":false,"template":"","format":"standard","meta":{"_jetpack_memberships_contains_paid_content":false,"footnotes":""},"categories":[9,1],"tags":[],"class_list":["post-90422","post","type-post","status-publish","format-standard","has-post-thumbnail","hentry","category-cultura","category-portada"],"jetpack_featured_media_url":"https:\/\/i0.wp.com\/cdnoticias.com\/wp-content\/uploads\/2023\/07\/festival-libro-01.jpg?fit=800%2C445&ssl=1","jetpack_sharing_enabled":true,"_links":{"self":[{"href":"https:\/\/cdnoticias.com\/index.php\/wp-json\/wp\/v2\/posts\/90422","targetHints":{"allow":["GET"]}}],"collection":[{"href":"https:\/\/cdnoticias.com\/index.php\/wp-json\/wp\/v2\/posts"}],"about":[{"href":"https:\/\/cdnoticias.com\/index.php\/wp-json\/wp\/v2\/types\/post"}],"author":[{"embeddable":true,"href":"https:\/\/cdnoticias.com\/index.php\/wp-json\/wp\/v2\/users\/5"}],"replies":[{"embeddable":true,"href":"https:\/\/cdnoticias.com\/index.php\/wp-json\/wp\/v2\/comments?post=90422"}],"version-history":[{"count":0,"href":"https:\/\/cdnoticias.com\/index.php\/wp-json\/wp\/v2\/posts\/90422\/revisions"}],"wp:featuredmedia":[{"embeddable":true,"href":"https:\/\/cdnoticias.com\/index.php\/wp-json\/wp\/v2\/media\/90423"}],"wp:attachment":[{"href":"https:\/\/cdnoticias.com\/index.php\/wp-json\/wp\/v2\/media?parent=90422"}],"wp:term":[{"taxonomy":"category","embeddable":true,"href":"https:\/\/cdnoticias.com\/index.php\/wp-json\/wp\/v2\/categories?post=90422"},{"taxonomy":"post_tag","embeddable":true,"href":"https:\/\/cdnoticias.com\/index.php\/wp-json\/wp\/v2\/tags?post=90422"}],"curies":[{"name":"wp","href":"https:\/\/api.w.org\/{rel}","templated":true}]}}