{"id":90400,"date":"2023-07-16T19:00:09","date_gmt":"2023-07-16T22:00:09","guid":{"rendered":"https:\/\/www.centraldenoticias.com.ar\/?p=90400"},"modified":"2023-07-16T19:01:23","modified_gmt":"2023-07-16T22:01:23","slug":"continua-el-alerta-amarillo-por-frio-extremo-en-la-ciudad","status":"publish","type":"post","link":"https:\/\/cdnoticias.com\/index.php\/2023\/07\/16\/continua-el-alerta-amarillo-por-frio-extremo-en-la-ciudad\/","title":{"rendered":"Contin\u00faa el alerta amarillo por fr\u00edo extremo en la ciudad"},"content":{"rendered":"<p>El pron\u00f3stico para la madrugada ser\u00e1 de -4\u00b0. Se esperan temperaturas extremas que \u201cpueden ser peligrosas, sobre todo para los grupos de riesgo, como ni\u00f1os y ni\u00f1as, personas mayores de 65 a\u00f1os, con enfermedades cr\u00f3nicas\u201d explicaron desde el Servicio Meteorol\u00f3gico Nacional. <!--more--><\/p>\n<hr \/>\n<p>Contin\u00faa el<strong> alerta amarilla por fr\u00edos extremos en la ciudad,<\/strong> y en esta ocasi\u00f3n el pron\u00f3stico para la<strong> madrugada ser\u00e1 de -4\u00b0.<\/strong><\/p>\n<p>&nbsp;<\/p>\n<p>As\u00ed lo advirti\u00f3 el <strong>Servicio Meteorol\u00f3gico Nacional<\/strong> (SMN) y abarca a gran parte de la provincia de Buenos Aires.<\/p>\n<p>&nbsp;<\/p>\n<p><img data-recalc-dims=\"1\" loading=\"lazy\" decoding=\"async\" class=\"aligncenter wp-image-90401 size-full\" src=\"https:\/\/i0.wp.com\/cdnoticias.com\/wp-content\/uploads\/2023\/07\/WhatsApp-Image-2023-07-16-at-18.46.47.jpeg?resize=714%2C1004&#038;ssl=1\" alt=\"\" width=\"714\" height=\"1004\" srcset=\"https:\/\/i0.wp.com\/cdnoticias.com\/wp-content\/uploads\/2023\/07\/WhatsApp-Image-2023-07-16-at-18.46.47.jpeg?w=714&amp;ssl=1 714w, https:\/\/i0.wp.com\/cdnoticias.com\/wp-content\/uploads\/2023\/07\/WhatsApp-Image-2023-07-16-at-18.46.47.jpeg?resize=213%2C300&amp;ssl=1 213w\" sizes=\"auto, (max-width: 714px) 100vw, 714px\" \/><\/p>\n<p>&nbsp;<\/p>\n<p>Por \u00faltimo, El SMN explic\u00f3 que el nivel amarillo implica \u201cefecto leve a moderado en la salud\u201d. Se esperan temperaturas extremas que <em><strong>\u201cpueden ser peligrosas, sobre todo para los grupos de riesgo, como ni\u00f1os y ni\u00f1as, personas mayores de 65 a\u00f1os, con enfermedades cr\u00f3nicas\u201d.\u00a0<\/strong><\/em><\/p>\n","protected":false},"excerpt":{"rendered":"<p>El pron\u00f3stico para la madrugada ser\u00e1 de -4\u00b0. Se esperan temperaturas extremas que \u201cpueden ser peligrosas, sobre todo para los<\/p>\n","protected":false},"author":6,"featured_media":56015,"comment_status":"closed","ping_status":"closed","sticky":false,"template":"","format":"standard","meta":{"_jetpack_memberships_contains_paid_content":false,"footnotes":""},"categories":[5,1],"tags":[],"class_list":["post-90400","post","type-post","status-publish","format-standard","has-post-thumbnail","hentry","category-informacion-general","category-portada"],"jetpack_featured_media_url":"https:\/\/i0.wp.com\/cdnoticias.com\/wp-content\/uploads\/2022\/05\/frio04-scaled.jpg?fit=2560%2C1424&ssl=1","jetpack_sharing_enabled":true,"_links":{"self":[{"href":"https:\/\/cdnoticias.com\/index.php\/wp-json\/wp\/v2\/posts\/90400","targetHints":{"allow":["GET"]}}],"collection":[{"href":"https:\/\/cdnoticias.com\/index.php\/wp-json\/wp\/v2\/posts"}],"about":[{"href":"https:\/\/cdnoticias.com\/index.php\/wp-json\/wp\/v2\/types\/post"}],"author":[{"embeddable":true,"href":"https:\/\/cdnoticias.com\/index.php\/wp-json\/wp\/v2\/users\/6"}],"replies":[{"embeddable":true,"href":"https:\/\/cdnoticias.com\/index.php\/wp-json\/wp\/v2\/comments?post=90400"}],"version-history":[{"count":0,"href":"https:\/\/cdnoticias.com\/index.php\/wp-json\/wp\/v2\/posts\/90400\/revisions"}],"wp:featuredmedia":[{"embeddable":true,"href":"https:\/\/cdnoticias.com\/index.php\/wp-json\/wp\/v2\/media\/56015"}],"wp:attachment":[{"href":"https:\/\/cdnoticias.com\/index.php\/wp-json\/wp\/v2\/media?parent=90400"}],"wp:term":[{"taxonomy":"category","embeddable":true,"href":"https:\/\/cdnoticias.com\/index.php\/wp-json\/wp\/v2\/categories?post=90400"},{"taxonomy":"post_tag","embeddable":true,"href":"https:\/\/cdnoticias.com\/index.php\/wp-json\/wp\/v2\/tags?post=90400"}],"curies":[{"name":"wp","href":"https:\/\/api.w.org\/{rel}","templated":true}]}}