{"id":90344,"date":"2023-07-16T14:22:55","date_gmt":"2023-07-16T17:22:55","guid":{"rendered":"https:\/\/www.centraldenoticias.com.ar\/?p=90344"},"modified":"2023-07-16T16:02:17","modified_gmt":"2023-07-16T19:02:17","slug":"wesner-en-mi-gestion-estos-festivales-seran-una-politica-de-estado","status":"publish","type":"post","link":"https:\/\/cdnoticias.com\/index.php\/2023\/07\/16\/wesner-en-mi-gestion-estos-festivales-seran-una-politica-de-estado\/","title":{"rendered":"Wesner: \u201cEn mi gesti\u00f3n estos Festivales ser\u00e1n una pol\u00edtica de Estado\u201d"},"content":{"rendered":"<p>Adem\u00e1s indic\u00f3 que \u201ctodos los fines de semana tienen que estar cargados de propuestas para las familias de Olavarr\u00eda\u201d. \u00a0C\u00f3mo siguen las actividades este domingo.<\/p>\n<p><!--more--><\/p>\n<hr \/>\n<p>Este domingo<strong> culmina la segunda edici\u00f3n del Festival del Libro<\/strong>, que convoc\u00f3 a una gran cantidad de vecinos y vecinas a<a href=\"https:\/\/cdnoticias.com\/index.php\/2023\/07\/16\/a-la-sale-llena-paso-el-segundo-dia-del-festival-del-libro\/\" target=\"_blank\" rel=\"noopener\"> lo largo de los dos primeros d\u00edas<\/a>. El evento que cuenta con el<em> apoyo del Instituto Cultural de la Provincia<\/em> es una iniciativa <em>gestionada por Maximiliano Wesner y Mercedes Landivar<\/em>.<\/p>\n<p>&nbsp;<\/p>\n<blockquote><p>\u201cEl Festival del libro volvi\u00f3 a demostrar que los vecinos asisten, las librer\u00edas trabajan, se promueve la lectura y la ciudad adquiere una vida social distinta. Los libreros en solo dos d\u00edas ya nos dijeron que llevan vendidos m\u00e1s libros que en la edici\u00f3n anterior\u201d, destac\u00f3 Maximiliano Wesner, precandidato a intendente de Uni\u00f3n por la Patria.<\/p><\/blockquote>\n<p>&nbsp;<\/p>\n<p>\u201cEs una alegr\u00eda ver las salas llenas. <strong>Todos los fines de semana tienen que estar cargados de propuestas para las familias de Olavarr\u00eda.<\/strong> Adem\u00e1s hay que dimensionar todo lo que esto implica, trabaja el sector hotelero, el gastron\u00f3mico y proveedores locales a los cuales se los contratan para poder montar todo el evento\u201d.<\/p>\n<p>&nbsp;<\/p>\n<p><strong>\u201cEn mi gesti\u00f3n estos Festivales ser\u00e1n una pol\u00edtica de Estado\u201d <\/strong>se comprometi\u00f3 el referente.<\/p>\n<p>&nbsp;<\/p>\n<p><img data-recalc-dims=\"1\" loading=\"lazy\" decoding=\"async\" class=\"size-full wp-image-90338 aligncenter\" src=\"https:\/\/i0.wp.com\/cdnoticias.com\/wp-content\/uploads\/2023\/07\/festival-del-libro-04-segundo-dia.jpg?resize=800%2C445&#038;ssl=1\" alt=\"\" width=\"800\" height=\"445\" srcset=\"https:\/\/i0.wp.com\/cdnoticias.com\/wp-content\/uploads\/2023\/07\/festival-del-libro-04-segundo-dia.jpg?w=800&amp;ssl=1 800w, https:\/\/i0.wp.com\/cdnoticias.com\/wp-content\/uploads\/2023\/07\/festival-del-libro-04-segundo-dia.jpg?resize=300%2C167&amp;ssl=1 300w, https:\/\/i0.wp.com\/cdnoticias.com\/wp-content\/uploads\/2023\/07\/festival-del-libro-04-segundo-dia.jpg?resize=768%2C427&amp;ssl=1 768w\" sizes=\"auto, (max-width: 800px) 100vw, 800px\" \/><\/p>\n<p>&nbsp;<\/p>\n<p><strong>Cristian Alarc\u00f3n, Juan Sol\u00e1, Fernando Ducl\u00f3s (Periodist\u00e1n), Federico V\u00e1zquez, Julia Mengolini<\/strong> fueron los m\u00e1s elegidos. Tambi\u00e9n un gran marco de p\u00fablico se acerc\u00f3 a escuchar a <strong>Araceli Guti\u00e9rrez<\/strong> y el libro \u201cNosotras en libertad\u201d,<strong> Amelia Gallastegui, Guillermo del Zotto, Cecilia Abdo Ferez<\/strong> y se sumaron a participar de los diferentes espect\u00e1culos, muchos de ellos a cargo de artistas locales.<\/p>\n<p>&nbsp;<\/p>\n<p><strong>D\u00eda 3 | Domingo 16 de Julio<\/strong><\/p>\n<p>&nbsp;<\/p>\n<p>15.00 &#8211; &#8220;Elvira Cocha&#8221; | Show Infantil (Club de Infancias)<\/p>\n<p>15.30 &#8211; Taller: &#8220;Dibujando&#8221; | Taller de dibujo Infantil por Diego Sequeira (Club de Infancias)<\/p>\n<p>15.30 &#8211; Charla: \u201cDerecho a la Lectura: \u00bfQu\u00e9 es la lectura f\u00e1cil?\u201d Lengua Franca + El Puente Librer\u00eda<\/p>\n<p>16.00 &#8211; Presentaci\u00f3n del libro: \u201cCuentos para conectar-nos\u201d de Violeta Paz, Mar\u00eda Elena Dappello y Mar\u00eda Cecilia Ricca + Bianca Ediciones (Club de Infancias)<\/p>\n<p>17.00 &#8211; Charla: \u201cDe la idea a los lectores\u201d por Diego Javier Rojas (Sala A)<\/p>\n<p>17.00 &#8211;\u00a0 Taller de Fanzines | Taller infantil (Club de Infancias)<\/p>\n<p>17.30 &#8211;\u00a0 Compa\u00f1\u00eda Hipo del Chancho: Actividades recreativas (Club de Infancias)<\/p>\n<p>18.00 &#8211; Taller de Dibujo y Poes\u00eda: &#8220;Agasajo&#8221; por Ana Clara y Ailen D&#8217;Amico (Sala A)<\/p>\n<p>18.30 &#8211; &#8220;Show del globo: Cirilo Champi\u00f1on&#8221; (Club de Infancias)<\/p>\n<p>19.00 &#8211; Obra de Teatro: &#8220;Postales&#8221; con las actuaciones de Fernanda Moraga y Laura Tropea | Direcci\u00f3n: Pablo Fredes | Escenograf\u00eda: Maiky Hatrick<\/p>\n<p>20.00 &#8211; Charla: \u201cLa arquitectura de la mentira\u201d por Pablo Ramos (Sala A)<\/p>\n<p>21.00 &#8211; Cierre Musical: La Maywa (Sala Feria)<\/p>\n<p>&nbsp;<\/p>\n<p>Toda la info del festival est\u00e1 disponible <a href=\"https:\/\/instagram.com\/festivaldellibroolavarria?igshid=OGQ5ZDc2ODk2ZA==\" target=\"_blank\" rel=\"noopener\">en este link<\/a> y ac\u00e1 pod\u00e9s acceder al <a href=\"https:\/\/drive.google.com\/file\/d\/1RMuyjWkcSLFzdbQg6Z8hhAzkll2EN9gw\/view?usp=sharing\" target=\"_blank\" rel=\"noopener\">cronograma digital<\/a>.<\/p>\n<p>&nbsp;<\/p>\n","protected":false},"excerpt":{"rendered":"<p>Adem\u00e1s indic\u00f3 que \u201ctodos los fines de semana tienen que estar cargados de propuestas para las familias de Olavarr\u00eda\u201d. \u00a0C\u00f3mo<\/p>\n","protected":false},"author":4,"featured_media":90202,"comment_status":"closed","ping_status":"closed","sticky":false,"template":"","format":"standard","meta":{"_jetpack_memberships_contains_paid_content":false,"footnotes":""},"categories":[4,1],"tags":[],"class_list":["post-90344","post","type-post","status-publish","format-standard","has-post-thumbnail","hentry","category-politica","category-portada"],"jetpack_featured_media_url":"https:\/\/i0.wp.com\/cdnoticias.com\/wp-content\/uploads\/2023\/07\/WhatsApp-Image-2023-07-14-at-21.31.48.jpeg?fit=1600%2C1064&ssl=1","jetpack_sharing_enabled":true,"_links":{"self":[{"href":"https:\/\/cdnoticias.com\/index.php\/wp-json\/wp\/v2\/posts\/90344","targetHints":{"allow":["GET"]}}],"collection":[{"href":"https:\/\/cdnoticias.com\/index.php\/wp-json\/wp\/v2\/posts"}],"about":[{"href":"https:\/\/cdnoticias.com\/index.php\/wp-json\/wp\/v2\/types\/post"}],"author":[{"embeddable":true,"href":"https:\/\/cdnoticias.com\/index.php\/wp-json\/wp\/v2\/users\/4"}],"replies":[{"embeddable":true,"href":"https:\/\/cdnoticias.com\/index.php\/wp-json\/wp\/v2\/comments?post=90344"}],"version-history":[{"count":0,"href":"https:\/\/cdnoticias.com\/index.php\/wp-json\/wp\/v2\/posts\/90344\/revisions"}],"wp:featuredmedia":[{"embeddable":true,"href":"https:\/\/cdnoticias.com\/index.php\/wp-json\/wp\/v2\/media\/90202"}],"wp:attachment":[{"href":"https:\/\/cdnoticias.com\/index.php\/wp-json\/wp\/v2\/media?parent=90344"}],"wp:term":[{"taxonomy":"category","embeddable":true,"href":"https:\/\/cdnoticias.com\/index.php\/wp-json\/wp\/v2\/categories?post=90344"},{"taxonomy":"post_tag","embeddable":true,"href":"https:\/\/cdnoticias.com\/index.php\/wp-json\/wp\/v2\/tags?post=90344"}],"curies":[{"name":"wp","href":"https:\/\/api.w.org\/{rel}","templated":true}]}}