{"id":90324,"date":"2023-07-16T10:28:29","date_gmt":"2023-07-16T13:28:29","guid":{"rendered":"https:\/\/www.centraldenoticias.com.ar\/?p=90324"},"modified":"2023-07-16T13:03:09","modified_gmt":"2023-07-16T16:03:09","slug":"se-oficializaron-las-listas-hay-18-precandidatos-a-intendente-de-olavarria","status":"publish","type":"post","link":"https:\/\/cdnoticias.com\/index.php\/2023\/07\/16\/se-oficializaron-las-listas-hay-18-precandidatos-a-intendente-de-olavarria\/","title":{"rendered":"Se oficializaron las listas: hay 18 precandidatos a intendente de Olavarr\u00eda"},"content":{"rendered":"<p>Tres sectores tendr\u00e1n PASO: Juntos por el Cambio, Uni\u00f3n por la Patria y Frente de Izquierda. Adem\u00e1s, hay 23 listas con precandidatos a diputados y 26 en competencia por la Gobernaci\u00f3n bonaerense.<\/p>\n<p><!--more--><\/p>\n<hr \/>\n<p>La<strong> Junta Electoral de la provincia de Buenos Aires<\/strong> oficializ\u00f3 las <strong>listas de precandidatos para las PASO<\/strong> y entre el jueves y el s\u00e1bado hizo p\u00fablicas las n\u00f3minas.<\/p>\n<p>&nbsp;<\/p>\n<p>Todas las previsiones quedaron cortas: <strong>hay 18 listas de precandidatos en la Primaria para la intendencia de Olavarr\u00eda<\/strong>. De esas 18 listas, <strong>ocho van a competir en las PASO de Juntos por el Cambio, Uni\u00f3n por la Patria y Frente de Izquierda<\/strong>.<\/p>\n<p>&nbsp;<\/p>\n<p>Las restantes 10 buscar\u00e1n <strong>superar el piso de 1,5%<\/strong> de los votos v\u00e1lidos emitidos para poder presentarse en las generales.<\/p>\n<p>&nbsp;<\/p>\n<p>En tanto, tambi\u00e9n se oficializaron <strong>23 listas de precandidatos a diputados provinciales<\/strong> por la S\u00e9ptima secci\u00f3n y <strong>26 de precandidatos para la gobernaci\u00f3n<\/strong> de la provincia de Buenos Aires.<\/p>\n<p>&nbsp;<\/p>\n<h2>Listas locales<\/h2>\n<p>&nbsp;<\/p>\n<p>De las novedades que dej\u00f3 la informaci\u00f3n de la Junta Electoral, es que<strong> el FIT tendr\u00e1 internas en Olavarr\u00eda<\/strong>. En realidad es una confirmaci\u00f3n, ya que la PASO a nivel provincial y seccional advert\u00eda que en el plano local iba a pasar lo mismo.<\/p>\n<p>&nbsp;<\/p>\n<p>Las listas en carrera son <strong>\u201cUnidad de Luchadores y la Izquierda\u201d<\/strong> que tiene a <strong>Agust\u00edn Mestralet<\/strong> como precandidato a intendente y <strong>\u201cUnir y Fortalecer la Izquierda 1A\u201d<\/strong> con <strong>Horacio Marcelo Ripoll<\/strong>.<\/p>\n<p>&nbsp;<\/p>\n<p>En tanto, por<strong> Juntos por el Cambio<\/strong> y por <strong>Uni\u00f3n por la Patria<\/strong> se oficializaron las tres listas en cada uno de los frentes. En el caso de JxC se cuenta<strong> la lista del actual intendente, Ezequiel Galli.<\/strong><\/p>\n<p>&nbsp;<\/p>\n<p>Las otras listas que ya se conoc\u00edan y quedaron formalmente en carrera para el 13 de agosto son<strong> La Libertad Avanza<\/strong> (Celeste Arouxet es la precandidata a intendenta), <strong>MAS<\/strong> (Alejandro Schmale), <strong>Principios y Valores<\/strong> (Alan Aguirre) y <strong>Frente Federal de Acci\u00f3n Solidaria<\/strong> (Francisco Errobidart).<\/p>\n<p>&nbsp;<\/p>\n<p>Adem\u00e1s, registraron listas de precandidatos para la PASO en Olavarr\u00eda <strong>Copebo<\/strong> (Karina Andrea Braunschweig es precandidata a la intendencia), <strong>Encuentro Republicano Federal<\/strong> (H\u00e9ctor Pacheco), <strong>Esperanza del Pueblo<\/strong> (Karina Esther Fern\u00e1ndez), <strong>Justicia y Dignidad Patri\u00f3tica<\/strong> (Mat\u00edas Jos\u00e9 Andrada), <strong>Liber.Ar<\/strong> (Adri\u00e1n Agust\u00edn N\u00fa\u00f1ez) y <strong>Movimiento de Integraci\u00f3n Federal<\/strong> (Rodolfo Daniel Rom\u00e1n).<\/p>\n<p>&nbsp;<\/p>\n<h2>Seccional<\/h2>\n<p>&nbsp;<\/p>\n<p>El<strong> Frente de Izquierda<\/strong> y <strong>Juntos por el Cambio<\/strong> son los \u00fanicos dos frentes que <strong>van a tener PASO en agosto<\/strong>. En cada sector se inscribieron dos listas en competencia.<\/p>\n<p>&nbsp;<\/p>\n<p>Por JxC, en la lista <strong>\u201cFalta menos para vivir sin miedo\u201d<\/strong> encabeza el olavarriense <strong>Mart\u00edn Endere<\/strong>; y por la lista <strong>\u201cLa fuerza del cambio\u201d<\/strong> la primera precandidata es la saladillense <strong>Mar\u00eda Alejandra Lorden<\/strong>, actual diputada.<\/p>\n<p>&nbsp;<\/p>\n<p>En el FIT, las listas son <strong>\u201cUnidad de Luchadores y la Izquierda\u201d<\/strong> que tiene al olavarriense <strong>Carlos Gil<\/strong> como primer precandidato y <strong>\u201cUnir y Fortalecer la Izquierda 1A\u201d<\/strong> con <strong>Gustavo Rubio<\/strong> en el primer lugar.<\/p>\n<p>&nbsp;<\/p>\n<p>Las restantes listas registradas son <em>Buenos Aires Aires Primero, Confianza P\u00fablica, Copebo, Encuentro Republicano Federal, Esperanza del Pueblo, Frente Federal de Acci\u00f3n Solidaria, Justicia y Dignidad Patri\u00f3tica, La Libertad Avanza, Liber.Ar, MAS, Movimiento de Integraci\u00f3n Federal, Movimiento Libres del Sur, Partido Frente Patriota Federal, Pol\u00edtica Obrera, Principios y Valores, Todos por Buenos Aires, Unidad Social, Proyecto Joven y Uni\u00f3n por la Patria<\/em>.<\/p>\n<p>&nbsp;<\/p>\n<h2>Gobernaci\u00f3n<\/h2>\n<p>&nbsp;<\/p>\n<p>De las<strong> 26 listas inscriptas<\/strong> con precandidatos a la gobernaci\u00f3n, <strong>cuatro de ellas competir\u00e1n en las PASO<\/strong>.<\/p>\n<p>&nbsp;<\/p>\n<p>En <strong>Juntos por el Cambio<\/strong> la lista \u201cFalta menos para vivir sin miedo\u201d lleva a la f\u00f3rmula <strong>Diego Santilli-Gustavo Posse<\/strong>; y por la lista \u201cLa fuerza del cambio\u201d se cuentan <strong>N\u00e9stor Grindetti-Miguel Fern\u00e1ndez<\/strong>.<\/p>\n<p>&nbsp;<\/p>\n<p>En tanto, en el <strong>FIT<\/strong> los precandidatos son <strong>Alejandro Bodart-Jimena Lettieri<\/strong> por \u201cUnidad de Luchadores y la Izquierda\u201d y <strong>Rub\u00e9n Sobrero-Seligra Gonz\u00e1lez<\/strong> en \u201cUnir y Fortalecer la Izquierda 1A\u201d.<\/p>\n<p>&nbsp;<\/p>\n<p>Por el frente<strong> Uni\u00f3n por la Patria<\/strong> se inscribi\u00f3 una \u00fanica lista: <strong>Axel Kicillof-Ver\u00f3nica Magario<\/strong>, quienes buscan la reelecci\u00f3n.<\/p>\n<p>&nbsp;<\/p>\n<p>Los restantes partidos y alianzas que tendr\u00e1n boletas en las mesas de votaci\u00f3n son: <em>Buenos Aires Primero, Celeste Provida, Confianza P\u00fablica, Copebo, Encuentro Republicano Federal, Esperanza del Pueblo, Frente Federal de Acci\u00f3n Solidaria, Justicia y Dignidad Patri\u00f3tica, La Libertad Avanza, Liber.Ar, MAS, Movimiento de Integraci\u00f3n Federal, Libres del Sur, Partido Pa\u00eds, Partido Frente Patriota Federal, Partido Pol\u00edtica Obrera, Principios y Valores, Unidad Social, Vocaci\u00f3n Social, Proyecto Joven y Todos por Buenos Aires.<\/em><\/p>\n<p>&nbsp;<\/p>\n","protected":false},"excerpt":{"rendered":"<p>Tres sectores tendr\u00e1n PASO: Juntos por el Cambio, Uni\u00f3n por la Patria y Frente de Izquierda. Adem\u00e1s, hay 23 listas<\/p>\n","protected":false},"author":4,"featured_media":32925,"comment_status":"closed","ping_status":"closed","sticky":false,"template":"","format":"standard","meta":{"_jetpack_memberships_contains_paid_content":false,"footnotes":""},"categories":[4,1],"tags":[],"class_list":["post-90324","post","type-post","status-publish","format-standard","has-post-thumbnail","hentry","category-politica","category-portada"],"jetpack_featured_media_url":"https:\/\/i0.wp.com\/cdnoticias.com\/wp-content\/uploads\/2021\/09\/DIB-boletas-elecciones-3-696x464.jpg?fit=696%2C464&ssl=1","jetpack_sharing_enabled":true,"_links":{"self":[{"href":"https:\/\/cdnoticias.com\/index.php\/wp-json\/wp\/v2\/posts\/90324","targetHints":{"allow":["GET"]}}],"collection":[{"href":"https:\/\/cdnoticias.com\/index.php\/wp-json\/wp\/v2\/posts"}],"about":[{"href":"https:\/\/cdnoticias.com\/index.php\/wp-json\/wp\/v2\/types\/post"}],"author":[{"embeddable":true,"href":"https:\/\/cdnoticias.com\/index.php\/wp-json\/wp\/v2\/users\/4"}],"replies":[{"embeddable":true,"href":"https:\/\/cdnoticias.com\/index.php\/wp-json\/wp\/v2\/comments?post=90324"}],"version-history":[{"count":0,"href":"https:\/\/cdnoticias.com\/index.php\/wp-json\/wp\/v2\/posts\/90324\/revisions"}],"wp:featuredmedia":[{"embeddable":true,"href":"https:\/\/cdnoticias.com\/index.php\/wp-json\/wp\/v2\/media\/32925"}],"wp:attachment":[{"href":"https:\/\/cdnoticias.com\/index.php\/wp-json\/wp\/v2\/media?parent=90324"}],"wp:term":[{"taxonomy":"category","embeddable":true,"href":"https:\/\/cdnoticias.com\/index.php\/wp-json\/wp\/v2\/categories?post=90324"},{"taxonomy":"post_tag","embeddable":true,"href":"https:\/\/cdnoticias.com\/index.php\/wp-json\/wp\/v2\/tags?post=90324"}],"curies":[{"name":"wp","href":"https:\/\/api.w.org\/{rel}","templated":true}]}}