{"id":90311,"date":"2023-07-15T19:31:25","date_gmt":"2023-07-15T22:31:25","guid":{"rendered":"https:\/\/www.centraldenoticias.com.ar\/?p=90311"},"modified":"2023-07-15T19:31:25","modified_gmt":"2023-07-15T22:31:25","slug":"principios-y-valores-presento-su-lista-de-precandidatos","status":"publish","type":"post","link":"https:\/\/cdnoticias.com\/index.php\/2023\/07\/15\/principios-y-valores-presento-su-lista-de-precandidatos\/","title":{"rendered":"Principios y Valores present\u00f3 su lista de precandidatos"},"content":{"rendered":"<p>El sector que se referencia en Guillermo Moreno lleva a Alan Aguirre como principal figura local. Se dio a conocer el plan de gobierno denominado \u201cOlavarr\u00eda del Bicentenario\u201d.<\/p>\n<p><!--more--><\/p>\n<hr \/>\n<p><strong>Este s\u00e1bado se present\u00f3 la lista de precandidatos de Principios y Valores<\/strong>. El <strong>candidato a intendente es Alan Aguirre<\/strong>, quien fue el principal orador del acto en la sede partidaria de San Mart\u00edn al 2800.<\/p>\n<p>&nbsp;<\/p>\n<p>Con sillas en la calle y aprovechando el sol de la tarde, se mont\u00f3 un espacio para que ocupen c\u00f3modamente los presentes, delimitado con las <strong>banderas de la Juventud Peronista, Partido Miles y Agrupaci\u00f3n Generaci\u00f3n Bicentenario<\/strong>, las tres fuerzas que confluyeron en el armado adem\u00e1s de vecinos independientes. Asimismo, estuvieron en el acto precandidatos de Principios y Valores de la ciudad de Azul.<\/p>\n<p>&nbsp;<\/p>\n<p><img data-recalc-dims=\"1\" loading=\"lazy\" decoding=\"async\" class=\"size-full wp-image-90313 aligncenter\" src=\"https:\/\/i0.wp.com\/cdnoticias.com\/wp-content\/uploads\/2023\/07\/lista-principios-y-valores-alan-aguirre-01.jpg?resize=800%2C445&#038;ssl=1\" alt=\"\" width=\"800\" height=\"445\" srcset=\"https:\/\/i0.wp.com\/cdnoticias.com\/wp-content\/uploads\/2023\/07\/lista-principios-y-valores-alan-aguirre-01.jpg?w=800&amp;ssl=1 800w, https:\/\/i0.wp.com\/cdnoticias.com\/wp-content\/uploads\/2023\/07\/lista-principios-y-valores-alan-aguirre-01.jpg?resize=300%2C167&amp;ssl=1 300w, https:\/\/i0.wp.com\/cdnoticias.com\/wp-content\/uploads\/2023\/07\/lista-principios-y-valores-alan-aguirre-01.jpg?resize=768%2C427&amp;ssl=1 768w\" sizes=\"auto, (max-width: 800px) 100vw, 800px\" \/><\/p>\n<p>&nbsp;<\/p>\n<p>Con muchas <strong>referencias a las propuestas de Guillermo Moreno<\/strong>, el precandidato a presidente y principal figura del sector, y tras subrayar los principios del peronismo <strong>se presentaron los precandidatos a diputados seccionales, a concejales y consejeros escolares de la lista<\/strong>.<\/p>\n<p>&nbsp;<\/p>\n<blockquote><p>\u201cLas familias est\u00e1n muy complicadas, no llegan a fin de mes y estamos en una situaci\u00f3n en la que vemos un desgobierno\u201d dijo Aguirre para definir la motivaci\u00f3n de la presentaci\u00f3n de la lista \u201csi no tenemos representaci\u00f3n, ac\u00e1 estamos compa\u00f1eros, dimos un paso al frente para poner el hombro y tener una representaci\u00f3n verdadera. Vecinos comunes, por qu\u00e9 no podemos integrar una lista y presentarnos a elecciones\u201d.<\/p><\/blockquote>\n<p>&nbsp;<\/p>\n<p><img data-recalc-dims=\"1\" loading=\"lazy\" decoding=\"async\" class=\"size-full wp-image-90316 aligncenter\" src=\"https:\/\/i0.wp.com\/cdnoticias.com\/wp-content\/uploads\/2023\/07\/lista-principios-y-valores-alan-aguirre-04-pablo-dirgam.jpg?resize=800%2C445&#038;ssl=1\" alt=\"\" width=\"800\" height=\"445\" srcset=\"https:\/\/i0.wp.com\/cdnoticias.com\/wp-content\/uploads\/2023\/07\/lista-principios-y-valores-alan-aguirre-04-pablo-dirgam.jpg?w=800&amp;ssl=1 800w, https:\/\/i0.wp.com\/cdnoticias.com\/wp-content\/uploads\/2023\/07\/lista-principios-y-valores-alan-aguirre-04-pablo-dirgam.jpg?resize=300%2C167&amp;ssl=1 300w, https:\/\/i0.wp.com\/cdnoticias.com\/wp-content\/uploads\/2023\/07\/lista-principios-y-valores-alan-aguirre-04-pablo-dirgam.jpg?resize=768%2C427&amp;ssl=1 768w\" sizes=\"auto, (max-width: 800px) 100vw, 800px\" \/><\/p>\n<p>&nbsp;<\/p>\n<p>En ese marco, dio a conocer el <strong>plan de gobierno local al que denomin\u00f3 \u201cOlavarr\u00eda del Bicentenario\u201d<\/strong> y destac\u00f3 <em>\u201csomos parte de una generaci\u00f3n que queremos volver a tener futuro\u201d<\/em>.<\/p>\n<p>&nbsp;<\/p>\n<p>Sobre el plan de gobierno fue presentando proyectos y medidas vinculadas. Reiter\u00f3 que<strong> \u201cnuestro programa se basa en la educaci\u00f3n y el trabajo\u201d<\/strong> y resalt\u00f3 la importancia de conformar <strong>\u201cun gobierno transparente con funcionarios que sean ejemplo de moralidad, que tanta falta hace\u201d<\/strong>.<\/p>\n<p>&nbsp;<\/p>\n<p><img data-recalc-dims=\"1\" loading=\"lazy\" decoding=\"async\" class=\"size-full wp-image-90315 aligncenter\" src=\"https:\/\/i0.wp.com\/cdnoticias.com\/wp-content\/uploads\/2023\/07\/lista-principios-y-valores-alan-aguirre-03-yael-pueyrredon.jpg?resize=800%2C445&#038;ssl=1\" alt=\"\" width=\"800\" height=\"445\" srcset=\"https:\/\/i0.wp.com\/cdnoticias.com\/wp-content\/uploads\/2023\/07\/lista-principios-y-valores-alan-aguirre-03-yael-pueyrredon.jpg?w=800&amp;ssl=1 800w, https:\/\/i0.wp.com\/cdnoticias.com\/wp-content\/uploads\/2023\/07\/lista-principios-y-valores-alan-aguirre-03-yael-pueyrredon.jpg?resize=300%2C167&amp;ssl=1 300w, https:\/\/i0.wp.com\/cdnoticias.com\/wp-content\/uploads\/2023\/07\/lista-principios-y-valores-alan-aguirre-03-yael-pueyrredon.jpg?resize=768%2C427&amp;ssl=1 768w\" sizes=\"auto, (max-width: 800px) 100vw, 800px\" \/><\/p>\n<p>&nbsp;<\/p>\n<p>Luego enumer\u00f3 los principales puntos: <strong>\u201cseguridad, salud, vivienda y empleo\u201d<\/strong> para se\u00f1alar que \u201cvemos con preocupaci\u00f3n, recorriendo los barrios que muchas <strong>situaciones de marginalidad<\/strong> no son advertidas por los funcionarios que gestionan en la comodidad de sus escritorios. As\u00ed no se puede gobernar\u201d.<\/p>\n<p>&nbsp;<\/p>\n<p>A lo largo de su discurso, Alan Aguirre plante\u00f3 como propuestas de gesti\u00f3n local <strong>\u201cdesarrollo e integraci\u00f3n con participaci\u00f3n de todos los vecinos\u201d<\/strong>, lo contrast\u00f3 con que \u201ceste municipio es imposible de gobernar encerrado en el Palacio o no estando en Olavarr\u00eda. Hay que caminar los barrios\u201d. Propuso<strong> \u201cimplementar los centros de participaci\u00f3n comunal\u201d<\/strong> con convocatoria a vecinos y asistencia de todas las \u00e1reas de gobierno.<\/p>\n<p>&nbsp;<\/p>\n<p><img data-recalc-dims=\"1\" loading=\"lazy\" decoding=\"async\" class=\"size-full wp-image-90314 aligncenter\" src=\"https:\/\/i0.wp.com\/cdnoticias.com\/wp-content\/uploads\/2023\/07\/lista-principios-y-valores-alan-aguirre-02-pamela-tagliaferro.jpg?resize=800%2C445&#038;ssl=1\" alt=\"\" width=\"800\" height=\"445\" srcset=\"https:\/\/i0.wp.com\/cdnoticias.com\/wp-content\/uploads\/2023\/07\/lista-principios-y-valores-alan-aguirre-02-pamela-tagliaferro.jpg?w=800&amp;ssl=1 800w, https:\/\/i0.wp.com\/cdnoticias.com\/wp-content\/uploads\/2023\/07\/lista-principios-y-valores-alan-aguirre-02-pamela-tagliaferro.jpg?resize=300%2C167&amp;ssl=1 300w, https:\/\/i0.wp.com\/cdnoticias.com\/wp-content\/uploads\/2023\/07\/lista-principios-y-valores-alan-aguirre-02-pamela-tagliaferro.jpg?resize=768%2C427&amp;ssl=1 768w\" sizes=\"auto, (max-width: 800px) 100vw, 800px\" \/><\/p>\n<p>&nbsp;<\/p>\n<p>Otro de los planteos del precandidato fue: <strong>\u201ccreemos que hay una emergencia habitacional en Olavarr\u00eda\u201d<\/strong> para lo que indic\u00f3 el objetivo de \u201cgarantizar el acceso a una vivienda digna\u201d. \u201cVamos a apoyar a todas las obras que se est\u00e9n realizando, ya sean de origen nacional, provincial, sindical o de otras instituciones\u201d, al tiempo que impuls\u00f3 un \u201cplan de vivienda con fondos municipales\u201d, \u201cactualizar el banco de tierras\u201d y \u201ccrear una secretar\u00eda de vivienda\u201d.<\/p>\n<p>&nbsp;<\/p>\n<p>Sigui\u00f3 despu\u00e9s con propuestas referidas a <strong>salud<\/strong> -\u201cmejorar la atenci\u00f3n en el hospital municipal y potenciar a los operadores de calle\u201d-, <strong>empleo y producci\u00f3n<\/strong> \u2013\u201ccontar con un matadero municipal\u201d- y <strong>obra p\u00fablica<\/strong> \u2013\u201cincluir partidas para mejoramiento de las calles\u201d-.<\/p>\n<p>&nbsp;<\/p>\n<p>Durante la presentaci\u00f3n de todos los precandidatos, varios de ellos tomaron la palabra y expusieron brevemente frente a la audiencia.<\/p>\n<p>&nbsp;<\/p>\n<p><img data-recalc-dims=\"1\" loading=\"lazy\" decoding=\"async\" class=\"size-full wp-image-90317 aligncenter\" src=\"https:\/\/i0.wp.com\/cdnoticias.com\/wp-content\/uploads\/2023\/07\/lista-principios-y-valores-alan-aguirre-05.jpg?resize=800%2C445&#038;ssl=1\" alt=\"\" width=\"800\" height=\"445\" srcset=\"https:\/\/i0.wp.com\/cdnoticias.com\/wp-content\/uploads\/2023\/07\/lista-principios-y-valores-alan-aguirre-05.jpg?w=800&amp;ssl=1 800w, https:\/\/i0.wp.com\/cdnoticias.com\/wp-content\/uploads\/2023\/07\/lista-principios-y-valores-alan-aguirre-05.jpg?resize=300%2C167&amp;ssl=1 300w, https:\/\/i0.wp.com\/cdnoticias.com\/wp-content\/uploads\/2023\/07\/lista-principios-y-valores-alan-aguirre-05.jpg?resize=768%2C427&amp;ssl=1 768w\" sizes=\"auto, (max-width: 800px) 100vw, 800px\" \/><\/p>\n<p>&nbsp;<\/p>\n<p>La<strong> segunda precandidata a concejal, Yael Pueyrred\u00f3n<\/strong>, cont\u00f3 que con el Partido Miles \u201ca trav\u00e9s de planes venimos ayudando a escuelas y jardines, a trav\u00e9s del reciclado tambi\u00e9n, concientizando desde esa parte. Estamos dispuestos y disponibles para ayudar en lo que sea\u201d.<\/p>\n<p>&nbsp;<\/p>\n<p>El <strong>primer precandidato al HCD, Pablo Dirgam<\/strong>, record\u00f3 la participaci\u00f3n en las elecciones de 2021 de Principios y Valores. Destac\u00f3 que \u201cla educaci\u00f3n y el trabajo son la base de toda sociedad. Si no volvemos a esos principios y valores b\u00e1sicos no vamos a poder avanzar\u201d.<\/p>\n<p>&nbsp;<\/p>\n","protected":false},"excerpt":{"rendered":"<p>El sector que se referencia en Guillermo Moreno lleva a Alan Aguirre como principal figura local. Se dio a conocer<\/p>\n","protected":false},"author":4,"featured_media":90312,"comment_status":"closed","ping_status":"closed","sticky":false,"template":"","format":"standard","meta":{"_jetpack_memberships_contains_paid_content":false,"footnotes":""},"categories":[4,1],"tags":[],"class_list":["post-90311","post","type-post","status-publish","format-standard","has-post-thumbnail","hentry","category-politica","category-portada"],"jetpack_featured_media_url":"https:\/\/i0.wp.com\/cdnoticias.com\/wp-content\/uploads\/2023\/07\/lista-principios-y-valores-alan-aguirre-00.jpg?fit=800%2C445&ssl=1","jetpack_sharing_enabled":true,"_links":{"self":[{"href":"https:\/\/cdnoticias.com\/index.php\/wp-json\/wp\/v2\/posts\/90311","targetHints":{"allow":["GET"]}}],"collection":[{"href":"https:\/\/cdnoticias.com\/index.php\/wp-json\/wp\/v2\/posts"}],"about":[{"href":"https:\/\/cdnoticias.com\/index.php\/wp-json\/wp\/v2\/types\/post"}],"author":[{"embeddable":true,"href":"https:\/\/cdnoticias.com\/index.php\/wp-json\/wp\/v2\/users\/4"}],"replies":[{"embeddable":true,"href":"https:\/\/cdnoticias.com\/index.php\/wp-json\/wp\/v2\/comments?post=90311"}],"version-history":[{"count":0,"href":"https:\/\/cdnoticias.com\/index.php\/wp-json\/wp\/v2\/posts\/90311\/revisions"}],"wp:featuredmedia":[{"embeddable":true,"href":"https:\/\/cdnoticias.com\/index.php\/wp-json\/wp\/v2\/media\/90312"}],"wp:attachment":[{"href":"https:\/\/cdnoticias.com\/index.php\/wp-json\/wp\/v2\/media?parent=90311"}],"wp:term":[{"taxonomy":"category","embeddable":true,"href":"https:\/\/cdnoticias.com\/index.php\/wp-json\/wp\/v2\/categories?post=90311"},{"taxonomy":"post_tag","embeddable":true,"href":"https:\/\/cdnoticias.com\/index.php\/wp-json\/wp\/v2\/tags?post=90311"}],"curies":[{"name":"wp","href":"https:\/\/api.w.org\/{rel}","templated":true}]}}