{"id":90308,"date":"2023-07-15T18:52:56","date_gmt":"2023-07-15T21:52:56","guid":{"rendered":"https:\/\/www.centraldenoticias.com.ar\/?p=90308"},"modified":"2023-07-16T10:29:03","modified_gmt":"2023-07-16T13:29:03","slug":"alerta-por-el-frio-en-olavarria","status":"publish","type":"post","link":"https:\/\/cdnoticias.com\/index.php\/2023\/07\/15\/alerta-por-el-frio-en-olavarria\/","title":{"rendered":"Alerta por el fr\u00edo en Olavarr\u00eda"},"content":{"rendered":"<p>El SMN emiti\u00f3 un aviso por \u201ctemperatura extrema\u201d que abarca a gran parte de la provincia de Buenos Aires. Para nuestra zona se prev\u00e9 una m\u00ednima de -2\u00ba esta madrugada.<\/p>\n<p><!--more--><\/p>\n<hr \/>\n<p>El<strong> Servicio Meteorol\u00f3gico Nacional<\/strong> emiti\u00f3 un <strong>aviso por \u201ctemperatura extrema\u201d<\/strong> que abarca a gran parte de la <strong>provincia de Buenos Aires<\/strong>.<\/p>\n<p>&nbsp;<\/p>\n<p>Es un <strong>alerta de nivel amarillo<\/strong> por el fr\u00edo que incluye a <strong>Olavarr\u00eda<\/strong>, La Madrid y Laprida. Para nuestra zona se prev\u00e9 una <strong>m\u00ednima de 2\u00ba bajo cero esta madrugada<\/strong> y la m\u00e1xima prevista es de 10\u00ba. El viento se mantendr\u00e1 moderado del sector sudoeste con r\u00e1fagas de hasta 22 kil\u00f3metros por hora.<\/p>\n<p>&nbsp;<\/p>\n<p><img data-recalc-dims=\"1\" loading=\"lazy\" decoding=\"async\" class=\"size-full wp-image-90309 aligncenter\" src=\"https:\/\/i0.wp.com\/cdnoticias.com\/wp-content\/uploads\/2023\/07\/SMN-frio-extremo.jpg?resize=700%2C538&#038;ssl=1\" alt=\"\" width=\"700\" height=\"538\" srcset=\"https:\/\/i0.wp.com\/cdnoticias.com\/wp-content\/uploads\/2023\/07\/SMN-frio-extremo.jpg?w=700&amp;ssl=1 700w, https:\/\/i0.wp.com\/cdnoticias.com\/wp-content\/uploads\/2023\/07\/SMN-frio-extremo.jpg?resize=300%2C231&amp;ssl=1 300w\" sizes=\"auto, (max-width: 700px) 100vw, 700px\" \/><\/p>\n<p>&nbsp;<\/p>\n<blockquote><p>El SMN explic\u00f3 que el nivel amarillo implica \u201cefecto leve a moderado en la salud\u201d. Se esperan temperaturas extremas que \u201cpueden ser peligrosas, sobre todo para los grupos de riesgo, como ni\u00f1os y ni\u00f1as, personas mayores de 65 a\u00f1os, con enfermedades cr\u00f3nicas\u201d.<\/p><\/blockquote>\n<p>&nbsp;<\/p>\n<p>Este <strong>s\u00e1bado<\/strong> tambi\u00e9n estuvo muy fr\u00edo en Olavarr\u00eda. La Estaci\u00f3n Meteorol\u00f3gica local inform\u00f3 que<strong> la temperatura m\u00ednima se registr\u00f3 a las 7.30 y fue de 3,1\u00ba<\/strong>. En tanto, la m\u00e1xima se dio a las 15.45 y fue de 12,2\u00ba.<\/p>\n<p>&nbsp;<\/p>\n<p>&nbsp;<\/p>\n","protected":false},"excerpt":{"rendered":"<p>El SMN emiti\u00f3 un aviso por \u201ctemperatura extrema\u201d que abarca a gran parte de la provincia de Buenos Aires. Para<\/p>\n","protected":false},"author":4,"featured_media":90120,"comment_status":"closed","ping_status":"closed","sticky":false,"template":"","format":"standard","meta":{"_jetpack_memberships_contains_paid_content":false,"footnotes":""},"categories":[5],"tags":[],"class_list":["post-90308","post","type-post","status-publish","format-standard","has-post-thumbnail","hentry","category-informacion-general"],"jetpack_featured_media_url":"https:\/\/i0.wp.com\/cdnoticias.com\/wp-content\/uploads\/2023\/07\/helada-parque-01.jpg?fit=800%2C445&ssl=1","jetpack_sharing_enabled":true,"_links":{"self":[{"href":"https:\/\/cdnoticias.com\/index.php\/wp-json\/wp\/v2\/posts\/90308","targetHints":{"allow":["GET"]}}],"collection":[{"href":"https:\/\/cdnoticias.com\/index.php\/wp-json\/wp\/v2\/posts"}],"about":[{"href":"https:\/\/cdnoticias.com\/index.php\/wp-json\/wp\/v2\/types\/post"}],"author":[{"embeddable":true,"href":"https:\/\/cdnoticias.com\/index.php\/wp-json\/wp\/v2\/users\/4"}],"replies":[{"embeddable":true,"href":"https:\/\/cdnoticias.com\/index.php\/wp-json\/wp\/v2\/comments?post=90308"}],"version-history":[{"count":0,"href":"https:\/\/cdnoticias.com\/index.php\/wp-json\/wp\/v2\/posts\/90308\/revisions"}],"wp:featuredmedia":[{"embeddable":true,"href":"https:\/\/cdnoticias.com\/index.php\/wp-json\/wp\/v2\/media\/90120"}],"wp:attachment":[{"href":"https:\/\/cdnoticias.com\/index.php\/wp-json\/wp\/v2\/media?parent=90308"}],"wp:term":[{"taxonomy":"category","embeddable":true,"href":"https:\/\/cdnoticias.com\/index.php\/wp-json\/wp\/v2\/categories?post=90308"},{"taxonomy":"post_tag","embeddable":true,"href":"https:\/\/cdnoticias.com\/index.php\/wp-json\/wp\/v2\/tags?post=90308"}],"curies":[{"name":"wp","href":"https:\/\/api.w.org\/{rel}","templated":true}]}}