{"id":90283,"date":"2023-07-16T10:35:25","date_gmt":"2023-07-16T13:35:25","guid":{"rendered":"https:\/\/www.centraldenoticias.com.ar\/?p=90283"},"modified":"2023-07-16T13:03:23","modified_gmt":"2023-07-16T16:03:23","slug":"coopelectric-charla-sobre-energia-solar-en-espigas","status":"publish","type":"post","link":"https:\/\/cdnoticias.com\/index.php\/2023\/07\/16\/coopelectric-charla-sobre-energia-solar-en-espigas\/","title":{"rendered":"Coopelectric: charla sobre energ\u00eda solar en Espigas"},"content":{"rendered":"<p>La charla fue destinada a estudiantes del Centro Educativo para la Producci\u00f3n Total (CEPT) N\u00ba 8.\u00a0Fue dictada por el gerente de Operaciones y Calidad de Servicio Jorge Vornetti, el subgerente de Asistencia T\u00e9cnica Daniel Pini, el Coordinador de Asistencia T\u00e9cnica Juan Santill\u00e1n y los empleados de la Delegaci\u00f3n de Coopelectric en Espigas Mario Andr\u00e9s Leiza, Alejo Rasposo y Nicol\u00e1s Vera.<\/p>\n<p><!--more--><\/p>\n<hr \/>\n<p><strong>Coopelectric<\/strong> brind\u00f3 una<strong> charla sobre energ\u00eda solar<\/strong> a <strong>estudiantes<\/strong> de tercero y cuarto a\u00f1o del <strong>Centro Educativo para la Producci\u00f3n Total (CEPT) N\u00ba 8 de Espigas. <\/strong><\/p>\n<p>&nbsp;<\/p>\n<p>Fue dictada por el gerente de Operaciones y Calidad de Servicio Jorge Vornetti y estuvieron presentes la docente Andrea Burnet, la profesora Luc\u00eda Fern\u00e1ndez, el coordinador y profesor Germ\u00e1n Caruso, el subgerente de Asistencia T\u00e9cnica Daniel Pini, el Coordinador de Asistencia T\u00e9cnica Juan Santill\u00e1n y los empleados de la Delegaci\u00f3n de Coopelectric en Espigas Mario Andr\u00e9s Leiza, Alejo Rasposo y Nicol\u00e1s Vera.<\/p>\n<p>&nbsp;<\/p>\n<p>En primer lugar, el ingeniero Vornetti se refiri\u00f3 al <strong>calentamiento global<\/strong>, a las emisiones de <strong>gases de efecto invernadero y al cambio clim\u00e1tico<\/strong>, aspectos que &#8220;hoy nos posicionan a nivel mundial frente a la necesidad de profundizar los procesos de transici\u00f3n hacia las energ\u00edas renovables&#8221;.<\/p>\n<p>&nbsp;<\/p>\n<p>En tal sentido, abord\u00f3 la matriz energ\u00e9tica de la Argentina destacando que las <strong>energ\u00edas renovables<\/strong> vienen creciendo y en la actualidad representan el 12,3 % de la generaci\u00f3n.<\/p>\n<p>&nbsp;<\/p>\n<p>\u201cCuando hablamos de energ\u00edas renovables nos referimos a aquellas que no utilizan recursos de origen f\u00f3sil. Se trata de la energ\u00eda e\u00f3lica, la solar fotovoltaica, la geot\u00e9rmica, la biomasa, la mareomotriz y la peque\u00f1a hidr\u00e1ulica\u201d expres\u00f3 Vornetti y a continuaci\u00f3n hizo hincapi\u00e9 en la energ\u00eda fotovoltaica, la cual \u201c<em><strong>consiste b\u00e1sicamente en convertir la luz solar en electricidad\u201d.<\/strong><\/em><\/p>\n<p>&nbsp;<\/p>\n<p>En funci\u00f3n de ello, brind\u00f3 informaci\u00f3n sobre la complejidad del proceso para que eso ocurra, sobre la radiaci\u00f3n solar, los diferentes<strong> tipos de paneles que se comercializan en la actualidad,<\/strong> las caracter\u00edsticas de las instalaciones on-grid (conectadas a la red), off-grid o h\u00edbridas, al dimensionamiento t\u00e9cnico que debe realizarse para abastecer un hogar con energ\u00eda solar y al equipamiento necesario como bater\u00edas, inversores, estructuras para montar los paneles, entre otros temas.<\/p>\n<p>&nbsp;<\/p>\n<p>Otro de los temas en la charla fue la Resoluci\u00f3n N\u00ba 463\/23 del Ministerio de Infraestructura y Servicios P\u00fablicos de la Provincia de Buenos Aires, que hace unos meses aprob\u00f3 las condiciones t\u00e9cnicas, jur\u00eddicas, econ\u00f3micas, contractuales, tarifarias que resultan necesarias para el desarrollo de la generaci\u00f3n domiciliaria por parte de los <strong>usuarios generadores para su autoconsumo<\/strong> y la eventual inyecci\u00f3n de excedentes a la red de distribuci\u00f3n.<\/p>\n<p>&nbsp;<\/p>\n<p>Al mismo tiempo, Vornetti relacion\u00f3 el contenido de la charla con el funcionamiento de los <strong>paneles solares instalados en el predio de la Escuela,<\/strong> permitiendo conceptualizar aquello que a diario los j\u00f3venes vivencian en la instituci\u00f3n. La actividad se complement\u00f3 con la proyecci\u00f3n de im\u00e1genes y con las experiencias desarrolladas por Coopelectric a trav\u00e9s de la colocaci\u00f3n de <strong>paneles solares especialmente en la zona rural.<\/strong><\/p>\n<p>&nbsp;<\/p>\n<p><em>&#8220;Los estudiantes, se vieron interesados en la tem\u00e1tica y a trav\u00e9s de sus consultas y opiniones se evidenci\u00f3 el conocimiento que tienen respecto de esta tecnolog\u00eda, debido a que en muchos establecimientos rurales ya est\u00e1n funcionando instalaciones de esta \u00edndole<\/em>&#8221; cerraron desde Coopelectric.<\/p>\n","protected":false},"excerpt":{"rendered":"<p>La charla fue destinada a estudiantes del Centro Educativo para la Producci\u00f3n Total (CEPT) N\u00ba 8.\u00a0Fue dictada por el gerente<\/p>\n","protected":false},"author":6,"featured_media":90285,"comment_status":"closed","ping_status":"closed","sticky":false,"template":"","format":"standard","meta":{"_jetpack_memberships_contains_paid_content":false,"footnotes":""},"categories":[5],"tags":[],"class_list":["post-90283","post","type-post","status-publish","format-standard","has-post-thumbnail","hentry","category-informacion-general"],"jetpack_featured_media_url":"https:\/\/i0.wp.com\/cdnoticias.com\/wp-content\/uploads\/2023\/07\/Charla-CEPT-N%C2%B0-8-de-Espigas-02.jpeg?fit=1600%2C1200&ssl=1","jetpack_sharing_enabled":true,"_links":{"self":[{"href":"https:\/\/cdnoticias.com\/index.php\/wp-json\/wp\/v2\/posts\/90283","targetHints":{"allow":["GET"]}}],"collection":[{"href":"https:\/\/cdnoticias.com\/index.php\/wp-json\/wp\/v2\/posts"}],"about":[{"href":"https:\/\/cdnoticias.com\/index.php\/wp-json\/wp\/v2\/types\/post"}],"author":[{"embeddable":true,"href":"https:\/\/cdnoticias.com\/index.php\/wp-json\/wp\/v2\/users\/6"}],"replies":[{"embeddable":true,"href":"https:\/\/cdnoticias.com\/index.php\/wp-json\/wp\/v2\/comments?post=90283"}],"version-history":[{"count":0,"href":"https:\/\/cdnoticias.com\/index.php\/wp-json\/wp\/v2\/posts\/90283\/revisions"}],"wp:featuredmedia":[{"embeddable":true,"href":"https:\/\/cdnoticias.com\/index.php\/wp-json\/wp\/v2\/media\/90285"}],"wp:attachment":[{"href":"https:\/\/cdnoticias.com\/index.php\/wp-json\/wp\/v2\/media?parent=90283"}],"wp:term":[{"taxonomy":"category","embeddable":true,"href":"https:\/\/cdnoticias.com\/index.php\/wp-json\/wp\/v2\/categories?post=90283"},{"taxonomy":"post_tag","embeddable":true,"href":"https:\/\/cdnoticias.com\/index.php\/wp-json\/wp\/v2\/tags?post=90283"}],"curies":[{"name":"wp","href":"https:\/\/api.w.org\/{rel}","templated":true}]}}