{"id":90279,"date":"2023-07-23T18:22:57","date_gmt":"2023-07-23T21:22:57","guid":{"rendered":"https:\/\/www.centraldenoticias.com.ar\/?p=90279"},"modified":"2023-07-23T18:22:57","modified_gmt":"2023-07-23T21:22:57","slug":"curso-taller-educar-en-contextos-de-privacion-de-libertad","status":"publish","type":"post","link":"https:\/\/cdnoticias.com\/index.php\/2023\/07\/23\/curso-taller-educar-en-contextos-de-privacion-de-libertad\/","title":{"rendered":"Curso Taller \u201cEducar en contextos de privaci\u00f3n de libertad\u201d"},"content":{"rendered":"<p>La cursada ser\u00e1 con modalidad h\u00edbrida y contar\u00e1 de cuatro encuentros entre agosto y septiembre. <!--more--><\/p>\n<hr \/>\n<p>Entre<strong> agosto y septiembre<\/strong> se dictar\u00e1 en la <strong>Facultad de Ciencias Sociales<\/strong> una nueva edici\u00f3n del curso taller \u201c<em><strong>Educar en contextos de privaci\u00f3n de libertad\u201d,<\/strong><\/em> destinado a <strong>estudiantes<\/strong> de la UNICEN y externos\/as que tengan inter\u00e9s en la tem\u00e1tica.<\/p>\n<p>&nbsp;<\/p>\n<p>La propuesta es impulsada por el<strong> Programa Educaci\u00f3n en Contextos de Encierro<\/strong> (PECE) y el N\u00facleo Estudios sobre Sociedad, Acceso a Derechos y C\u00e1rceles (ESADyC) de la Facultad de Ciencias Sociales, con el objetivo de reflexionar y conocer <strong>c\u00f3mo es trabajar en la c\u00e1rcel.<\/strong><\/p>\n<p>&nbsp;<\/p>\n<p>La cursada ser\u00e1 con <strong>modalidad h\u00edbrida<\/strong> y contar\u00e1 de <strong>cuatro encuentros<\/strong>: mi\u00e9rcoles 16, 23 y 30 de agosto y mi\u00e9rcoles 6 de septiembre, en el horario de 15 a 17 horas.<\/p>\n<p>&nbsp;<\/p>\n<p><img data-recalc-dims=\"1\" loading=\"lazy\" decoding=\"async\" class=\"aligncenter wp-image-90281 size-large\" src=\"https:\/\/i0.wp.com\/cdnoticias.com\/wp-content\/uploads\/2023\/07\/peceint.jpg?resize=800%2C802&#038;ssl=1\" alt=\"\" width=\"800\" height=\"802\" srcset=\"https:\/\/i0.wp.com\/cdnoticias.com\/wp-content\/uploads\/2023\/07\/peceint.jpg?resize=1021%2C1024&amp;ssl=1 1021w, https:\/\/i0.wp.com\/cdnoticias.com\/wp-content\/uploads\/2023\/07\/peceint.jpg?resize=300%2C300&amp;ssl=1 300w, https:\/\/i0.wp.com\/cdnoticias.com\/wp-content\/uploads\/2023\/07\/peceint.jpg?resize=150%2C150&amp;ssl=1 150w, https:\/\/i0.wp.com\/cdnoticias.com\/wp-content\/uploads\/2023\/07\/peceint.jpg?resize=768%2C770&amp;ssl=1 768w, https:\/\/i0.wp.com\/cdnoticias.com\/wp-content\/uploads\/2023\/07\/peceint.jpg?w=1077&amp;ssl=1 1077w\" sizes=\"auto, (max-width: 800px) 100vw, 800px\" \/><\/p>\n<p>&nbsp;<\/p>\n<p>&#8220;Se invita a participar a estudiantes de la Facultad de Ciencias Sociales y de otras sedes de la Universidad Nacional del Centro de la Provincia de Buenos Aires, como una <strong>instancia formativa para explorar este espacio y conformar equipos interdisciplinarios<\/strong> que trabajen colaborativamente en las c\u00e1rceles en las que la Universidad dispone de aulas universitarias&#8221; expresaron desde la instituci\u00f3n.<\/p>\n<p>&nbsp;<\/p>\n<p>Tambi\u00e9n est\u00e1 abierto para otras <strong>personas interesadas que quieran formarse en la tem\u00e1tica<\/strong> o que quisieran realizar alguna propuesta de trabajo en unidades penales.<\/p>\n<p>&nbsp;<\/p>\n<p>El curso taller estar\u00e1 a cargo de los docentes Anal\u00eda Umpi\u00e9rrez y Luis Scipioni, y contar\u00e1 con la participaci\u00f3n de los docentes Erica Lanzini (FCH), Claudia Castro (Arte), Magal\u00ed Coronel (FACSO) y Tom\u00e1s Puppio (Derecho), y el estudiante Juan Pablo Palmieri.<\/p>\n<p>&nbsp;<\/p>\n<p>Para inscribirse es necesario completar el <a href=\"https:\/\/docs.google.com\/forms\/d\/1GsH2fN1uh4F-s90uhl3IhRlGrDA8TSFYPQTnqbv62kU\/prefill\" target=\"_blank\" rel=\"noopener\">formulario disponible aqu\u00ed<\/a>. Por consultas comunicarse a <a href=\"mailto:cursos@virtual.soc.unicen.edu.ar\">cursos@virtual.soc.unicen.edu.ar<\/a>.<\/p>\n<p>&nbsp;<\/p>\n","protected":false},"excerpt":{"rendered":"<p>La cursada ser\u00e1 con modalidad h\u00edbrida y contar\u00e1 de cuatro encuentros entre agosto y septiembre.<\/p>\n","protected":false},"author":6,"featured_media":83263,"comment_status":"closed","ping_status":"closed","sticky":false,"template":"","format":"standard","meta":{"_jetpack_memberships_contains_paid_content":false,"footnotes":""},"categories":[5,1],"tags":[],"class_list":["post-90279","post","type-post","status-publish","format-standard","has-post-thumbnail","hentry","category-informacion-general","category-portada"],"jetpack_featured_media_url":"https:\/\/i0.wp.com\/cdnoticias.com\/wp-content\/uploads\/2023\/04\/Facultad-de-Ciencias-Sociales-1.jpg?fit=2000%2C1159&ssl=1","jetpack_sharing_enabled":true,"_links":{"self":[{"href":"https:\/\/cdnoticias.com\/index.php\/wp-json\/wp\/v2\/posts\/90279","targetHints":{"allow":["GET"]}}],"collection":[{"href":"https:\/\/cdnoticias.com\/index.php\/wp-json\/wp\/v2\/posts"}],"about":[{"href":"https:\/\/cdnoticias.com\/index.php\/wp-json\/wp\/v2\/types\/post"}],"author":[{"embeddable":true,"href":"https:\/\/cdnoticias.com\/index.php\/wp-json\/wp\/v2\/users\/6"}],"replies":[{"embeddable":true,"href":"https:\/\/cdnoticias.com\/index.php\/wp-json\/wp\/v2\/comments?post=90279"}],"version-history":[{"count":0,"href":"https:\/\/cdnoticias.com\/index.php\/wp-json\/wp\/v2\/posts\/90279\/revisions"}],"wp:featuredmedia":[{"embeddable":true,"href":"https:\/\/cdnoticias.com\/index.php\/wp-json\/wp\/v2\/media\/83263"}],"wp:attachment":[{"href":"https:\/\/cdnoticias.com\/index.php\/wp-json\/wp\/v2\/media?parent=90279"}],"wp:term":[{"taxonomy":"category","embeddable":true,"href":"https:\/\/cdnoticias.com\/index.php\/wp-json\/wp\/v2\/categories?post=90279"},{"taxonomy":"post_tag","embeddable":true,"href":"https:\/\/cdnoticias.com\/index.php\/wp-json\/wp\/v2\/tags?post=90279"}],"curies":[{"name":"wp","href":"https:\/\/api.w.org\/{rel}","templated":true}]}}