{"id":90275,"date":"2023-07-15T17:03:31","date_gmt":"2023-07-15T20:03:31","guid":{"rendered":"https:\/\/www.centraldenoticias.com.ar\/?p=90275"},"modified":"2023-07-15T17:03:31","modified_gmt":"2023-07-15T20:03:31","slug":"abre-la-inscripcion-de-las-becas-progresar-que-tener-en-cuenta","status":"publish","type":"post","link":"https:\/\/cdnoticias.com\/index.php\/2023\/07\/15\/abre-la-inscripcion-de-las-becas-progresar-que-tener-en-cuenta\/","title":{"rendered":"Abre la inscripci\u00f3n de las Becas Progresar: qu\u00e9 tener en cuenta"},"content":{"rendered":"<p>Habr\u00e1 tiempo de anotarse hasta el 31 de agosto, para todas sus l\u00edneas. El beneficio a percibir es de $ 20.000 mensuales.<!--more--><\/p>\n<hr \/>\n<p>La <strong>inscripci\u00f3n a la segunda convocatoria del a\u00f1o de Becas Progresar <\/strong>se extender\u00e1 <strong>hasta el 31 de agosto<\/strong>, para todas sus l\u00edneas, con el nuevo beneficio a percibir de <strong>$20.000 mensuales<\/strong>. Hasta ahora era de $13.000 y <a href=\"https:\/\/cdnoticias.com\/index.php\/2023\/07\/13\/massa-anuncio-un-aumento-de-mas-del-50-en-las-becas-progresar-desde-agosto\/\" target=\"_blank\" rel=\"noopener\">en los \u00faltimos d\u00edas se anunci\u00f3 el aumento<\/a>.<\/p>\n<p>&nbsp;<\/p>\n<p>Seg\u00fan inform\u00f3 la Administraci\u00f3n Nacional de la Seguridad Social (Anses), en conjunto con el Ministerio de Educaci\u00f3n, el plazo de registro ser\u00e1 para todas sus l\u00edneas, a saber:<strong> Progresar 16 y 17 a\u00f1os; Obligatorio; Superior; Enfermer\u00eda y Trabajo.<\/strong><\/p>\n<p>&nbsp;<\/p>\n<p>El valor general de la beca incluye un plus por conectividad, y la Anses detall\u00f3 en un comunicado que \u201cse cobra el 80% mensualmente y el 20% restante al finalizar el per\u00edodo, acreditando la condici\u00f3n de alumno regular\u201d.<\/p>\n<p>&nbsp;<\/p>\n<p>Todo aquel interesado en anotarse puede hacerlo desde el <a href=\"https:\/\/becasprogresar.educacion.gob.ar\/\" target=\"_blank\" rel=\"noopener\">sitio web oficial de Progresar<\/a>.\u00a0El organismo previsional aclar\u00f3 que en el caso de Progresar Trabajo la inscripci\u00f3n es hasta noviembre inclusive.<\/p>\n<p>&nbsp;<\/p>\n<p>En este sentido, subray\u00f3 que es importante tener en cuenta que los ingresos del grupo familiar de la o el titular<strong> no deben ser superiores a tres Salarios M\u00ednimos, Vitales y M\u00f3viles (SMVM).<\/strong><\/p>\n<p>&nbsp;<\/p>\n<p>Desde su inicio, <strong>el plan Progresar alcanz\u00f3 a 1.697.663 becarios en todo el pa\u00eds,<\/strong> seg\u00fan datos de diciembre del a\u00f1o pasado. El Nivel Obligatorio concentra la mayor cantidad de titulares con 924.484 (54,46%) y luego lo siguen el Nivel Superior y Enfermer\u00eda, que distinguen Nivel Universitario (con 412.120 y 24,28%) y Nivel No Universitario (con 270.079 y 15,91%).<\/p>\n<p>&nbsp;<\/p>\n<p><em>Fuente: DIB<\/em><\/p>\n","protected":false},"excerpt":{"rendered":"<p>Habr\u00e1 tiempo de anotarse hasta el 31 de agosto, para todas sus l\u00edneas. El beneficio a percibir es de $<\/p>\n","protected":false},"author":6,"featured_media":78298,"comment_status":"closed","ping_status":"closed","sticky":false,"template":"","format":"standard","meta":{"_jetpack_memberships_contains_paid_content":false,"footnotes":""},"categories":[6,1],"tags":[],"class_list":["post-90275","post","type-post","status-publish","format-standard","has-post-thumbnail","hentry","category-nacionales","category-portada"],"jetpack_featured_media_url":"https:\/\/i0.wp.com\/cdnoticias.com\/wp-content\/uploads\/2023\/03\/becas-progresar-00.jpg?fit=800%2C445&ssl=1","jetpack_sharing_enabled":true,"_links":{"self":[{"href":"https:\/\/cdnoticias.com\/index.php\/wp-json\/wp\/v2\/posts\/90275","targetHints":{"allow":["GET"]}}],"collection":[{"href":"https:\/\/cdnoticias.com\/index.php\/wp-json\/wp\/v2\/posts"}],"about":[{"href":"https:\/\/cdnoticias.com\/index.php\/wp-json\/wp\/v2\/types\/post"}],"author":[{"embeddable":true,"href":"https:\/\/cdnoticias.com\/index.php\/wp-json\/wp\/v2\/users\/6"}],"replies":[{"embeddable":true,"href":"https:\/\/cdnoticias.com\/index.php\/wp-json\/wp\/v2\/comments?post=90275"}],"version-history":[{"count":0,"href":"https:\/\/cdnoticias.com\/index.php\/wp-json\/wp\/v2\/posts\/90275\/revisions"}],"wp:featuredmedia":[{"embeddable":true,"href":"https:\/\/cdnoticias.com\/index.php\/wp-json\/wp\/v2\/media\/78298"}],"wp:attachment":[{"href":"https:\/\/cdnoticias.com\/index.php\/wp-json\/wp\/v2\/media?parent=90275"}],"wp:term":[{"taxonomy":"category","embeddable":true,"href":"https:\/\/cdnoticias.com\/index.php\/wp-json\/wp\/v2\/categories?post=90275"},{"taxonomy":"post_tag","embeddable":true,"href":"https:\/\/cdnoticias.com\/index.php\/wp-json\/wp\/v2\/tags?post=90275"}],"curies":[{"name":"wp","href":"https:\/\/api.w.org\/{rel}","templated":true}]}}