{"id":90128,"date":"2023-07-14T12:53:31","date_gmt":"2023-07-14T15:53:31","guid":{"rendered":"https:\/\/www.centraldenoticias.com.ar\/?p=90128"},"modified":"2023-07-14T14:28:11","modified_gmt":"2023-07-14T17:28:11","slug":"festival-del-libro-paso-algo-importante-con-esta-propuesta-la-comunidad-se-la-apropio","status":"publish","type":"post","link":"https:\/\/cdnoticias.com\/index.php\/2023\/07\/14\/festival-del-libro-paso-algo-importante-con-esta-propuesta-la-comunidad-se-la-apropio\/","title":{"rendered":"Festival del Libro: \u201cPas\u00f3 algo importante con esta propuesta: la comunidad se la apropi\u00f3\u201d"},"content":{"rendered":"<p>Este viernes comenz\u00f3 la segunda edici\u00f3n en la Sociedad de Fomento Mariano Moreno. Mercedes Land\u00edvar dialog\u00f3 con Central de Noticias y anticip\u00f3 un cronograma \u201ca\u00fan m\u00e1s amplio\u201d por el \u00e9xito de la primera edici\u00f3n. El cronograma.<!--more--><\/p>\n<hr \/>\n<p>Desde la ma\u00f1ana de este viernes y hasta el domingo por<strong> la noche la Sociedad de Fomento Mariano Moreno se vestir\u00e1 de fiesta con la segunda edici\u00f3n del Festival del Libro, que tras el \u00e9xito de su primera edici\u00f3n tendr\u00e1 m\u00e1s actividades, un cronograma m\u00e1s extenso y diversas charlas, capacitaciones y presentaciones de libros.<\/strong><\/p>\n<p>&nbsp;<\/p>\n<p>La concejala <strong>Mercedes Land\u00edvar<\/strong>, una de las organizadoras del evento que cuenta con el <strong>acompa\u00f1amiento del Instituto Cultural de la Provincia<\/strong>, dialog\u00f3 con <strong>Central de Noticias<\/strong> sobre la propuesta que ya comenz\u00f3 con diversas actividades para ni\u00f1os, ni\u00f1as y adolescentes de escuelas de la ciudad.<\/p>\n<p>&nbsp;<\/p>\n<p><img data-recalc-dims=\"1\" loading=\"lazy\" decoding=\"async\" class=\"alignnone size-large wp-image-90130\" src=\"https:\/\/i0.wp.com\/cdnoticias.com\/wp-content\/uploads\/2023\/07\/WhatsApp-Image-2023-07-14-at-11.48.43.jpeg?resize=800%2C532&#038;ssl=1\" alt=\"\" width=\"800\" height=\"532\" srcset=\"https:\/\/i0.wp.com\/cdnoticias.com\/wp-content\/uploads\/2023\/07\/WhatsApp-Image-2023-07-14-at-11.48.43.jpeg?resize=1024%2C681&amp;ssl=1 1024w, https:\/\/i0.wp.com\/cdnoticias.com\/wp-content\/uploads\/2023\/07\/WhatsApp-Image-2023-07-14-at-11.48.43.jpeg?resize=300%2C200&amp;ssl=1 300w, https:\/\/i0.wp.com\/cdnoticias.com\/wp-content\/uploads\/2023\/07\/WhatsApp-Image-2023-07-14-at-11.48.43.jpeg?resize=768%2C511&amp;ssl=1 768w, https:\/\/i0.wp.com\/cdnoticias.com\/wp-content\/uploads\/2023\/07\/WhatsApp-Image-2023-07-14-at-11.48.43.jpeg?resize=1536%2C1021&amp;ssl=1 1536w, https:\/\/i0.wp.com\/cdnoticias.com\/wp-content\/uploads\/2023\/07\/WhatsApp-Image-2023-07-14-at-11.48.43.jpeg?resize=272%2C182&amp;ssl=1 272w, https:\/\/i0.wp.com\/cdnoticias.com\/wp-content\/uploads\/2023\/07\/WhatsApp-Image-2023-07-14-at-11.48.43.jpeg?w=1600&amp;ssl=1 1600w\" sizes=\"auto, (max-width: 800px) 100vw, 800px\" \/><\/p>\n<p>&nbsp;<\/p>\n<p>Tras el \u00e9xito de la primera edici\u00f3n, dijo que <em>\u201clas expectativas son las mejores. <strong>La verdad es que el primer Festival super\u00f3 nuestras expectativas m\u00e1s all\u00e1 de que hicimos un trabajo arduo para tener un cronograma s\u00faper importante<\/strong>, pero fue incre\u00edble ver que hab\u00eda del otro lado de un mont\u00f3n de j\u00f3venes, de adultos y de ni\u00f1os que ten\u00edan ganas de disfrutar de un espacio as\u00ed\u201d<\/em>.<\/p>\n<p>&nbsp;<\/p>\n<blockquote><p>Es por ello que \u201chemos redoblado los esfuerzos para que salga a\u00fan mucho mejor. Espero que as\u00ed sea\u201d.<\/p><\/blockquote>\n<p>&nbsp;<\/p>\n<p>Y por ello, <em>\u201cel cronograma es a\u00fan m\u00e1s amplio: hay simultaneidad de actividades. <strong>Hay un club de las infancias espec\u00edfico para las ni\u00f1eces teniendo en cuenta que ya arrancamos con las vacaciones de invierno.<\/strong> As\u00ed puede transitarlo la familia. Hay tambi\u00e9n propuestas m\u00e1s que interesantes para los j\u00f3venes, hay muchas propuestas locales\u201d.<\/em><\/p>\n<p>&nbsp;<\/p>\n<p><img data-recalc-dims=\"1\" loading=\"lazy\" decoding=\"async\" class=\"alignnone size-large wp-image-90132\" src=\"https:\/\/i0.wp.com\/cdnoticias.com\/wp-content\/uploads\/2023\/07\/WhatsApp-Image-2023-07-14-at-11.48.44-1.jpeg?resize=800%2C532&#038;ssl=1\" alt=\"\" width=\"800\" height=\"532\" srcset=\"https:\/\/i0.wp.com\/cdnoticias.com\/wp-content\/uploads\/2023\/07\/WhatsApp-Image-2023-07-14-at-11.48.44-1.jpeg?resize=1024%2C681&amp;ssl=1 1024w, https:\/\/i0.wp.com\/cdnoticias.com\/wp-content\/uploads\/2023\/07\/WhatsApp-Image-2023-07-14-at-11.48.44-1.jpeg?resize=300%2C200&amp;ssl=1 300w, https:\/\/i0.wp.com\/cdnoticias.com\/wp-content\/uploads\/2023\/07\/WhatsApp-Image-2023-07-14-at-11.48.44-1.jpeg?resize=768%2C511&amp;ssl=1 768w, https:\/\/i0.wp.com\/cdnoticias.com\/wp-content\/uploads\/2023\/07\/WhatsApp-Image-2023-07-14-at-11.48.44-1.jpeg?resize=1536%2C1021&amp;ssl=1 1536w, https:\/\/i0.wp.com\/cdnoticias.com\/wp-content\/uploads\/2023\/07\/WhatsApp-Image-2023-07-14-at-11.48.44-1.jpeg?resize=272%2C182&amp;ssl=1 272w, https:\/\/i0.wp.com\/cdnoticias.com\/wp-content\/uploads\/2023\/07\/WhatsApp-Image-2023-07-14-at-11.48.44-1.jpeg?w=1600&amp;ssl=1 1600w\" sizes=\"auto, (max-width: 800px) 100vw, 800px\" \/><\/p>\n<p>&nbsp;<\/p>\n<p>Y con respecto a lo que sucedi\u00f3 con lo local, Land\u00edvar expres\u00f3 que <strong><em>\u201cpas\u00f3 algo importante en esta propuesta: la comunidad se la apropi\u00f3 as\u00ed que nos han escrito un mont\u00f3n de personas que han querido participar\u201d.<\/em> <\/strong>De ello surgieron <em>\u201ctalleres nuevos, charlas nuevas, locales, m\u00e1s lo que obviamente viene en conjunto porque lo estamos trabajando con el Instituto Cultural de la Provincia, que eso tambi\u00e9n nos ha dado la posibilidad de pensar en grande y poder hacer algo tan importante como esta\u201d.<\/em><\/p>\n<p>&nbsp;<\/p>\n<h2>El cronograma del primer d\u00eda<\/h2>\n<p>&nbsp;<\/p>\n<p><img data-recalc-dims=\"1\" loading=\"lazy\" decoding=\"async\" class=\"alignnone size-large wp-image-90131\" src=\"https:\/\/i0.wp.com\/cdnoticias.com\/wp-content\/uploads\/2023\/07\/WhatsApp-Image-2023-07-14-at-11.48.45.jpeg?resize=800%2C532&#038;ssl=1\" alt=\"\" width=\"800\" height=\"532\" srcset=\"https:\/\/i0.wp.com\/cdnoticias.com\/wp-content\/uploads\/2023\/07\/WhatsApp-Image-2023-07-14-at-11.48.45.jpeg?resize=1024%2C681&amp;ssl=1 1024w, https:\/\/i0.wp.com\/cdnoticias.com\/wp-content\/uploads\/2023\/07\/WhatsApp-Image-2023-07-14-at-11.48.45.jpeg?resize=300%2C200&amp;ssl=1 300w, https:\/\/i0.wp.com\/cdnoticias.com\/wp-content\/uploads\/2023\/07\/WhatsApp-Image-2023-07-14-at-11.48.45.jpeg?resize=768%2C511&amp;ssl=1 768w, https:\/\/i0.wp.com\/cdnoticias.com\/wp-content\/uploads\/2023\/07\/WhatsApp-Image-2023-07-14-at-11.48.45.jpeg?resize=1536%2C1021&amp;ssl=1 1536w, https:\/\/i0.wp.com\/cdnoticias.com\/wp-content\/uploads\/2023\/07\/WhatsApp-Image-2023-07-14-at-11.48.45.jpeg?resize=272%2C182&amp;ssl=1 272w, https:\/\/i0.wp.com\/cdnoticias.com\/wp-content\/uploads\/2023\/07\/WhatsApp-Image-2023-07-14-at-11.48.45.jpeg?w=1600&amp;ssl=1 1600w\" sizes=\"auto, (max-width: 800px) 100vw, 800px\" \/><\/p>\n<p>&nbsp;<\/p>\n<p><strong>El festival comenz\u00f3 a las 09:00 horas con charlas y talleres orientados a escuelas primarias y secundarias de la ciudad,<\/strong> con una masiva convocatoria. Cerca del mediod\u00eda, incluso, hubo un show de burbujas en el Club de Infancias.<\/p>\n<p>&nbsp;<\/p>\n<p>El resto del cronograma continuar\u00e1 de la siguiente manera:<\/p>\n<p>&nbsp;<\/p>\n<p>14.00 &#8211; Taller \u201cF\u00e1brica de libros\u201d por Editorial del Bonete (Club de Infancias)<\/p>\n<p>&nbsp;<\/p>\n<p>14.30 &#8211; Show de Burbujas | Show Infantil (Club de Infancias)<\/p>\n<p>&nbsp;<\/p>\n<p>15.00 &#8211; Taller: &#8220;Escritura Creativa&#8221; por Luc\u00eda Moschini | Orientado a Escuelas Secundarias (Sala A)<\/p>\n<p>&nbsp;<\/p>\n<p>15.00 &#8211; Presentaci\u00f3n del libro \u201cFelipe encuentra un Amigo\u201d por Maripal Gamondi (Sala A)<\/p>\n<p>&nbsp;<\/p>\n<p>15.30 &#8211; Charla: \u201cUn Sue\u00f1o entre rimas\u201d por Kress. Junto a: Supra y Manu. (Sala A)<\/p>\n<p>&nbsp;<\/p>\n<p>16.30 &#8211; CIRCO SINCAMARIN | Show de Circo (Club de Infancias)<\/p>\n<p>&nbsp;<\/p>\n<p>17.00 &#8211; Charla: &#8220;Filosof\u00eda y Educaci\u00f3n&#8221; por Amelia Gallastegui (Sala A)<\/p>\n<p>&nbsp;<\/p>\n<p>18.00 &#8211; Taller: &#8220;Separaci\u00f3n de residuos en origen&#8221; por Ministerio Ambiente PBA | Orientado a Ni\u00f1xs (Club de Infancias)<\/p>\n<p>&nbsp;<\/p>\n<p>18.00 &#8211; Taller: &#8220;Letras de canciones&#8221; por Guillermo del Zotto (Sala A)<\/p>\n<p>&nbsp;<\/p>\n<p>18.30 &#8211; CIRCO SINCAMARIN | Show de Circo (Club de Infancias)<\/p>\n<p>&nbsp;<\/p>\n<p>18.30 &#8211; Taller: &#8220;Compost y huerta&#8221; por Ministerio Ambiente PBA | Orientado a Ni\u00f1xs (Club de Infancias)<\/p>\n<p>&nbsp;<\/p>\n<p>19.00 &#8211; Acto de apertura<\/p>\n<p>&nbsp;<\/p>\n<p>&nbsp;<\/p>\n<p>&nbsp;<\/p>\n<p>19.00 &#8211; Presentaci\u00f3n de 2 libros:\u00a0 \u201cContra las mujeres: (in)justicia en Spinoza&#8221; y &#8220;Canibalizar la Modernidad\u201d por Cecilia Abdo Ferez (Sala A)<\/p>\n<p>&nbsp;<\/p>\n<p>19.30 &#8211; Ruido Croma de C\u00f3digo Provincia (Sala Feria)<\/p>\n<p>&nbsp;<\/p>\n<p>20.00 &#8211; Charla\u201cCuerpo y narraci\u00f3n: del periodismo a la performance\u201d por Cristian Alarc\u00f3n (Sala A)<\/p>\n<p>&nbsp;<\/p>\n<p>21.00 &#8211; Cierre Musical: Tramb\u00f3likos (Sala Feria)<\/p>\n","protected":false},"excerpt":{"rendered":"<p>Este viernes comenz\u00f3 la segunda edici\u00f3n en la Sociedad de Fomento Mariano Moreno. Mercedes Land\u00edvar dialog\u00f3 con Central de Noticias<\/p>\n","protected":false},"author":2,"featured_media":90133,"comment_status":"closed","ping_status":"closed","sticky":false,"template":"","format":"standard","meta":{"_jetpack_memberships_contains_paid_content":false,"footnotes":""},"categories":[9,1],"tags":[],"class_list":["post-90128","post","type-post","status-publish","format-standard","has-post-thumbnail","hentry","category-cultura","category-portada"],"jetpack_featured_media_url":"https:\/\/i0.wp.com\/cdnoticias.com\/wp-content\/uploads\/2023\/07\/WhatsApp-Image-2023-07-14-at-11.48.44.jpeg?fit=1600%2C1064&ssl=1","jetpack_sharing_enabled":true,"_links":{"self":[{"href":"https:\/\/cdnoticias.com\/index.php\/wp-json\/wp\/v2\/posts\/90128","targetHints":{"allow":["GET"]}}],"collection":[{"href":"https:\/\/cdnoticias.com\/index.php\/wp-json\/wp\/v2\/posts"}],"about":[{"href":"https:\/\/cdnoticias.com\/index.php\/wp-json\/wp\/v2\/types\/post"}],"author":[{"embeddable":true,"href":"https:\/\/cdnoticias.com\/index.php\/wp-json\/wp\/v2\/users\/2"}],"replies":[{"embeddable":true,"href":"https:\/\/cdnoticias.com\/index.php\/wp-json\/wp\/v2\/comments?post=90128"}],"version-history":[{"count":0,"href":"https:\/\/cdnoticias.com\/index.php\/wp-json\/wp\/v2\/posts\/90128\/revisions"}],"wp:featuredmedia":[{"embeddable":true,"href":"https:\/\/cdnoticias.com\/index.php\/wp-json\/wp\/v2\/media\/90133"}],"wp:attachment":[{"href":"https:\/\/cdnoticias.com\/index.php\/wp-json\/wp\/v2\/media?parent=90128"}],"wp:term":[{"taxonomy":"category","embeddable":true,"href":"https:\/\/cdnoticias.com\/index.php\/wp-json\/wp\/v2\/categories?post=90128"},{"taxonomy":"post_tag","embeddable":true,"href":"https:\/\/cdnoticias.com\/index.php\/wp-json\/wp\/v2\/tags?post=90128"}],"curies":[{"name":"wp","href":"https:\/\/api.w.org\/{rel}","templated":true}]}}