{"id":9007,"date":"2020-12-15T11:34:18","date_gmt":"2020-12-15T14:34:18","guid":{"rendered":"http:\/\/www.centraldenoticias.com.ar\/?p=9007"},"modified":"2020-12-15T11:34:18","modified_gmt":"2020-12-15T14:34:18","slug":"covid-19-en-la-provincia-los-registros-en-baja-pero-se-encienden-las-alertas","status":"publish","type":"post","link":"https:\/\/cdnoticias.com\/index.php\/2020\/12\/15\/covid-19-en-la-provincia-los-registros-en-baja-pero-se-encienden-las-alertas\/","title":{"rendered":"Covid-19 en la Provincia: los registros en baja, pero se encienden las alertas"},"content":{"rendered":"<p>El ministro de Salud, Daniel Goll\u00e1n, se\u00f1al\u00f3 que siguen en ca\u00edda los casos confirmados y los fallecimientos, pero la tendencia se desacelera. Mostr\u00f3 los \u201cindicadores preocupantes\u201d y dijo que \u201cquiz\u00e1s tengamos un rebrote\u201d. La preocupaci\u00f3n por la situaci\u00f3n de Mar del Plata.<!--more--><\/p>\n<hr \/>\n<p>En la habitual conferencia de los martes en que la Provincia informa sobre la situaci\u00f3n sanitaria por la pandemia, <strong>el ministro de Salud, Daniel Goll\u00e1n, enfatiz\u00f3 la preocupaci\u00f3n por ciertos indicadores que adelantan un aumento de los casos de Covid para los pr\u00f3ximos d\u00edas en el \u00e1mbito bonaerense<\/strong>.<\/p>\n<p>El funcionario abri\u00f3 su presentaci\u00f3n con referencias a la situaci\u00f3n en Europa, donde la ola de casos se explic\u00f3 centralmente por la temporada de invierto, y hasta aludi\u00f3 al mensaje de la canciller alemana, <strong>\u00c1ngela Merkel: \u201cle suplic\u00f3 a los alemanes que se cuiden\u201d subray\u00f3 Goll\u00e1n.<\/strong><\/p>\n<blockquote><p>Tanto el jefe de Gabinete, Carlos Bianco, como el ministro Goll\u00e1n, reiteraron la importancia de las medidas de cuidado. \u201cQuiz\u00e1s tengamos un rebrote, tenemos que redoblar los esfuerzos colectivos e individuales. Lo decimos con preocupaci\u00f3n porque en los \u00faltimos d\u00edas notamos un gran relajamiento generalizado y notamos tambi\u00e9n un aumento en estos \u00faltimos 5 a 6 d\u00edas de la cantidad de casos\u201d dijo el titular de la cartera de Salud.<\/p><\/blockquote>\n<p>A esta tendencia, sum\u00f3 el<strong> aumento de llamados a las l\u00edneas de atenci\u00f3n<\/strong> para personas con s\u00edntomas de Covid-19 y la <strong>desaceleraci\u00f3n del ritmo de ca\u00edda de la cantidad de casos, del registro de fallecidos y de la ocupaci\u00f3n de camas de terapia intensiva<\/strong>.<\/p>\n<p><img data-recalc-dims=\"1\" loading=\"lazy\" decoding=\"async\" class=\"alignnone wp-image-9012\" src=\"https:\/\/i0.wp.com\/cdnoticias.com\/wp-content\/uploads\/2020\/12\/conferencia-bianco-gollan-01-800x445.jpg?resize=800%2C449&#038;ssl=1\" alt=\"\" width=\"800\" height=\"449\" srcset=\"https:\/\/i0.wp.com\/cdnoticias.com\/wp-content\/uploads\/2020\/12\/conferencia-bianco-gollan-01-800x445.jpg?resize=300%2C168&amp;ssl=1 300w, https:\/\/i0.wp.com\/cdnoticias.com\/wp-content\/uploads\/2020\/12\/conferencia-bianco-gollan-01-800x445.jpg?resize=768%2C431&amp;ssl=1 768w, https:\/\/i0.wp.com\/cdnoticias.com\/wp-content\/uploads\/2020\/12\/conferencia-bianco-gollan-01-800x445.jpg?w=982&amp;ssl=1 982w\" sizes=\"auto, (max-width: 800px) 100vw, 800px\" \/><\/p>\n<p>Se\u00f1al\u00f3 que <strong>\u201clos indicadores preocupantes se pueden resolver cuid\u00e1ndonos y cumpliendo los protocolos\u201d<\/strong> al tiempo que adelant\u00f3 que <strong>\u201chay municipios de la provincia en que tenemos que retroceder por los brotes registrados\u201d<\/strong>. Sobre este aspecto se centr\u00f3 <a href=\"https:\/\/cdnoticias.com\/index.php\/2020\/12\/15\/nocturnidad-provincia-habilitara-fiestas-al-aire-libre-hasta-200-personas\/\" target=\"_blank\" rel=\"noopener\">Bianco quien adem\u00e1s anunci\u00f3 el protocolo para realizaci\u00f3n de eventos<\/a>.<\/p>\n<p><strong>Los datos<\/strong><\/p>\n<p>En la Provincia de Buenos Aires se han registrado <strong>639.561 casos totales de Covid-19<\/strong> y<strong> fallecieron 21.421 pacientes<\/strong>. Este lunes se registraron <strong>1.532 casos nuevos<\/strong>.<\/p>\n<blockquote><p>En el interior de la provincia de Buenos Aires, la tasa de mortalidad se ubic\u00f3 en 953% y la tasa de letalidad en 2,97 cada mill\u00f3n de habitantes. La tasa de incidencia en la regi\u00f3n interior bonaerense es de 3.234 casos cada 100 mil habitantes.<\/p><\/blockquote>\n<p><img data-recalc-dims=\"1\" loading=\"lazy\" decoding=\"async\" class=\"alignnone wp-image-9009 size-full\" src=\"https:\/\/i0.wp.com\/cdnoticias.com\/wp-content\/uploads\/2020\/12\/conferencia-situacion-covid.jpg?resize=800%2C545&#038;ssl=1\" alt=\"\" width=\"800\" height=\"545\" srcset=\"https:\/\/i0.wp.com\/cdnoticias.com\/wp-content\/uploads\/2020\/12\/conferencia-situacion-covid.jpg?w=800&amp;ssl=1 800w, https:\/\/i0.wp.com\/cdnoticias.com\/wp-content\/uploads\/2020\/12\/conferencia-situacion-covid.jpg?resize=300%2C204&amp;ssl=1 300w, https:\/\/i0.wp.com\/cdnoticias.com\/wp-content\/uploads\/2020\/12\/conferencia-situacion-covid.jpg?resize=768%2C523&amp;ssl=1 768w, https:\/\/i0.wp.com\/cdnoticias.com\/wp-content\/uploads\/2020\/12\/conferencia-situacion-covid.jpg?resize=130%2C90&amp;ssl=1 130w\" sizes=\"auto, (max-width: 800px) 100vw, 800px\" \/><\/p>\n<p>Hasta el momento, se llevan realizados <strong>1.508.481 testeos<\/strong>. Actualmente, ante la ca\u00edda sostenida de casos, se sostiene la estrategia de testear a los contactos estrechos de los confirmados.<\/p>\n<p>El ministro Goll\u00e1n indic\u00f3 que \u201csigue en ca\u00edda la cantidad de fallecidos\u201d aunque apunt\u00f3 a que <strong>\u201ctambi\u00e9n notamos que la velocidad con que se reducen los casos, se aletarga. Incluso hay municipios que aumentaron\u201d<\/strong>. En este punto, hizo la salvedad de que la comparaci\u00f3n semanal se distorsiona en la semana anterior en referencia a los feriados y tuvo en cuenta que lo mismo suceder\u00e1 en las siguientes dos semanas.<\/p>\n<p>En ese contexto, la situaci\u00f3n de Mar del Plata volvi\u00f3 a estar en la mira de las autoridades provinciales en cuanto a la cantidad de casos nuevos detectados. \u201c<strong>Se empareja mucho el porcentaje de personas que se enferman en interior y en el AMBA.<\/strong>\u00a0En los \u00faltimos 3 o 4 d\u00edas volvi\u00f3 a liderar por lejos los n\u00fameros el municipio de General Pueyrred\u00f3n en cantidad de casos confirmados. A veces hasta duplicando a La Matanza que tiene 3 veces la cantidad de habitantes\u201d explic\u00f3.<\/p>\n<p><img data-recalc-dims=\"1\" loading=\"lazy\" decoding=\"async\" class=\"alignnone wp-image-9010 size-full\" src=\"https:\/\/i0.wp.com\/cdnoticias.com\/wp-content\/uploads\/2020\/12\/conferencia-situacion-covid01.jpg?resize=800%2C379&#038;ssl=1\" alt=\"\" width=\"800\" height=\"379\" srcset=\"https:\/\/i0.wp.com\/cdnoticias.com\/wp-content\/uploads\/2020\/12\/conferencia-situacion-covid01.jpg?w=800&amp;ssl=1 800w, https:\/\/i0.wp.com\/cdnoticias.com\/wp-content\/uploads\/2020\/12\/conferencia-situacion-covid01.jpg?resize=300%2C142&amp;ssl=1 300w, https:\/\/i0.wp.com\/cdnoticias.com\/wp-content\/uploads\/2020\/12\/conferencia-situacion-covid01.jpg?resize=768%2C364&amp;ssl=1 768w\" sizes=\"auto, (max-width: 800px) 100vw, 800px\" \/><\/p>\n<p>La ocupaci\u00f3n de camas en tanto se sostiene en baja con lo cual <strong>hay disponibilidad de camas en Terapia Intensiva<\/strong>. Igualmente, el ministro expres\u00f3 que \u201cla ca\u00edda no es en la misma velocidad en que ven\u00eda cayendo, es un dato positivo pero por otro lado <strong>nos pone una alerta<\/strong>\u201d.<\/p>\n<p>\u201cEl dato preocupante est\u00e1 en los llamados que se reciben por s\u00edntomas compatibles con Covid\u201d expuso Goll\u00e1n al presentar las cifras y subray\u00f3 que <strong>\u201cestamos viendo el no cumplimiento de las medidas de cuidado\u201d<\/strong>, ante lo cual coment\u00f3 el spot lanzado por la Provincia con el mensaje <strong>\u201clas fiestas empezaron hoy\u201d<\/strong>. \u201cEstamos a 10 d\u00edas de las fiestas\u201d dijo para pedir prevenci\u00f3n especialmente a quienes van a pasar las fiestas con personas mayores de 60 a\u00f1os y con comorbilidades.<\/p>\n<p>El ministro cerr\u00f3 su intervenci\u00f3n con un <strong>\u201cllamado a la reflexi\u00f3n sobre todo a los grupos poblacionales m\u00e1s j\u00f3venes\u201d<\/strong> a quienes pidi\u00f3 que \u201csepan que se pueden enfermar y sepan que pueden contagiar a otros\u201d.<\/p>\n<p><img data-recalc-dims=\"1\" loading=\"lazy\" decoding=\"async\" class=\"aligncenter wp-image-9011 size-full\" src=\"https:\/\/i0.wp.com\/cdnoticias.com\/wp-content\/uploads\/2020\/12\/conferencia-situacion-covid02.jpg?resize=800%2C492&#038;ssl=1\" alt=\"\" width=\"800\" height=\"492\" srcset=\"https:\/\/i0.wp.com\/cdnoticias.com\/wp-content\/uploads\/2020\/12\/conferencia-situacion-covid02.jpg?w=800&amp;ssl=1 800w, https:\/\/i0.wp.com\/cdnoticias.com\/wp-content\/uploads\/2020\/12\/conferencia-situacion-covid02.jpg?resize=300%2C185&amp;ssl=1 300w, https:\/\/i0.wp.com\/cdnoticias.com\/wp-content\/uploads\/2020\/12\/conferencia-situacion-covid02.jpg?resize=768%2C472&amp;ssl=1 768w\" sizes=\"auto, (max-width: 800px) 100vw, 800px\" \/><\/p>\n","protected":false},"excerpt":{"rendered":"<p>El ministro de Salud, Daniel Goll\u00e1n, se\u00f1al\u00f3 que siguen en ca\u00edda los casos confirmados y los fallecimientos, pero la tendencia<\/p>\n","protected":false},"author":4,"featured_media":9008,"comment_status":"closed","ping_status":"closed","sticky":false,"template":"","format":"standard","meta":{"_jetpack_memberships_contains_paid_content":false,"footnotes":""},"categories":[6,1],"tags":[],"class_list":["post-9007","post","type-post","status-publish","format-standard","has-post-thumbnail","hentry","category-nacionales","category-portada"],"jetpack_featured_media_url":"https:\/\/i0.wp.com\/cdnoticias.com\/wp-content\/uploads\/2020\/12\/conferencia-gollan-800x445.jpg?fit=992%2C552&ssl=1","jetpack_sharing_enabled":true,"_links":{"self":[{"href":"https:\/\/cdnoticias.com\/index.php\/wp-json\/wp\/v2\/posts\/9007","targetHints":{"allow":["GET"]}}],"collection":[{"href":"https:\/\/cdnoticias.com\/index.php\/wp-json\/wp\/v2\/posts"}],"about":[{"href":"https:\/\/cdnoticias.com\/index.php\/wp-json\/wp\/v2\/types\/post"}],"author":[{"embeddable":true,"href":"https:\/\/cdnoticias.com\/index.php\/wp-json\/wp\/v2\/users\/4"}],"replies":[{"embeddable":true,"href":"https:\/\/cdnoticias.com\/index.php\/wp-json\/wp\/v2\/comments?post=9007"}],"version-history":[{"count":0,"href":"https:\/\/cdnoticias.com\/index.php\/wp-json\/wp\/v2\/posts\/9007\/revisions"}],"wp:featuredmedia":[{"embeddable":true,"href":"https:\/\/cdnoticias.com\/index.php\/wp-json\/wp\/v2\/media\/9008"}],"wp:attachment":[{"href":"https:\/\/cdnoticias.com\/index.php\/wp-json\/wp\/v2\/media?parent=9007"}],"wp:term":[{"taxonomy":"category","embeddable":true,"href":"https:\/\/cdnoticias.com\/index.php\/wp-json\/wp\/v2\/categories?post=9007"},{"taxonomy":"post_tag","embeddable":true,"href":"https:\/\/cdnoticias.com\/index.php\/wp-json\/wp\/v2\/tags?post=9007"}],"curies":[{"name":"wp","href":"https:\/\/api.w.org\/{rel}","templated":true}]}}