{"id":90063,"date":"2023-07-13T17:15:17","date_gmt":"2023-07-13T20:15:17","guid":{"rendered":"https:\/\/www.centraldenoticias.com.ar\/?p=90063"},"modified":"2023-07-13T17:15:17","modified_gmt":"2023-07-13T20:15:17","slug":"carlos-alberto-apraiz-carlitos-q-e-p-d","status":"publish","type":"post","link":"https:\/\/cdnoticias.com\/index.php\/2023\/07\/13\/carlos-alberto-apraiz-carlitos-q-e-p-d\/","title":{"rendered":"Carlos Alberto Apraiz &#8220;Carlitos&#8221; (Q.E.P.D.)"},"content":{"rendered":"<p>Falleci\u00f3 en Olavarr\u00eda el d\u00eda 13 de julio de 2023 a los 71 a\u00f1os. Su compa\u00f1era Patricia Bianchi. Sus hijos del coraz\u00f3n Maximiliano Saborido y Victoria Valero. Sus nietos del coraz\u00f3n Valentino y Mercedes Saborido. Su<br \/>\nmadre Herminia Vicente. Su hermano Ricardo Apraiz. Sus hermanos pol\u00edticos. Sus sobrinos y dem\u00e1s deudos participan su fallecimiento.<\/p>\n<p>&nbsp;<\/p>\n<p>Velatorio: Espa\u00f1a 2942 departamento &#8220;F&#8221;. El velatorio cierra a las 22:00 y reabre el viernes 14 a las 8:00. Responso: Capilla Ardiente. Inhumaci\u00f3n: Cementerio Loma de Paz, viernes 14 de julio a las 10:30. Servicio adherido a Coopelectric.<\/p>\n<p>&nbsp;<\/p>\n<p>Barrio en el que viv\u00eda: Vecino de Barrio Bancario.<\/p>\n<p>Lugar de nacimiento: Nacido en Henderson.<\/p>\n<p>Actividad que desarrollaba: Jubilado y Empleado de Transsuelo.<\/p>\n","protected":false},"excerpt":{"rendered":"<p>Falleci\u00f3 en Olavarr\u00eda el d\u00eda 13 de julio de 2023 a los 71 a\u00f1os. Su compa\u00f1era Patricia Bianchi. Sus hijos<\/p>\n","protected":false},"author":6,"featured_media":67646,"comment_status":"closed","ping_status":"closed","sticky":false,"template":"","format":"standard","meta":{"_jetpack_memberships_contains_paid_content":false,"footnotes":""},"categories":[10],"tags":[],"class_list":["post-90063","post","type-post","status-publish","format-standard","has-post-thumbnail","hentry","category-necrologicas"],"jetpack_featured_media_url":"https:\/\/i0.wp.com\/cdnoticias.com\/wp-content\/uploads\/2022\/10\/necrologicas-390-x-240.jpg?fit=390%2C240&ssl=1","jetpack_sharing_enabled":true,"_links":{"self":[{"href":"https:\/\/cdnoticias.com\/index.php\/wp-json\/wp\/v2\/posts\/90063","targetHints":{"allow":["GET"]}}],"collection":[{"href":"https:\/\/cdnoticias.com\/index.php\/wp-json\/wp\/v2\/posts"}],"about":[{"href":"https:\/\/cdnoticias.com\/index.php\/wp-json\/wp\/v2\/types\/post"}],"author":[{"embeddable":true,"href":"https:\/\/cdnoticias.com\/index.php\/wp-json\/wp\/v2\/users\/6"}],"replies":[{"embeddable":true,"href":"https:\/\/cdnoticias.com\/index.php\/wp-json\/wp\/v2\/comments?post=90063"}],"version-history":[{"count":0,"href":"https:\/\/cdnoticias.com\/index.php\/wp-json\/wp\/v2\/posts\/90063\/revisions"}],"wp:featuredmedia":[{"embeddable":true,"href":"https:\/\/cdnoticias.com\/index.php\/wp-json\/wp\/v2\/media\/67646"}],"wp:attachment":[{"href":"https:\/\/cdnoticias.com\/index.php\/wp-json\/wp\/v2\/media?parent=90063"}],"wp:term":[{"taxonomy":"category","embeddable":true,"href":"https:\/\/cdnoticias.com\/index.php\/wp-json\/wp\/v2\/categories?post=90063"},{"taxonomy":"post_tag","embeddable":true,"href":"https:\/\/cdnoticias.com\/index.php\/wp-json\/wp\/v2\/tags?post=90063"}],"curies":[{"name":"wp","href":"https:\/\/api.w.org\/{rel}","templated":true}]}}