{"id":90016,"date":"2023-07-13T09:26:57","date_gmt":"2023-07-13T12:26:57","guid":{"rendered":"https:\/\/www.centraldenoticias.com.ar\/?p=90016"},"modified":"2023-07-13T09:26:57","modified_gmt":"2023-07-13T12:26:57","slug":"el-derecho-a-la-lectura-en-el-festival-del-libro","status":"publish","type":"post","link":"https:\/\/cdnoticias.com\/index.php\/2023\/07\/13\/el-derecho-a-la-lectura-en-el-festival-del-libro\/","title":{"rendered":"El derecho a la lectura en el Festival del Libro"},"content":{"rendered":"<p>Habr\u00e1 una charla \u2013 taller sobre Lectura F\u00e1cil impulsada por Librer\u00eda El Puente y dictada por la asociaci\u00f3n civil Lengua Franca. Qu\u00e9 es y c\u00f3mo se implementa.<!--more--><\/p>\n<hr \/>\n<p><strong>\u201cTodos y todas sin importar la edad o nuestras caracter\u00edsticas personales tenemos derecho a leer\u201d<\/strong>, as\u00ed lo sostuvieron desde Librer\u00eda El Puente para proponer durante la realizaci\u00f3n del Festival del Libro una charla \u2013 taller sobre Lectura F\u00e1cil.<\/p>\n<p>&nbsp;<\/p>\n<p>La<strong> Lectura F\u00e1cil<\/strong> es un modo de escribir que permite que m\u00e1s personas accedan a la informaci\u00f3n, la educaci\u00f3n y la cultura. Alcanza la lengua, el contenido y la forma; adem\u00e1s elimina obst\u00e1culos y favorece la inclusi\u00f3n.<\/p>\n<p>&nbsp;<\/p>\n<blockquote><p>Est\u00e1 destinada en particular a personas con discapacidad, adultos mayores, personas con poco h\u00e1bito lector, migrantes que hablan lenguas distintas del espa\u00f1ol.<\/p><\/blockquote>\n<p>&nbsp;<\/p>\n<p>Desde El Puente Librer\u00eda insisten en promover el <strong>derecho a la lectura.<\/strong> Esto significa promover el acceso al libro <strong>facilitando la remoci\u00f3n de barreras.<\/strong> En respuesta esta motivaci\u00f3n, invitaron a la licenciada Anal\u00eda Guti\u00e9rrez de la asociaci\u00f3n civil Lengua Franca que trabaja el derecho a la comunicaci\u00f3n y la lectura.<\/p>\n<p>&nbsp;<\/p>\n<p><img data-recalc-dims=\"1\" loading=\"lazy\" decoding=\"async\" class=\"aligncenter size-full wp-image-90018\" src=\"https:\/\/i0.wp.com\/cdnoticias.com\/wp-content\/uploads\/2023\/07\/lectura-facil.jpg?resize=750%2C750&#038;ssl=1\" alt=\"\" width=\"750\" height=\"750\" srcset=\"https:\/\/i0.wp.com\/cdnoticias.com\/wp-content\/uploads\/2023\/07\/lectura-facil.jpg?w=750&amp;ssl=1 750w, https:\/\/i0.wp.com\/cdnoticias.com\/wp-content\/uploads\/2023\/07\/lectura-facil.jpg?resize=300%2C300&amp;ssl=1 300w, https:\/\/i0.wp.com\/cdnoticias.com\/wp-content\/uploads\/2023\/07\/lectura-facil.jpg?resize=150%2C150&amp;ssl=1 150w\" sizes=\"auto, (max-width: 750px) 100vw, 750px\" \/><\/p>\n<p>&nbsp;<\/p>\n<blockquote><p>Lengua Franca produce y adapta textos informativos, educativos y literarios en Lectura F\u00e1cil (LF) para que sean accesibles a todas las personas.<\/p><\/blockquote>\n<p>&nbsp;<\/p>\n<p>La actividad se realizar\u00e1 el<strong> domingo 16 de julio a las 15:00 en el marco del Festival del Libro, en la Sala A de la Sociedad de Fomento Mariano Moreno,<\/strong> en avenida Sarmiento 3093.<\/p>\n<p>&nbsp;<\/p>\n<p>Los interesados en la actividad pueden acercarse a la librer\u00eda (Independencia 2843) o completar el siguiente formulario (<a href=\"https:\/\/docs.google.com\/forms\/d\/e\/1FAIpQLSdpU8hpWAW0kzqD97TfIpuiZZH8aM0u4mAlQup3RBt3O1EMmg\/viewform\" target=\"_blank\" rel=\"noopener\">click aqu\u00ed<\/a>).<\/p>\n","protected":false},"excerpt":{"rendered":"<p>Habr\u00e1 una charla \u2013 taller sobre Lectura F\u00e1cil impulsada por Librer\u00eda El Puente y dictada por la asociaci\u00f3n civil Lengua<\/p>\n","protected":false},"author":5,"featured_media":90017,"comment_status":"closed","ping_status":"closed","sticky":false,"template":"","format":"standard","meta":{"_jetpack_memberships_contains_paid_content":false,"footnotes":""},"categories":[9,1],"tags":[],"class_list":["post-90016","post","type-post","status-publish","format-standard","has-post-thumbnail","hentry","category-cultura","category-portada"],"jetpack_featured_media_url":"https:\/\/i0.wp.com\/cdnoticias.com\/wp-content\/uploads\/2023\/07\/festival-libro.jpg?fit=800%2C445&ssl=1","jetpack_sharing_enabled":true,"_links":{"self":[{"href":"https:\/\/cdnoticias.com\/index.php\/wp-json\/wp\/v2\/posts\/90016","targetHints":{"allow":["GET"]}}],"collection":[{"href":"https:\/\/cdnoticias.com\/index.php\/wp-json\/wp\/v2\/posts"}],"about":[{"href":"https:\/\/cdnoticias.com\/index.php\/wp-json\/wp\/v2\/types\/post"}],"author":[{"embeddable":true,"href":"https:\/\/cdnoticias.com\/index.php\/wp-json\/wp\/v2\/users\/5"}],"replies":[{"embeddable":true,"href":"https:\/\/cdnoticias.com\/index.php\/wp-json\/wp\/v2\/comments?post=90016"}],"version-history":[{"count":0,"href":"https:\/\/cdnoticias.com\/index.php\/wp-json\/wp\/v2\/posts\/90016\/revisions"}],"wp:featuredmedia":[{"embeddable":true,"href":"https:\/\/cdnoticias.com\/index.php\/wp-json\/wp\/v2\/media\/90017"}],"wp:attachment":[{"href":"https:\/\/cdnoticias.com\/index.php\/wp-json\/wp\/v2\/media?parent=90016"}],"wp:term":[{"taxonomy":"category","embeddable":true,"href":"https:\/\/cdnoticias.com\/index.php\/wp-json\/wp\/v2\/categories?post=90016"},{"taxonomy":"post_tag","embeddable":true,"href":"https:\/\/cdnoticias.com\/index.php\/wp-json\/wp\/v2\/tags?post=90016"}],"curies":[{"name":"wp","href":"https:\/\/api.w.org\/{rel}","templated":true}]}}