{"id":90005,"date":"2023-07-12T22:44:09","date_gmt":"2023-07-13T01:44:09","guid":{"rendered":"https:\/\/www.centraldenoticias.com.ar\/?p=90005"},"modified":"2023-07-13T08:25:02","modified_gmt":"2023-07-13T11:25:02","slug":"en-un-emotivo-acto-hernan-parra-presento-su-lista-de-precandidatos","status":"publish","type":"post","link":"https:\/\/cdnoticias.com\/index.php\/2023\/07\/12\/en-un-emotivo-acto-hernan-parra-presento-su-lista-de-precandidatos\/","title":{"rendered":"En un emotivo acto, Hern\u00e1n Parra present\u00f3 su lista de precandidatos"},"content":{"rendered":"<p>Visiblemente emocionado, pidi\u00f3 \u201cvolver a la ciudad que alguna vez fue\u201d, traz\u00f3 sus primeros ejes de propuestas y dej\u00f3 en claro que quiere &#8220;devolverle a Olavarr\u00eda todo lo que me dio&#8221;. \u201cCuando sea Intendente la H ser\u00e1 de Honestidad\u201d.<!--more--><\/p>\n<hr \/>\n<p>En la tarde de este mi\u00e9rcoles,<strong> el precandidato a Intendente por Uni\u00f3n por la Patria, Hern\u00e1n Parra, present\u00f3 su lista de precandidatos y precandidatas a concejales y consejeros escolares.<\/strong><\/p>\n<p>&nbsp;<\/p>\n<p>El acto fue en Club Pueblo Nuevo y adem\u00e1s de las y los precandidatos, estuvieron presentes referentes de espacio y militantes, entre ellos,<strong> el senador provincial y precandidato a concejal por Bol\u00edvar, Eduardo \u201cBali\u201d Bucca.<\/strong><\/p>\n<p>&nbsp;<\/p>\n<p><img data-recalc-dims=\"1\" loading=\"lazy\" decoding=\"async\" class=\"alignnone size-large wp-image-89997\" src=\"https:\/\/i0.wp.com\/cdnoticias.com\/wp-content\/uploads\/2023\/07\/parra-presenta-lista14.jpg?resize=800%2C445&#038;ssl=1\" alt=\"\" width=\"800\" height=\"445\" srcset=\"https:\/\/i0.wp.com\/cdnoticias.com\/wp-content\/uploads\/2023\/07\/parra-presenta-lista14-scaled.jpg?resize=1024%2C570&amp;ssl=1 1024w, https:\/\/i0.wp.com\/cdnoticias.com\/wp-content\/uploads\/2023\/07\/parra-presenta-lista14-scaled.jpg?resize=300%2C167&amp;ssl=1 300w, https:\/\/i0.wp.com\/cdnoticias.com\/wp-content\/uploads\/2023\/07\/parra-presenta-lista14-scaled.jpg?resize=768%2C427&amp;ssl=1 768w, https:\/\/i0.wp.com\/cdnoticias.com\/wp-content\/uploads\/2023\/07\/parra-presenta-lista14-scaled.jpg?resize=1536%2C855&amp;ssl=1 1536w, https:\/\/i0.wp.com\/cdnoticias.com\/wp-content\/uploads\/2023\/07\/parra-presenta-lista14-scaled.jpg?resize=2048%2C1140&amp;ssl=1 2048w, https:\/\/i0.wp.com\/cdnoticias.com\/wp-content\/uploads\/2023\/07\/parra-presenta-lista14-scaled.jpg?resize=800%2C445&amp;ssl=1 800w, https:\/\/i0.wp.com\/cdnoticias.com\/wp-content\/uploads\/2023\/07\/parra-presenta-lista14-scaled.jpg?w=1600&amp;ssl=1 1600w, https:\/\/i0.wp.com\/cdnoticias.com\/wp-content\/uploads\/2023\/07\/parra-presenta-lista14-scaled.jpg?w=2400&amp;ssl=1 2400w\" sizes=\"auto, (max-width: 800px) 100vw, 800px\" \/><\/p>\n<p>&nbsp;<\/p>\n<p><img data-recalc-dims=\"1\" loading=\"lazy\" decoding=\"async\" class=\"alignnone size-large wp-image-89986\" src=\"https:\/\/i0.wp.com\/cdnoticias.com\/wp-content\/uploads\/2023\/07\/parra-presenta-lista3.jpg?resize=800%2C445&#038;ssl=1\" alt=\"\" width=\"800\" height=\"445\" srcset=\"https:\/\/i0.wp.com\/cdnoticias.com\/wp-content\/uploads\/2023\/07\/parra-presenta-lista3.jpg?resize=1024%2C570&amp;ssl=1 1024w, https:\/\/i0.wp.com\/cdnoticias.com\/wp-content\/uploads\/2023\/07\/parra-presenta-lista3.jpg?resize=300%2C167&amp;ssl=1 300w, https:\/\/i0.wp.com\/cdnoticias.com\/wp-content\/uploads\/2023\/07\/parra-presenta-lista3.jpg?resize=768%2C428&amp;ssl=1 768w, https:\/\/i0.wp.com\/cdnoticias.com\/wp-content\/uploads\/2023\/07\/parra-presenta-lista3.jpg?resize=800%2C445&amp;ssl=1 800w, https:\/\/i0.wp.com\/cdnoticias.com\/wp-content\/uploads\/2023\/07\/parra-presenta-lista3.jpg?w=1029&amp;ssl=1 1029w\" sizes=\"auto, (max-width: 800px) 100vw, 800px\" \/><\/p>\n<p>&nbsp;<\/p>\n<p>Tambi\u00e9n se vio entre el p\u00fablico a integrantes de la agrupaci\u00f3n <strong>Olavarr\u00eda al Frente tales como los ex concejales Einar Iguerategui, Germ\u00e1n Aramburu, Alicia Almada, la ex delegada de Loma Negra Valeria Mil\u00eda, entre otras figuras.<\/strong><\/p>\n<p>&nbsp;<\/p>\n<p>Luego de presentar uno a uno a los precandidatos,<strong> con \u00e9nfasis en los tres primeros lugares de la lista para &#8220;Juani&#8221; Moreno, Manuela Cos y Sergio &#8220;Tano&#8221; Milesi junto a Eduardo Bucca en el escenario principal<\/strong>, ingres\u00f3 Hern\u00e1n Parra al lugar ante el aplauso de quienes concurrieron al sal\u00f3n de Pueblo Nuevo. <strong>Durante buena parte del acto estuvo visiblemente emocionado, recordando a su familia, sus amigos y todos los que decidieron acompa\u00f1arlo en este camino de buscar el Municipio.<\/strong><\/p>\n<p>&nbsp;<\/p>\n<p><img data-recalc-dims=\"1\" loading=\"lazy\" decoding=\"async\" class=\"alignnone size-large wp-image-89995\" src=\"https:\/\/i0.wp.com\/cdnoticias.com\/wp-content\/uploads\/2023\/07\/parra-presenta-lista12.jpg?resize=800%2C445&#038;ssl=1\" alt=\"\" width=\"800\" height=\"445\" srcset=\"https:\/\/i0.wp.com\/cdnoticias.com\/wp-content\/uploads\/2023\/07\/parra-presenta-lista12-scaled.jpg?resize=1024%2C570&amp;ssl=1 1024w, https:\/\/i0.wp.com\/cdnoticias.com\/wp-content\/uploads\/2023\/07\/parra-presenta-lista12-scaled.jpg?resize=300%2C167&amp;ssl=1 300w, https:\/\/i0.wp.com\/cdnoticias.com\/wp-content\/uploads\/2023\/07\/parra-presenta-lista12-scaled.jpg?resize=768%2C427&amp;ssl=1 768w, https:\/\/i0.wp.com\/cdnoticias.com\/wp-content\/uploads\/2023\/07\/parra-presenta-lista12-scaled.jpg?resize=1536%2C854&amp;ssl=1 1536w, https:\/\/i0.wp.com\/cdnoticias.com\/wp-content\/uploads\/2023\/07\/parra-presenta-lista12-scaled.jpg?resize=2048%2C1139&amp;ssl=1 2048w, https:\/\/i0.wp.com\/cdnoticias.com\/wp-content\/uploads\/2023\/07\/parra-presenta-lista12-scaled.jpg?resize=800%2C445&amp;ssl=1 800w, https:\/\/i0.wp.com\/cdnoticias.com\/wp-content\/uploads\/2023\/07\/parra-presenta-lista12-scaled.jpg?w=1600&amp;ssl=1 1600w, https:\/\/i0.wp.com\/cdnoticias.com\/wp-content\/uploads\/2023\/07\/parra-presenta-lista12-scaled.jpg?w=2400&amp;ssl=1 2400w\" sizes=\"auto, (max-width: 800px) 100vw, 800px\" \/><\/p>\n<p>&nbsp;<\/p>\n<p><img data-recalc-dims=\"1\" loading=\"lazy\" decoding=\"async\" class=\"alignnone size-large wp-image-89996\" src=\"https:\/\/i0.wp.com\/cdnoticias.com\/wp-content\/uploads\/2023\/07\/parra-presenta-lista13.jpg?resize=800%2C445&#038;ssl=1\" alt=\"\" width=\"800\" height=\"445\" srcset=\"https:\/\/i0.wp.com\/cdnoticias.com\/wp-content\/uploads\/2023\/07\/parra-presenta-lista13-scaled.jpg?resize=1024%2C570&amp;ssl=1 1024w, https:\/\/i0.wp.com\/cdnoticias.com\/wp-content\/uploads\/2023\/07\/parra-presenta-lista13-scaled.jpg?resize=300%2C167&amp;ssl=1 300w, https:\/\/i0.wp.com\/cdnoticias.com\/wp-content\/uploads\/2023\/07\/parra-presenta-lista13-scaled.jpg?resize=768%2C427&amp;ssl=1 768w, https:\/\/i0.wp.com\/cdnoticias.com\/wp-content\/uploads\/2023\/07\/parra-presenta-lista13-scaled.jpg?resize=1536%2C855&amp;ssl=1 1536w, https:\/\/i0.wp.com\/cdnoticias.com\/wp-content\/uploads\/2023\/07\/parra-presenta-lista13-scaled.jpg?resize=2048%2C1140&amp;ssl=1 2048w, https:\/\/i0.wp.com\/cdnoticias.com\/wp-content\/uploads\/2023\/07\/parra-presenta-lista13-scaled.jpg?resize=800%2C445&amp;ssl=1 800w, https:\/\/i0.wp.com\/cdnoticias.com\/wp-content\/uploads\/2023\/07\/parra-presenta-lista13-scaled.jpg?w=1600&amp;ssl=1 1600w, https:\/\/i0.wp.com\/cdnoticias.com\/wp-content\/uploads\/2023\/07\/parra-presenta-lista13-scaled.jpg?w=2400&amp;ssl=1 2400w\" sizes=\"auto, (max-width: 800px) 100vw, 800px\" \/><\/p>\n<p>&nbsp;<\/p>\n<p><img data-recalc-dims=\"1\" loading=\"lazy\" decoding=\"async\" class=\"alignnone size-large wp-image-89990\" src=\"https:\/\/i0.wp.com\/cdnoticias.com\/wp-content\/uploads\/2023\/07\/parra-presenta-lista7.jpg?resize=800%2C445&#038;ssl=1\" alt=\"\" width=\"800\" height=\"445\" srcset=\"https:\/\/i0.wp.com\/cdnoticias.com\/wp-content\/uploads\/2023\/07\/parra-presenta-lista7-scaled.jpg?resize=1024%2C570&amp;ssl=1 1024w, https:\/\/i0.wp.com\/cdnoticias.com\/wp-content\/uploads\/2023\/07\/parra-presenta-lista7-scaled.jpg?resize=300%2C167&amp;ssl=1 300w, https:\/\/i0.wp.com\/cdnoticias.com\/wp-content\/uploads\/2023\/07\/parra-presenta-lista7-scaled.jpg?resize=768%2C427&amp;ssl=1 768w, https:\/\/i0.wp.com\/cdnoticias.com\/wp-content\/uploads\/2023\/07\/parra-presenta-lista7-scaled.jpg?resize=1536%2C855&amp;ssl=1 1536w, https:\/\/i0.wp.com\/cdnoticias.com\/wp-content\/uploads\/2023\/07\/parra-presenta-lista7-scaled.jpg?resize=2048%2C1140&amp;ssl=1 2048w, https:\/\/i0.wp.com\/cdnoticias.com\/wp-content\/uploads\/2023\/07\/parra-presenta-lista7-scaled.jpg?resize=800%2C445&amp;ssl=1 800w, https:\/\/i0.wp.com\/cdnoticias.com\/wp-content\/uploads\/2023\/07\/parra-presenta-lista7-scaled.jpg?w=1600&amp;ssl=1 1600w, https:\/\/i0.wp.com\/cdnoticias.com\/wp-content\/uploads\/2023\/07\/parra-presenta-lista7-scaled.jpg?w=2400&amp;ssl=1 2400w\" sizes=\"auto, (max-width: 800px) 100vw, 800px\" \/><\/p>\n<p>&nbsp;<\/p>\n<p><img data-recalc-dims=\"1\" loading=\"lazy\" decoding=\"async\" class=\"alignnone size-large wp-image-89993\" src=\"https:\/\/i0.wp.com\/cdnoticias.com\/wp-content\/uploads\/2023\/07\/parra-presenta-lista10.jpg?resize=800%2C445&#038;ssl=1\" alt=\"\" width=\"800\" height=\"445\" srcset=\"https:\/\/i0.wp.com\/cdnoticias.com\/wp-content\/uploads\/2023\/07\/parra-presenta-lista10-scaled.jpg?resize=1024%2C570&amp;ssl=1 1024w, https:\/\/i0.wp.com\/cdnoticias.com\/wp-content\/uploads\/2023\/07\/parra-presenta-lista10-scaled.jpg?resize=300%2C167&amp;ssl=1 300w, https:\/\/i0.wp.com\/cdnoticias.com\/wp-content\/uploads\/2023\/07\/parra-presenta-lista10-scaled.jpg?resize=768%2C427&amp;ssl=1 768w, https:\/\/i0.wp.com\/cdnoticias.com\/wp-content\/uploads\/2023\/07\/parra-presenta-lista10-scaled.jpg?resize=1536%2C854&amp;ssl=1 1536w, https:\/\/i0.wp.com\/cdnoticias.com\/wp-content\/uploads\/2023\/07\/parra-presenta-lista10-scaled.jpg?resize=2048%2C1139&amp;ssl=1 2048w, https:\/\/i0.wp.com\/cdnoticias.com\/wp-content\/uploads\/2023\/07\/parra-presenta-lista10-scaled.jpg?resize=800%2C445&amp;ssl=1 800w, https:\/\/i0.wp.com\/cdnoticias.com\/wp-content\/uploads\/2023\/07\/parra-presenta-lista10-scaled.jpg?w=1600&amp;ssl=1 1600w, https:\/\/i0.wp.com\/cdnoticias.com\/wp-content\/uploads\/2023\/07\/parra-presenta-lista10-scaled.jpg?w=2400&amp;ssl=1 2400w\" sizes=\"auto, (max-width: 800px) 100vw, 800px\" \/><\/p>\n<p>&nbsp;<\/p>\n<p><img data-recalc-dims=\"1\" loading=\"lazy\" decoding=\"async\" class=\"alignnone size-large wp-image-89992\" src=\"https:\/\/i0.wp.com\/cdnoticias.com\/wp-content\/uploads\/2023\/07\/parra-presenta-lista9.jpg?resize=800%2C445&#038;ssl=1\" alt=\"\" width=\"800\" height=\"445\" srcset=\"https:\/\/i0.wp.com\/cdnoticias.com\/wp-content\/uploads\/2023\/07\/parra-presenta-lista9-scaled.jpg?resize=1024%2C570&amp;ssl=1 1024w, https:\/\/i0.wp.com\/cdnoticias.com\/wp-content\/uploads\/2023\/07\/parra-presenta-lista9-scaled.jpg?resize=300%2C167&amp;ssl=1 300w, https:\/\/i0.wp.com\/cdnoticias.com\/wp-content\/uploads\/2023\/07\/parra-presenta-lista9-scaled.jpg?resize=768%2C427&amp;ssl=1 768w, https:\/\/i0.wp.com\/cdnoticias.com\/wp-content\/uploads\/2023\/07\/parra-presenta-lista9-scaled.jpg?resize=1536%2C855&amp;ssl=1 1536w, https:\/\/i0.wp.com\/cdnoticias.com\/wp-content\/uploads\/2023\/07\/parra-presenta-lista9-scaled.jpg?resize=2048%2C1140&amp;ssl=1 2048w, https:\/\/i0.wp.com\/cdnoticias.com\/wp-content\/uploads\/2023\/07\/parra-presenta-lista9-scaled.jpg?resize=800%2C445&amp;ssl=1 800w, https:\/\/i0.wp.com\/cdnoticias.com\/wp-content\/uploads\/2023\/07\/parra-presenta-lista9-scaled.jpg?w=1600&amp;ssl=1 1600w, https:\/\/i0.wp.com\/cdnoticias.com\/wp-content\/uploads\/2023\/07\/parra-presenta-lista9-scaled.jpg?w=2400&amp;ssl=1 2400w\" sizes=\"auto, (max-width: 800px) 100vw, 800px\" \/><\/p>\n<p>&nbsp;<\/p>\n<p>El acto tuvo tres oradores: primeramente, <strong>Juani Moreno<\/strong> habl\u00f3<em> \u201cdel orgullo de pertenecer en una lista con experiencia y juventud. Yo no olvido, soy hijo de dos trabajadores incansables para poder darnos una vida digna, soy hijo de la escuela p\u00fablica, la universidad p\u00fablica\u201d.<\/em><\/p>\n<p>&nbsp;<\/p>\n<p><img data-recalc-dims=\"1\" loading=\"lazy\" decoding=\"async\" class=\"alignnone size-large wp-image-89985\" src=\"https:\/\/i0.wp.com\/cdnoticias.com\/wp-content\/uploads\/2023\/07\/parra-presenta-lista2.jpg?resize=800%2C445&#038;ssl=1\" alt=\"\" width=\"800\" height=\"445\" srcset=\"https:\/\/i0.wp.com\/cdnoticias.com\/wp-content\/uploads\/2023\/07\/parra-presenta-lista2.jpg?resize=1024%2C569&amp;ssl=1 1024w, https:\/\/i0.wp.com\/cdnoticias.com\/wp-content\/uploads\/2023\/07\/parra-presenta-lista2.jpg?resize=300%2C167&amp;ssl=1 300w, https:\/\/i0.wp.com\/cdnoticias.com\/wp-content\/uploads\/2023\/07\/parra-presenta-lista2.jpg?resize=768%2C427&amp;ssl=1 768w, https:\/\/i0.wp.com\/cdnoticias.com\/wp-content\/uploads\/2023\/07\/parra-presenta-lista2.jpg?resize=800%2C445&amp;ssl=1 800w, https:\/\/i0.wp.com\/cdnoticias.com\/wp-content\/uploads\/2023\/07\/parra-presenta-lista2.jpg?w=1029&amp;ssl=1 1029w\" sizes=\"auto, (max-width: 800px) 100vw, 800px\" \/><\/p>\n<p>&nbsp;<\/p>\n<blockquote><p>Adem\u00e1s, Moreno cont\u00f3 que a los 19 a\u00f1os qued\u00f3 en sillas de ruedas y &#8220;ah\u00ed tuve que aplicar todos los valores que me ense\u00f1aron en mi familia. Y lo dimos todo&#8221; a la par que record\u00f3 la campa\u00f1a \u201cTodos por Juani\u201d de hace 10 a\u00f1os que moviliz\u00f3 a toda la ciudad.<\/p><\/blockquote>\n<p>&nbsp;<\/p>\n<p><strong><em>\u201cCuando arranqu\u00e9 a hablar con Hern\u00e1n fue muy f\u00e1cil, porque los dos queremos devolverle a Olavarr\u00eda todo lo que nos dio\u201d<\/em> <\/strong>cerr\u00f3 Moreno.<\/p>\n<p>&nbsp;<\/p>\n<p><img data-recalc-dims=\"1\" loading=\"lazy\" decoding=\"async\" class=\"alignnone size-large wp-image-89984\" src=\"https:\/\/i0.wp.com\/cdnoticias.com\/wp-content\/uploads\/2023\/07\/parra-presenta-lista1.jpg?resize=800%2C445&#038;ssl=1\" alt=\"\" width=\"800\" height=\"445\" srcset=\"https:\/\/i0.wp.com\/cdnoticias.com\/wp-content\/uploads\/2023\/07\/parra-presenta-lista1.jpg?resize=1024%2C570&amp;ssl=1 1024w, https:\/\/i0.wp.com\/cdnoticias.com\/wp-content\/uploads\/2023\/07\/parra-presenta-lista1.jpg?resize=300%2C167&amp;ssl=1 300w, https:\/\/i0.wp.com\/cdnoticias.com\/wp-content\/uploads\/2023\/07\/parra-presenta-lista1.jpg?resize=768%2C428&amp;ssl=1 768w, https:\/\/i0.wp.com\/cdnoticias.com\/wp-content\/uploads\/2023\/07\/parra-presenta-lista1.jpg?resize=800%2C445&amp;ssl=1 800w, https:\/\/i0.wp.com\/cdnoticias.com\/wp-content\/uploads\/2023\/07\/parra-presenta-lista1.jpg?w=1029&amp;ssl=1 1029w\" sizes=\"auto, (max-width: 800px) 100vw, 800px\" \/><\/p>\n<p>&nbsp;<\/p>\n<p>Al turno de Bali Bucca, el senador provincial expres\u00f3 <em>\u201cel orgullo que da ver el crecimiento de este espacio, de la generaci\u00f3n de esta lista tan plural, con la menci\u00f3n tan reiterada de que es la primera experiencia pol\u00edtica de muchos. Es una gran fortaleza\u201d.<\/em><\/p>\n<p>&nbsp;<\/p>\n<p>Bucca tambi\u00e9n habl\u00f3 de todos los que pertenecen a Olavarr\u00eda al Frente, donde<strong><em> &#8220;las palabras todas ten\u00edan el mismo peso. No hab\u00eda verticalidad, nos motivaban las ideas. Hern\u00e1n fue tomando liderazgo, con trabajo, vocaci\u00f3n de servicio, energ\u00eda, incansable. Al punto de salir a recorrer hasta el \u00faltimo barrio de Olavarr\u00eda\u201d.<\/em><\/strong><\/p>\n<p>&nbsp;<\/p>\n<p><img data-recalc-dims=\"1\" loading=\"lazy\" decoding=\"async\" class=\"alignnone size-large wp-image-90004\" src=\"https:\/\/i0.wp.com\/cdnoticias.com\/wp-content\/uploads\/2023\/07\/parra-presenta-lista22.jpg?resize=800%2C445&#038;ssl=1\" alt=\"\" width=\"800\" height=\"445\" srcset=\"https:\/\/i0.wp.com\/cdnoticias.com\/wp-content\/uploads\/2023\/07\/parra-presenta-lista22.jpg?resize=1024%2C570&amp;ssl=1 1024w, https:\/\/i0.wp.com\/cdnoticias.com\/wp-content\/uploads\/2023\/07\/parra-presenta-lista22.jpg?resize=300%2C167&amp;ssl=1 300w, https:\/\/i0.wp.com\/cdnoticias.com\/wp-content\/uploads\/2023\/07\/parra-presenta-lista22.jpg?resize=768%2C428&amp;ssl=1 768w, https:\/\/i0.wp.com\/cdnoticias.com\/wp-content\/uploads\/2023\/07\/parra-presenta-lista22.jpg?resize=800%2C445&amp;ssl=1 800w, https:\/\/i0.wp.com\/cdnoticias.com\/wp-content\/uploads\/2023\/07\/parra-presenta-lista22.jpg?w=1029&amp;ssl=1 1029w\" sizes=\"auto, (max-width: 800px) 100vw, 800px\" \/><\/p>\n<p>&nbsp;<\/p>\n<p>Por otra parte, Bucca habl\u00f3 de las viviendas propias y sostuvo: <em>\u201cC\u00f3mo puede ser que, en Bol\u00edvar,<strong> ciudad mucho m\u00e1s peque\u00f1a tenga mayores soluciones habitacionales que Olavarr\u00eda, a la que le envidiamos tantas cosas.<\/strong> Nadie pide una vivienda regalada, poder pagar una vivienda propia\u201d.<\/em><\/p>\n<p>&nbsp;<\/p>\n<blockquote><p>\u201cHern\u00e1n tom\u00f3 la decisi\u00f3n de volcarse a pleno en la pol\u00edtica, en un momento donde est\u00e1 desprestigiada. De meterse al barro. No tengo dudas de que Hern\u00e1n Parra es el mejor intendente que puede tener Olavarr\u00eda en 2023. Tenemos 30 d\u00edas para contarle a Olavarr\u00eda qui\u00e9n es Hern\u00e1n Parra, una persona honesta, sensible, audaz y valiente\u201d cerr\u00f3 Bucca.<\/p><\/blockquote>\n<p>&nbsp;<\/p>\n<p>El precandidato a Intendente, quien continuaba emocionado, agradeci\u00f3 a los presentes, a los compa\u00f1eros del espacio y al dirigente bolivarense<strong><em> \u201cpor la libertad y la independencia de tener un espacio donde cada uno puede opinar\u201d.<\/em><\/strong> Tambi\u00e9n agradeci\u00f3 a \u201cEinar, Valeria, Germ\u00e1n y Adriana\u201d quienes<em> &#8220;priorizaron no estar en la lista y acompa\u00f1ar cada uno desde su lugar&#8221;<\/em>, a sus padres, a sus hijos y su compa\u00f1era.<\/p>\n<p>&nbsp;<\/p>\n<p><img data-recalc-dims=\"1\" loading=\"lazy\" decoding=\"async\" class=\"alignnone size-large wp-image-90003\" src=\"https:\/\/i0.wp.com\/cdnoticias.com\/wp-content\/uploads\/2023\/07\/parra-presenta-lista21.jpg?resize=800%2C445&#038;ssl=1\" alt=\"\" width=\"800\" height=\"445\" srcset=\"https:\/\/i0.wp.com\/cdnoticias.com\/wp-content\/uploads\/2023\/07\/parra-presenta-lista21-scaled.jpg?resize=1024%2C570&amp;ssl=1 1024w, https:\/\/i0.wp.com\/cdnoticias.com\/wp-content\/uploads\/2023\/07\/parra-presenta-lista21-scaled.jpg?resize=300%2C167&amp;ssl=1 300w, https:\/\/i0.wp.com\/cdnoticias.com\/wp-content\/uploads\/2023\/07\/parra-presenta-lista21-scaled.jpg?resize=768%2C427&amp;ssl=1 768w, https:\/\/i0.wp.com\/cdnoticias.com\/wp-content\/uploads\/2023\/07\/parra-presenta-lista21-scaled.jpg?resize=1536%2C855&amp;ssl=1 1536w, https:\/\/i0.wp.com\/cdnoticias.com\/wp-content\/uploads\/2023\/07\/parra-presenta-lista21-scaled.jpg?resize=2048%2C1140&amp;ssl=1 2048w, https:\/\/i0.wp.com\/cdnoticias.com\/wp-content\/uploads\/2023\/07\/parra-presenta-lista21-scaled.jpg?resize=800%2C445&amp;ssl=1 800w, https:\/\/i0.wp.com\/cdnoticias.com\/wp-content\/uploads\/2023\/07\/parra-presenta-lista21-scaled.jpg?w=1600&amp;ssl=1 1600w, https:\/\/i0.wp.com\/cdnoticias.com\/wp-content\/uploads\/2023\/07\/parra-presenta-lista21-scaled.jpg?w=2400&amp;ssl=1 2400w\" sizes=\"auto, (max-width: 800px) 100vw, 800px\" \/><\/p>\n<p>&nbsp;<\/p>\n<p><em>\u201cNo se puede ser Intendente de una ciudad siendo delegado, ac\u00e1 no se pelearon por un cargo, priorizaron esto que es m\u00e1s importante. Cuando arranque a caminar escuche que la ciudad no les gustaba, que necesitaban que gente nueva aparezca en la pol\u00edtica. Tom\u00e9 ese mensaje y adem\u00e1s de escuchar, hablamos con el equipo de armar propuestas superadoras y volver a la Olavarr\u00eda que supo ser\u201d<\/em> indic\u00f3 Parra.<\/p>\n<p>&nbsp;<\/p>\n<blockquote><p>\u201cTenemos recursos humanos, recursos naturales, buena gente, los parques. Necesitamos potenciarlos. Necesitamos un Estado promotor del desarrollo econ\u00f3mico, humano, promotor de la cultura, el deporte y el turismo. Y tenemos con qu\u00e9\u201d sostuvo el precandidato a Intendente.<\/p><\/blockquote>\n<p>&nbsp;<\/p>\n<p>Adem\u00e1s, Parra agreg\u00f3 que tambi\u00e9n <strong><em>\u201ctenemos el Impuesto a la Piedra, y vamos a usarlo como corresponde, en obras de infraestructura. Vamos a acompa\u00f1ar y gestionar las nuevas empresas y las empresas ya radicadas\u201d.<\/em><\/strong><\/p>\n<p>&nbsp;<\/p>\n<p><img data-recalc-dims=\"1\" loading=\"lazy\" decoding=\"async\" class=\"alignnone size-large wp-image-90000\" src=\"https:\/\/i0.wp.com\/cdnoticias.com\/wp-content\/uploads\/2023\/07\/parra-presenta-lista18.jpg?resize=800%2C445&#038;ssl=1\" alt=\"\" width=\"800\" height=\"445\" srcset=\"https:\/\/i0.wp.com\/cdnoticias.com\/wp-content\/uploads\/2023\/07\/parra-presenta-lista18-scaled.jpg?resize=1024%2C570&amp;ssl=1 1024w, https:\/\/i0.wp.com\/cdnoticias.com\/wp-content\/uploads\/2023\/07\/parra-presenta-lista18-scaled.jpg?resize=300%2C167&amp;ssl=1 300w, https:\/\/i0.wp.com\/cdnoticias.com\/wp-content\/uploads\/2023\/07\/parra-presenta-lista18-scaled.jpg?resize=768%2C427&amp;ssl=1 768w, https:\/\/i0.wp.com\/cdnoticias.com\/wp-content\/uploads\/2023\/07\/parra-presenta-lista18-scaled.jpg?resize=1536%2C854&amp;ssl=1 1536w, https:\/\/i0.wp.com\/cdnoticias.com\/wp-content\/uploads\/2023\/07\/parra-presenta-lista18-scaled.jpg?resize=2048%2C1139&amp;ssl=1 2048w, https:\/\/i0.wp.com\/cdnoticias.com\/wp-content\/uploads\/2023\/07\/parra-presenta-lista18-scaled.jpg?resize=800%2C445&amp;ssl=1 800w, https:\/\/i0.wp.com\/cdnoticias.com\/wp-content\/uploads\/2023\/07\/parra-presenta-lista18-scaled.jpg?w=1600&amp;ssl=1 1600w, https:\/\/i0.wp.com\/cdnoticias.com\/wp-content\/uploads\/2023\/07\/parra-presenta-lista18-scaled.jpg?w=2400&amp;ssl=1 2400w\" sizes=\"auto, (max-width: 800px) 100vw, 800px\" \/><\/p>\n<p>&nbsp;<\/p>\n<p>En cuanto a la Salud, remarc\u00f3 que <em>\u201cel sistema de salud est\u00e1 enfermo, necesita ser redise\u00f1ado. Necesitamos una mesa donde est\u00e9n todos los actores. Mi prioridad es que cada vecino que no tenga obra social ni los recursos se atienda de forma gratuita<strong>. No alcanza con acumular deuda para extorsionar y no dar el carnet de conducir.<\/strong> Conmigo eso se termina, nunca m\u00e1s\u201d.<\/em><\/p>\n<p>&nbsp;<\/p>\n<p>Tambi\u00e9n dijo que hay que<em> \u201creforzar la guardia de pediatr\u00eda los fines de semana, el cuidado de adultos mayores, no hay que destratarlos\u201d.<\/em><\/p>\n<p>&nbsp;<\/p>\n<p>Por otro lado, Parra cont\u00f3 m\u00e1s propuestas y entre ellas habl\u00f3 de<em> \u201cpotenciar el banco de tierras\u201d y de \u201cmejorar el mecanismo de autoconstrucci\u00f3n\u201d.<\/em><\/p>\n<p>&nbsp;<\/p>\n<p><img data-recalc-dims=\"1\" loading=\"lazy\" decoding=\"async\" class=\"alignnone size-large wp-image-90001\" src=\"https:\/\/i0.wp.com\/cdnoticias.com\/wp-content\/uploads\/2023\/07\/parra-presenta-lista19.jpg?resize=800%2C445&#038;ssl=1\" alt=\"\" width=\"800\" height=\"445\" srcset=\"https:\/\/i0.wp.com\/cdnoticias.com\/wp-content\/uploads\/2023\/07\/parra-presenta-lista19.jpg?resize=1024%2C569&amp;ssl=1 1024w, https:\/\/i0.wp.com\/cdnoticias.com\/wp-content\/uploads\/2023\/07\/parra-presenta-lista19.jpg?resize=300%2C167&amp;ssl=1 300w, https:\/\/i0.wp.com\/cdnoticias.com\/wp-content\/uploads\/2023\/07\/parra-presenta-lista19.jpg?resize=768%2C427&amp;ssl=1 768w, https:\/\/i0.wp.com\/cdnoticias.com\/wp-content\/uploads\/2023\/07\/parra-presenta-lista19.jpg?resize=800%2C445&amp;ssl=1 800w, https:\/\/i0.wp.com\/cdnoticias.com\/wp-content\/uploads\/2023\/07\/parra-presenta-lista19.jpg?w=1029&amp;ssl=1 1029w\" sizes=\"auto, (max-width: 800px) 100vw, 800px\" \/><\/p>\n<p>&nbsp;<\/p>\n<p>En la misma l\u00ednea, advirti\u00f3: <strong><em>\u201cQueremos que el Juzgado de Faltas no sea una oficina recaudadora del Municipio. La gesti\u00f3n p\u00fablica es la herramienta transformadora para mejorar la vida de la gente\u201d.<\/em><\/strong><\/p>\n<p>&nbsp;<\/p>\n<p><strong><em>\u201cMi compromiso es con ustedes. Yo no soy pol\u00edtico, vengo del sector privado. Quiero que sepan que voy a ponerle a la ciudad una H grande adelante. No va a deformar el nombre de la ciudad, no es la de mi nombre, es la H de Honestidad\u201d<\/em> <\/strong>cerr\u00f3 Parra, ya no como comerciante, sino con la voz y la fuerza de un dirigente pol\u00edtico.<\/p>\n","protected":false},"excerpt":{"rendered":"<p>Visiblemente emocionado, pidi\u00f3 \u201cvolver a la ciudad que alguna vez fue\u201d, traz\u00f3 sus primeros ejes de propuestas y dej\u00f3 en<\/p>\n","protected":false},"author":2,"featured_media":89987,"comment_status":"closed","ping_status":"closed","sticky":false,"template":"","format":"standard","meta":{"_jetpack_memberships_contains_paid_content":false,"footnotes":""},"categories":[4,1],"tags":[],"class_list":["post-90005","post","type-post","status-publish","format-standard","has-post-thumbnail","hentry","category-politica","category-portada"],"jetpack_featured_media_url":"https:\/\/i0.wp.com\/cdnoticias.com\/wp-content\/uploads\/2023\/07\/parra-presenta-lista4.jpg?fit=1029%2C573&ssl=1","jetpack_sharing_enabled":true,"_links":{"self":[{"href":"https:\/\/cdnoticias.com\/index.php\/wp-json\/wp\/v2\/posts\/90005","targetHints":{"allow":["GET"]}}],"collection":[{"href":"https:\/\/cdnoticias.com\/index.php\/wp-json\/wp\/v2\/posts"}],"about":[{"href":"https:\/\/cdnoticias.com\/index.php\/wp-json\/wp\/v2\/types\/post"}],"author":[{"embeddable":true,"href":"https:\/\/cdnoticias.com\/index.php\/wp-json\/wp\/v2\/users\/2"}],"replies":[{"embeddable":true,"href":"https:\/\/cdnoticias.com\/index.php\/wp-json\/wp\/v2\/comments?post=90005"}],"version-history":[{"count":0,"href":"https:\/\/cdnoticias.com\/index.php\/wp-json\/wp\/v2\/posts\/90005\/revisions"}],"wp:featuredmedia":[{"embeddable":true,"href":"https:\/\/cdnoticias.com\/index.php\/wp-json\/wp\/v2\/media\/89987"}],"wp:attachment":[{"href":"https:\/\/cdnoticias.com\/index.php\/wp-json\/wp\/v2\/media?parent=90005"}],"wp:term":[{"taxonomy":"category","embeddable":true,"href":"https:\/\/cdnoticias.com\/index.php\/wp-json\/wp\/v2\/categories?post=90005"},{"taxonomy":"post_tag","embeddable":true,"href":"https:\/\/cdnoticias.com\/index.php\/wp-json\/wp\/v2\/tags?post=90005"}],"curies":[{"name":"wp","href":"https:\/\/api.w.org\/{rel}","templated":true}]}}