{"id":89971,"date":"2023-07-15T10:30:15","date_gmt":"2023-07-15T13:30:15","guid":{"rendered":"https:\/\/www.centraldenoticias.com.ar\/?p=89971"},"modified":"2023-07-15T10:30:15","modified_gmt":"2023-07-15T13:30:15","slug":"hacen-pilas-recargables-con-yerba-usada-y-buscan-que-se-fabriquen-a-escala-industrial","status":"publish","type":"post","link":"https:\/\/cdnoticias.com\/index.php\/2023\/07\/15\/hacen-pilas-recargables-con-yerba-usada-y-buscan-que-se-fabriquen-a-escala-industrial\/","title":{"rendered":"Hacen pilas recargables con yerba usada y buscan que se fabriquen a escala industrial"},"content":{"rendered":"<p>La ingeniera Florencia Jerez, integrante del Intelymec, se capacit\u00f3 en la Universidad Aut\u00f3noma de Madrid y explica c\u00f3mo logr\u00f3 adelantar seis meses de investigaci\u00f3n.<!--more--><\/p>\n<hr \/>\n<p>El almacenamiento energ\u00e9tico est\u00e1 demostrado. Lo equiparan con el t\u00e9, un residuo m\u00e1s internacional, pero tambi\u00e9n es v\u00e1lido para trigo y cannabis. Ya est\u00e1 en curso una planta m\u00f3vil y aseguran que ser\u00eda un negocio ambientalmente amigable. La <strong>ingeniera Florencia Jerez<\/strong>, integrante del Intelymec, se capacit\u00f3 en la <strong>Universidad Aut\u00f3noma de Madrid<\/strong> y explica c\u00f3mo logr\u00f3 <strong>adelantar seis meses de investigaci\u00f3n.<\/strong><\/p>\n<p>&nbsp;<\/p>\n<p>\u201cMe traje tantos datos para procesar que estoy sobrepasada\u201d, dijo la ingeniera Florencia Jerez de regreso al pa\u00eds, tras<strong> reconfirmar que una ronda de mate puede generar pilas de yerba capaces de almacenar energ\u00eda y ser recargables.<\/strong> Espa\u00f1a sirvi\u00f3 para potenciar un proyecto que es impulsado por el grupo de Investigaci\u00f3n Tecnol\u00f3gica en Electricidad y Mecatr\u00f3nica (Intelymec) desde la Facultad de Ingenier\u00eda de Olavarr\u00eda (FIO).<\/p>\n<p>&nbsp;<\/p>\n<p>Florencia Jerez desarrolla desde 2019 el Doctorado en Ingenier\u00eda, Menci\u00f3n Tecnolog\u00eda Qu\u00edmica en la FIO en el marco de una Beca Interna Doctoral, temas estrat\u00e9gicos de CONICET en el CIFICEN sede Olavarr\u00eda. Tambi\u00e9n es docente.<\/p>\n<p>&nbsp;<\/p>\n<p>Desde ese lugar <strong>obtuvo una de las 10 becas anuales<\/strong> de la Fundaci\u00f3n Carolina &#8211; Ministerio de Educaci\u00f3n de la Naci\u00f3n para completar la caracterizaci\u00f3n electroqu\u00edmica de los carbones de yerba mate en la Universidad Aut\u00f3noma de Madrid. Lo hizo bajo la direcci\u00f3n de Pilar Gonz\u00e1lez Herrasti que la conect\u00f3 con el Instituto IMDEA Energ\u00eda, donde cont\u00f3 con la gu\u00eda de Enrique Garc\u00eda-Quismondo.<\/p>\n<p>&nbsp;<\/p>\n<p><img data-recalc-dims=\"1\" loading=\"lazy\" decoding=\"async\" class=\"aligncenter wp-image-89974 size-large\" src=\"https:\/\/i0.wp.com\/cdnoticias.com\/wp-content\/uploads\/2023\/07\/2-2.jpg?resize=800%2C600&#038;ssl=1\" alt=\"\" width=\"800\" height=\"600\" srcset=\"https:\/\/i0.wp.com\/cdnoticias.com\/wp-content\/uploads\/2023\/07\/2-2.jpg?resize=1024%2C768&amp;ssl=1 1024w, https:\/\/i0.wp.com\/cdnoticias.com\/wp-content\/uploads\/2023\/07\/2-2.jpg?resize=300%2C225&amp;ssl=1 300w, https:\/\/i0.wp.com\/cdnoticias.com\/wp-content\/uploads\/2023\/07\/2-2.jpg?resize=768%2C576&amp;ssl=1 768w, https:\/\/i0.wp.com\/cdnoticias.com\/wp-content\/uploads\/2023\/07\/2-2.jpg?w=1300&amp;ssl=1 1300w\" sizes=\"auto, (max-width: 800px) 100vw, 800px\" \/><\/p>\n<p>&nbsp;<\/p>\n<h2><strong>Ya hay resultados<\/strong><\/h2>\n<p>&nbsp;<\/p>\n<p>A partir de la <strong>yerba mate usada se puede producir carb\u00f3n activado,<\/strong> un insumo v\u00e1lido para desarrollar dispositivos de almacenamiento de energ\u00eda llamados supercapacitores. \u201cEn Intelymec queremos valorizar residuos para producir materiales activos para almacenar energ\u00eda, m\u00e1s eficientes y amigables con el ambiente\u201d, explic\u00f3 Jerez.<\/p>\n<p>&nbsp;<\/p>\n<p>Las cifras son alentadoras: <strong>en Argentina se consumen casi mil millones de kilos anuales de yerba<\/strong>. Por eso, aspiran a que la propuesta sea disparadora de una industria de ensamblado de supercapacitores, hoy inexistente a escala nacional y mundial.<\/p>\n<p>&nbsp;<\/p>\n<p><em><strong>\u201cYa hay resultados\u201d,<\/strong><\/em> advirti\u00f3 la investigadora, que acopiaba horas de ensayos y laboratorio antes de cruzar el oc\u00e9ano entre abril y junio. Su trabajo con la yerba mate se enmarca en una beca Interna doctoral de CONICET, donde aborda el desarrollo de nanomateriales a partir de residuos org\u00e1nicos domiciliarios y su aplicaci\u00f3n en supercapacitores, bajo la direcci\u00f3n del Dr. Gerardo Acosta y co-direcci\u00f3n de la Dra. Marcela Bavio.<\/p>\n<p>&nbsp;<\/p>\n<p><img data-recalc-dims=\"1\" loading=\"lazy\" decoding=\"async\" class=\"aligncenter wp-image-89973 size-large\" src=\"https:\/\/i0.wp.com\/cdnoticias.com\/wp-content\/uploads\/2023\/07\/4-1-e1689201752254-1024x573.jpg?resize=800%2C448&#038;ssl=1\" alt=\"\" width=\"800\" height=\"448\" srcset=\"https:\/\/i0.wp.com\/cdnoticias.com\/wp-content\/uploads\/2023\/07\/4-1-e1689201752254.jpg?resize=1024%2C573&amp;ssl=1 1024w, https:\/\/i0.wp.com\/cdnoticias.com\/wp-content\/uploads\/2023\/07\/4-1-e1689201752254.jpg?resize=300%2C168&amp;ssl=1 300w, https:\/\/i0.wp.com\/cdnoticias.com\/wp-content\/uploads\/2023\/07\/4-1-e1689201752254.jpg?resize=768%2C430&amp;ssl=1 768w, https:\/\/i0.wp.com\/cdnoticias.com\/wp-content\/uploads\/2023\/07\/4-1-e1689201752254.jpg?w=1299&amp;ssl=1 1299w\" sizes=\"auto, (max-width: 800px) 100vw, 800px\" \/><\/p>\n<p>&nbsp;<\/p>\n<p>&nbsp;<\/p>\n<p>Tambi\u00e9n se apoya en dos proyectos de investigaci\u00f3n sobre el \u201cEstudio y desarrollo de materiales de inter\u00e9s en sistemas de almacenamiento de energ\u00eda y medio ambiente\u201d y la \u201cValorizaci\u00f3n de residuos s\u00f3lidos de origen vegetal para aplicaciones en energ\u00eda y medioambiente\u201d.<\/p>\n<p>&nbsp;<\/p>\n<p><em><strong>\u201cLa yerba que se tira a la basura la valorizamos y en Espa\u00f1a pudimos avanzar m\u00e1s r\u00e1pido y mejor para terminar de caracterizar el material. All\u00e1 tienen equipos m\u00e1s espec\u00edficos, y si bien es una infusi\u00f3n t\u00edpicamente argentina sirve para el mundo porque es similar al t\u00e9, un residuo m\u00e1s internacional\u201d<\/strong><\/em>, analiz\u00f3 la ingeniera Jerez.<\/p>\n<p>&nbsp;<\/p>\n<p>La investigadora de la FIO apunta que \u201cnosotros lo almacenamos para supercapacitores que protegen a las bater\u00edas de las subidas de tensi\u00f3n y permiten alargar la vida \u00fatil hasta dos a\u00f1os y es m\u00e1s eficiente el suministro de energ\u00eda\u201d.<\/p>\n<p>&nbsp;<\/p>\n<h2><strong>Negocio verde<\/strong><\/h2>\n<p>&nbsp;<\/p>\n<p>F\u00edsicamente la yerba adquiere la forma de una pila recargable. \u201cQueremos escalar el proceso. Desde 2022 apuntamos a conseguir financiamiento para montar una planta piloto que adem\u00e1s servir\u00e1 para otros <strong>ensayos de cannabis.<\/strong> Lo estamos viendo con industrias de San Juan y de ac\u00e1. Tambi\u00e9n sirve para el rastrojo de trigo, de ma\u00edz o el residuo de cerveza. Todos funcionan muy bien para almacenamiento de energ\u00eda y escalar el proceso\u201d, precis\u00f3 la investigadora.<\/p>\n<p>&nbsp;<\/p>\n<p>La infraestructura y disponibilidad del equipamiento marcan la diferencia; la formaci\u00f3n acad\u00e9mica, no. \u201c<strong>Ac\u00e1 se trabaja en medio ambiente en forma integral, m\u00e1s amigable, por conciencia y necesidad.<\/strong> Para hacer un experimento nosotros usamos una pipeta de pl\u00e1stico que lavamos; all\u00e1 la tiran y no puede reutilizarse porque est\u00e1 contaminada con reactivos qu\u00edmicos. Eso es una incongruencia\u201d, admiti\u00f3 Jerez.<\/p>\n<p>&nbsp;<\/p>\n<p>En Argentina es una odisea hacer mediciones de este tipo, sobre todo en la pospandemia. \u201cHay equipamiento roto, incluso en la UNICEN, y no hay dinero para repararlo. Lo mandamos a San Luis, Bah\u00eda Blanca o donde funcione y se tarda seis meses en hacer una caracterizaci\u00f3n que all\u00e1 se hace en dos d\u00edas. Ac\u00e1 se mide una cosa por vez; all\u00e1 hay cinco equipos y cada uno mide 16 cosas a la vez; por eso avanzan m\u00e1s r\u00e1pido\u201d, dijo la investigadora que le descont\u00f3 seis meses a la entrega de su tesis doctoral.<\/p>\n<p>&nbsp;<\/p>\n<p>El dato positivo: no hay registro cient\u00edfico de que este proyecto se haga a mayor escala y el objetivo de la FIO es trasmitirlo a la industria. Solo \u201chay una o dos empresas que producen carbones activos, el resto se importa y es una industria que tendr\u00eda un futuro en Argentina. Hay inter\u00e9s en invertir pero sin la planta piloto no se puede\u201d, plante\u00f3 Jerez, convencida de que \u201cestamos encaminados\u201d.<\/p>\n<p>&nbsp;<\/p>\n<p><img data-recalc-dims=\"1\" loading=\"lazy\" decoding=\"async\" class=\"aligncenter wp-image-89972 size-large\" src=\"https:\/\/i0.wp.com\/cdnoticias.com\/wp-content\/uploads\/2023\/07\/1-1.jpg?resize=800%2C600&#038;ssl=1\" alt=\"\" width=\"800\" height=\"600\" srcset=\"https:\/\/i0.wp.com\/cdnoticias.com\/wp-content\/uploads\/2023\/07\/1-1.jpg?resize=1024%2C768&amp;ssl=1 1024w, https:\/\/i0.wp.com\/cdnoticias.com\/wp-content\/uploads\/2023\/07\/1-1.jpg?resize=300%2C225&amp;ssl=1 300w, https:\/\/i0.wp.com\/cdnoticias.com\/wp-content\/uploads\/2023\/07\/1-1.jpg?resize=768%2C576&amp;ssl=1 768w, https:\/\/i0.wp.com\/cdnoticias.com\/wp-content\/uploads\/2023\/07\/1-1.jpg?w=1300&amp;ssl=1 1300w\" sizes=\"auto, (max-width: 800px) 100vw, 800px\" \/><\/p>\n<p>&nbsp;<\/p>\n<h2><strong>A la par de Espa\u00f1a<\/strong><\/h2>\n<p>&nbsp;<\/p>\n<p>La idea es hacer una planta modular m\u00f3vil porque resulta m\u00e1s sencillo y menos costoso ir en busca de los residuos. Hay recursos humanos y avances concretos. \u201c<em><strong>Ac\u00e1 la educaci\u00f3n es de muy buena calidad. Me pude defender muy bien en Espa\u00f1a. La necesidad nos genera otras habilidades que ellos no tienen, como administrar los tiempos. Estamos a la par o un poco superior porque en el desarrollo del trabajo cotidiano tenemos las mismas herramientas\u201d <\/strong><\/em>remarc\u00f3 la investigadora.<\/p>\n<p>&nbsp;<\/p>\n<p>El Instituto IMDEA Energ\u00eda est\u00e1 \u201cinteresado en escalar en el ensamblado de los dispositivos y quiere hacer cosas en conjunto, para complementarnos\u201d, coment\u00f3 Florencia Jerez, dispuesta a ser doctora en Ingenier\u00eda en 2024 y potenciar su carrera cient\u00edfica.<\/p>\n<p>&nbsp;<\/p>\n<blockquote><p>\u201cMi lugar es ac\u00e1\u201d, aclar\u00f3 tras rechazar posgrados europeos muy bien pagos. Elige estas latitudes, m\u00e1s c\u00e1lidas y afectuosas, rodeada de gente que \u201ccuando te pregunta c\u00f3mo est\u00e1s, es en serio\u201d.<\/p><\/blockquote>\n<p>&nbsp;<\/p>\n<p>Antes de ingresar a la FIO fue \u201c<strong>beneficiaria de la Asignaci\u00f3n Universal por Hijo, que me permiti\u00f3 culminar mis estudios secundarios<\/strong>\u201d y posteriormente hizo la carrera Ingenier\u00eda Qu\u00edmica tambi\u00e9n a fuerza de mucho empe\u00f1o y de becas.<\/p>\n<p>&nbsp;<\/p>\n<p>Luego fue el turno de la investigaci\u00f3n tambi\u00e9n con ayuda becaria. Su presente pasa por la FIO y el CONICET. \u201cAmo trabajar ac\u00e1. Los resultados pueden dar o no pero siempre ser\u00e1n compartidos. Me encanta donde estoy, mi grupo de investigaci\u00f3n, mi jefe y mis compa\u00f1eros. Ya los valoraba antes pero ahora mucho m\u00e1s\u201d, concluy\u00f3 Florencia Jerez que est\u00e1 en \u201cpenitencia\u201d porque termin\u00f3 sobrepasada de cr\u00e9ditos acad\u00e9micos.<\/p>\n<p>&nbsp;<\/p>\n<p><em>Fuente: Facultad de Ingenier\u00eda UNICEN<\/em><\/p>\n","protected":false},"excerpt":{"rendered":"<p>La ingeniera Florencia Jerez, integrante del Intelymec, se capacit\u00f3 en la Universidad Aut\u00f3noma de Madrid y explica c\u00f3mo logr\u00f3 adelantar<\/p>\n","protected":false},"author":6,"featured_media":89975,"comment_status":"closed","ping_status":"closed","sticky":false,"template":"","format":"standard","meta":{"_jetpack_memberships_contains_paid_content":false,"footnotes":""},"categories":[5,1],"tags":[],"class_list":["post-89971","post","type-post","status-publish","format-standard","has-post-thumbnail","hentry","category-informacion-general","category-portada"],"jetpack_featured_media_url":"https:\/\/i0.wp.com\/cdnoticias.com\/wp-content\/uploads\/2023\/07\/3-1-e1689200484580.jpg?fit=1299%2C887&ssl=1","jetpack_sharing_enabled":true,"_links":{"self":[{"href":"https:\/\/cdnoticias.com\/index.php\/wp-json\/wp\/v2\/posts\/89971","targetHints":{"allow":["GET"]}}],"collection":[{"href":"https:\/\/cdnoticias.com\/index.php\/wp-json\/wp\/v2\/posts"}],"about":[{"href":"https:\/\/cdnoticias.com\/index.php\/wp-json\/wp\/v2\/types\/post"}],"author":[{"embeddable":true,"href":"https:\/\/cdnoticias.com\/index.php\/wp-json\/wp\/v2\/users\/6"}],"replies":[{"embeddable":true,"href":"https:\/\/cdnoticias.com\/index.php\/wp-json\/wp\/v2\/comments?post=89971"}],"version-history":[{"count":0,"href":"https:\/\/cdnoticias.com\/index.php\/wp-json\/wp\/v2\/posts\/89971\/revisions"}],"wp:featuredmedia":[{"embeddable":true,"href":"https:\/\/cdnoticias.com\/index.php\/wp-json\/wp\/v2\/media\/89975"}],"wp:attachment":[{"href":"https:\/\/cdnoticias.com\/index.php\/wp-json\/wp\/v2\/media?parent=89971"}],"wp:term":[{"taxonomy":"category","embeddable":true,"href":"https:\/\/cdnoticias.com\/index.php\/wp-json\/wp\/v2\/categories?post=89971"},{"taxonomy":"post_tag","embeddable":true,"href":"https:\/\/cdnoticias.com\/index.php\/wp-json\/wp\/v2\/tags?post=89971"}],"curies":[{"name":"wp","href":"https:\/\/api.w.org\/{rel}","templated":true}]}}