{"id":8994,"date":"2020-12-15T09:04:43","date_gmt":"2020-12-15T12:04:43","guid":{"rendered":"http:\/\/www.centraldenoticias.com.ar\/?p=8994"},"modified":"2020-12-15T09:04:43","modified_gmt":"2020-12-15T12:04:43","slug":"nueva-prorroga-para-vencimientos-en-licencias-de-conducir","status":"publish","type":"post","link":"https:\/\/cdnoticias.com\/index.php\/2020\/12\/15\/nueva-prorroga-para-vencimientos-en-licencias-de-conducir\/","title":{"rendered":"Nueva pr\u00f3rroga para vencimientos en licencias de conducir"},"content":{"rendered":"<p>As\u00ed fue informado por la Direcci\u00f3n Provincial de Pol\u00edtica y Seguridad Vial de la Provincia. Abarcar\u00e1 a todas las licencias que tengan vencimiento entre el 1 de enero y el 31 de marzo de 2021.\u00a0<!--more--><\/p>\n<hr \/>\n<p>La Direcci\u00f3n Provincial de Pol\u00edtica y Seguridad Vial bonaerense prorrog\u00f3, nuevamente, <strong>el vencimiento de licencias. En esta ocasi\u00f3n, ser\u00e1 entre el 1 de enero y el 31 de marzo de 2021.<\/strong><\/p>\n<p>&nbsp;<\/p>\n<blockquote><p>La postergaci\u00f3n se deber\u00e1 contar desde la fecha original de su vencimiento, no se tendr\u00e1n en cuenta aquellas que ya han sido postergadas en plazos anteriores.<\/p><\/blockquote>\n<p>&nbsp;<\/p>\n<p>La \u00faltima pr\u00f3rroga, cabe recordar, abarc\u00f3 desde el 15 de febrero y hasta el 31 de diciembre de 2020 inclusive, <strong>teniendo en cuenta la emergencia sanitaria.<\/strong><\/p>\n<p>&nbsp;<\/p>\n<p>El objetivo, en tanto, es<em> \u201cevitar la aglomeraci\u00f3n de personas en los centros emisores de licencias, ayudando a tomar los recaudos necesarios para evitar la propagaci\u00f3n del Covid-19\u201d.<\/em><\/p>\n<p>&nbsp;<\/p>\n<p>Mientras tanto, <strong>los ciudadanos bonaerenses pueden realizar consultas y evacuar dudas<\/strong> a trav\u00e9s de los canales virtuales dispuestos por el organismo provincial en <a href=\"https:\/\/www.gba.gob.ar\/seguridadvial\/noticias\/licencias_de_conducir_ahora_podes_consultar_tus_dudas_por_whatsapp\">https:\/\/www.gba.gob.ar\/seguridadvial\/noticias\/licencias_de_conducir_ahora_podes_consultar_tus_dudas_por_whatsapp<\/a>.<\/p>\n","protected":false},"excerpt":{"rendered":"<p>As\u00ed fue informado por la Direcci\u00f3n Provincial de Pol\u00edtica y Seguridad Vial de la Provincia. Abarcar\u00e1 a todas las licencias<\/p>\n","protected":false},"author":2,"featured_media":3925,"comment_status":"closed","ping_status":"closed","sticky":false,"template":"","format":"standard","meta":{"_jetpack_memberships_contains_paid_content":false,"footnotes":""},"categories":[5,1],"tags":[],"class_list":["post-8994","post","type-post","status-publish","format-standard","has-post-thumbnail","hentry","category-informacion-general","category-portada"],"jetpack_featured_media_url":"https:\/\/i0.wp.com\/cdnoticias.com\/wp-content\/uploads\/2020\/10\/licencias-de-conducir.jpg?fit=1440%2C810&ssl=1","jetpack_sharing_enabled":true,"_links":{"self":[{"href":"https:\/\/cdnoticias.com\/index.php\/wp-json\/wp\/v2\/posts\/8994","targetHints":{"allow":["GET"]}}],"collection":[{"href":"https:\/\/cdnoticias.com\/index.php\/wp-json\/wp\/v2\/posts"}],"about":[{"href":"https:\/\/cdnoticias.com\/index.php\/wp-json\/wp\/v2\/types\/post"}],"author":[{"embeddable":true,"href":"https:\/\/cdnoticias.com\/index.php\/wp-json\/wp\/v2\/users\/2"}],"replies":[{"embeddable":true,"href":"https:\/\/cdnoticias.com\/index.php\/wp-json\/wp\/v2\/comments?post=8994"}],"version-history":[{"count":0,"href":"https:\/\/cdnoticias.com\/index.php\/wp-json\/wp\/v2\/posts\/8994\/revisions"}],"wp:featuredmedia":[{"embeddable":true,"href":"https:\/\/cdnoticias.com\/index.php\/wp-json\/wp\/v2\/media\/3925"}],"wp:attachment":[{"href":"https:\/\/cdnoticias.com\/index.php\/wp-json\/wp\/v2\/media?parent=8994"}],"wp:term":[{"taxonomy":"category","embeddable":true,"href":"https:\/\/cdnoticias.com\/index.php\/wp-json\/wp\/v2\/categories?post=8994"},{"taxonomy":"post_tag","embeddable":true,"href":"https:\/\/cdnoticias.com\/index.php\/wp-json\/wp\/v2\/tags?post=8994"}],"curies":[{"name":"wp","href":"https:\/\/api.w.org\/{rel}","templated":true}]}}