{"id":89912,"date":"2023-07-12T10:41:30","date_gmt":"2023-07-12T13:41:30","guid":{"rendered":"https:\/\/www.centraldenoticias.com.ar\/?p=89912"},"modified":"2023-07-12T10:41:30","modified_gmt":"2023-07-12T13:41:30","slug":"ruta-3-una-cubierta-de-camion-choco-a-un-movil-de-gendarmeria","status":"publish","type":"post","link":"https:\/\/cdnoticias.com\/index.php\/2023\/07\/12\/ruta-3-una-cubierta-de-camion-choco-a-un-movil-de-gendarmeria\/","title":{"rendered":"Ruta 3: una cubierta de cami\u00f3n choc\u00f3 a un m\u00f3vil de Gendarmer\u00eda"},"content":{"rendered":"<p>El siniestro se registr\u00f3 este martes en el distrito de Las Flores. Los cuatro gendarmes que viajaban en el auto hacia Azul resultaron con lesiones leves.<\/p>\n<p><!--more--><\/p>\n<hr \/>\n<p>Un <strong>siniestro vial<\/strong> se registr\u00f3 sobre la<strong> ruta nacional 3<\/strong> en la tarde del martes y dej\u00f3 como saldo <strong>cuatro heridos.<\/strong><\/p>\n<p>&nbsp;<\/p>\n<blockquote><p>Las caracter\u00edsticas del caso son poco frecuentes: se desprendi\u00f3 una cubierta de un cami\u00f3n e impact\u00f3 contra un auto provocando importantes da\u00f1os en la parte delantera.<\/p><\/blockquote>\n<p>&nbsp;<\/p>\n<p>Ocurri\u00f3 a la altura del <strong>kil\u00f3metro 208, en el distrito de Las Flores<\/strong>, alrededor de las 19 horas del martes.<\/p>\n<p>&nbsp;<\/p>\n<p>El auto siniestrado era un <strong>m\u00f3vil de Gendarmer\u00eda en el que se trasladaban cuatro efectivos, tres hombres y una mujer<\/strong>, para llegar hasta la ciudad de Azul donde deb\u00edan prestar servicio.<\/p>\n<p>&nbsp;<\/p>\n<p>Las v\u00edctimas<strong> fueron trasladadas en ambulancia<\/strong> a un centro de salud en Las Flores. Sufrieron <strong>traumatismos menores<\/strong> y no presentaron lesiones de consideraci\u00f3n.<\/p>\n<p>&nbsp;<\/p>\n<blockquote><p>Al conductor del cami\u00f3n, identificado como Oscar Rafael Salerno, de 41 a\u00f1os y oriundo de San Miguel del Monte, se le inici\u00f3 una causa por lesiones culposas.<\/p><\/blockquote>\n<p>&nbsp;<\/p>\n<p>El accidente gener\u00f3 un <strong>corte parcial de la ruta 3<\/strong>, afectando el tr\u00e1nsito en la zona. Para resolver la situaci\u00f3n lo m\u00e1s r\u00e1pido posible<em> se despleg\u00f3 personal de Vial Azul y agentes de peajes Corredores Viales<\/em>, quienes trabajaron en el lugar para liberar la ruta y restablecer la normalidad en el tr\u00e1nsito.<\/p>\n<p>&nbsp;<\/p>\n<p>Foto:<em> Noticias Las Flores<\/em><\/p>\n<p>Fuentes: <em>Noticias Las Flores y Radio Azul<\/em><\/p>\n<p>&nbsp;<\/p>\n","protected":false},"excerpt":{"rendered":"<p>El siniestro se registr\u00f3 este martes en el distrito de Las Flores. Los cuatro gendarmes que viajaban en el auto<\/p>\n","protected":false},"author":4,"featured_media":89914,"comment_status":"closed","ping_status":"closed","sticky":false,"template":"","format":"standard","meta":{"_jetpack_memberships_contains_paid_content":false,"footnotes":""},"categories":[6,1],"tags":[],"class_list":["post-89912","post","type-post","status-publish","format-standard","has-post-thumbnail","hentry","category-nacionales","category-portada"],"jetpack_featured_media_url":"https:\/\/i0.wp.com\/cdnoticias.com\/wp-content\/uploads\/2023\/07\/noticias-las-flores-choque-ruta-3.jpg?fit=800%2C450&ssl=1","jetpack_sharing_enabled":true,"_links":{"self":[{"href":"https:\/\/cdnoticias.com\/index.php\/wp-json\/wp\/v2\/posts\/89912","targetHints":{"allow":["GET"]}}],"collection":[{"href":"https:\/\/cdnoticias.com\/index.php\/wp-json\/wp\/v2\/posts"}],"about":[{"href":"https:\/\/cdnoticias.com\/index.php\/wp-json\/wp\/v2\/types\/post"}],"author":[{"embeddable":true,"href":"https:\/\/cdnoticias.com\/index.php\/wp-json\/wp\/v2\/users\/4"}],"replies":[{"embeddable":true,"href":"https:\/\/cdnoticias.com\/index.php\/wp-json\/wp\/v2\/comments?post=89912"}],"version-history":[{"count":0,"href":"https:\/\/cdnoticias.com\/index.php\/wp-json\/wp\/v2\/posts\/89912\/revisions"}],"wp:featuredmedia":[{"embeddable":true,"href":"https:\/\/cdnoticias.com\/index.php\/wp-json\/wp\/v2\/media\/89914"}],"wp:attachment":[{"href":"https:\/\/cdnoticias.com\/index.php\/wp-json\/wp\/v2\/media?parent=89912"}],"wp:term":[{"taxonomy":"category","embeddable":true,"href":"https:\/\/cdnoticias.com\/index.php\/wp-json\/wp\/v2\/categories?post=89912"},{"taxonomy":"post_tag","embeddable":true,"href":"https:\/\/cdnoticias.com\/index.php\/wp-json\/wp\/v2\/tags?post=89912"}],"curies":[{"name":"wp","href":"https:\/\/api.w.org\/{rel}","templated":true}]}}