{"id":8991,"date":"2020-12-15T08:51:38","date_gmt":"2020-12-15T11:51:38","guid":{"rendered":"http:\/\/www.centraldenoticias.com.ar\/?p=8991"},"modified":"2020-12-15T09:43:10","modified_gmt":"2020-12-15T12:43:10","slug":"once-anos-despues-el-ex-fiscal-rivero-fue-condenado-por-abuso-sexual","status":"publish","type":"post","link":"https:\/\/cdnoticias.com\/index.php\/2020\/12\/15\/once-anos-despues-el-ex-fiscal-rivero-fue-condenado-por-abuso-sexual\/","title":{"rendered":"Once a\u00f1os despu\u00e9s, el ex fiscal Rivero fue condenado por abuso sexual"},"content":{"rendered":"<p>Hab\u00eda asumido en una fiscal\u00eda de Olavarr\u00eda en agosto de 2009 y a los pocos d\u00edas fue denunciado por una joven de 16 a\u00f1os. Fue condenado a 3 a\u00f1os y 3 meses de prisi\u00f3n en un juicio que hab\u00eda comenzado en febrero en un juzgado Correccional de Azul.<!--more--><\/p>\n<hr \/>\n<p><strong>El ex fiscal de Olavarr\u00eda Rub\u00e9n Ariel Rivero fue declarado autor del delito de \u201cabuso sexual simple cometido mediante intimidaci\u00f3n por la relaci\u00f3n de poder\u201d. El veredicto se conoci\u00f3 este lunes y lo conden\u00f3 a 3 a\u00f1os y 3 meses de prisi\u00f3n por los hechos ocurridos en 2009<\/strong>.<\/p>\n<blockquote><p>El imputado declar\u00f3 en el juicio realizado en Azul donde brind\u00f3 una versi\u00f3n exculpatoria de los hechos, pero el juez que llev\u00f3 adelante el debate, H\u00e9ctor Torrens, lo descart\u00f3 \u201cpor inveros\u00edmil\u201d.<\/p><\/blockquote>\n<p>Tal como se inform\u00f3 en Diario El Tiempo, qued\u00f3 probado que el abogado Rivero hab\u00eda cometido este caso de abuso sexual semanas despu\u00e9s a que, en agosto de 2009, asumiera como titular de una de las unidades funcionales de instrucci\u00f3n con sede en Olavarr\u00eda.<\/p>\n<p><strong>Una joven que en ese entonces ten\u00eda 16 a\u00f1os fue la v\u00edctima<\/strong>, a quien el encausado hab\u00eda contratado para desempe\u00f1ar tareas dom\u00e9sticas en su casa. <strong>La mujer volvi\u00f3 a declarar lo sucedido en el marco del proceso oral.<\/strong><\/p>\n<p>Luego de <strong>varias dilaciones presentadas por 11 a\u00f1os<\/strong>, el debate pudo realizarse en un juzgado Correccional con asiento en el Palacio de Justicia de Azul. Este lunes una resoluci\u00f3n de primera instancia por lo sucedido se tradujo en la condena para el imputado.<\/p>\n<p><strong>El proceso oral se desarroll\u00f3 a puertas cerradas<\/strong> \u201cpor la naturaleza de los hechos y la necesidad de preservar la privacidad de la v\u00edctima\u201d, seg\u00fan lo referido.<\/p>\n<p>Rivero es abogado y tambi\u00e9n polic\u00eda retirado de la Bonaerense que hab\u00eda asumido al frente de la UFI N.\u00ba 4 el 12 de agosto de 2009. Actualmente tiene 52 a\u00f1os, es oriundo de Mar del Plata y est\u00e1 domiciliado en La Plata. <strong>El hecho denunciado ocurri\u00f3 el 8 de septiembre de aquel mismo 2009<\/strong>.<\/p>\n<p>El debate se desarroll\u00f3 en el <strong>Juzgado Correccional n\u00famero 2 de Azul<\/strong> donde se sumaron testimonios y dem\u00e1s elementos de prueba, y finaliz\u00f3 con audiencias virtuales.<\/p>\n<p>En la misma sentencia, <strong>el juez Torrens rechaz\u00f3 \u201clos planteos de prescripci\u00f3n de la acci\u00f3n penal, incompetencia y nulidad\u201d<\/strong> de esta causa que los defensores particulares y el propio Rivero hab\u00edan formulado al inicio del debate.<\/p>\n<p>El juicio se desarroll\u00f3 con la fiscal Karina Gennuso en nombre del Ministerio P\u00fablico Fiscal y con los abogados Carolina Laura Grassi y Oscar Alberto Rodr\u00edguez como defensores particulares del\u00a0ex fiscal.<\/p>\n<p><strong>La condena<\/strong><\/p>\n<p>Teniendo en cuenta que seguramente este fallo no adquiera rango de firmeza en lo inmediato, el titular del Juzgado Correccional 2 que lo conden\u00f3 en esta primera instancia le <strong>fij\u00f3 al abogado diferentes obligaciones, las cuales deber\u00e1n ser \u201cde cumplimiento estricto desde el dictado de\u00a0esta sentencia\u201d<\/strong>, seg\u00fan puede leerse en la resoluci\u00f3n.<\/p>\n<p>En ese contexto, Rivero tiene que \u201cdenunciar -en el plazo de cinco d\u00edas- <strong>su domicilio real y su n\u00famero de tel\u00e9fono celular<\/strong>, haciendo constar que cualquier modificaci\u00f3n futura sobre ellos deber\u00e1 ser comunicada a este Juzgado dentro de las 48 horas de producida\u201d. Adem\u00e1s, <strong>no puede salir del pa\u00eds<\/strong> y le fue impuesta la<strong> \u201cabsoluta prohibici\u00f3n de mantener cualquier contacto con la v\u00edctima y su grupo familiar\u201d<\/strong>.<\/p>\n<p>Tal como ocurre con personas que son condenadas por casos de abuso sexual, una vez que el fallo adquiere rango de firmeza las mismas tienen que ser sometidas a an\u00e1lisis para la <strong>obtenci\u00f3n de muestras biol\u00f3gicas de su perfil gen\u00e9tico, con el fin de remitirlas posteriormente al Registro Nacional de Datos Gen\u00e9ticos vinculados a Delitos contra la Integridad Sexual<\/strong>.<\/p>\n<p>En este caso en particular, el juez Torrens se\u00f1al\u00f3 tambi\u00e9n en el fallo dado a conocer ayer que se obtengan de Rivero muestras para tal fin.<\/p>\n","protected":false},"excerpt":{"rendered":"<p>Hab\u00eda asumido en una fiscal\u00eda de Olavarr\u00eda en agosto de 2009 y a los pocos d\u00edas fue denunciado por una<\/p>\n","protected":false},"author":4,"featured_media":1879,"comment_status":"closed","ping_status":"closed","sticky":false,"template":"","format":"standard","meta":{"_jetpack_memberships_contains_paid_content":false,"footnotes":""},"categories":[14,1],"tags":[],"class_list":["post-8991","post","type-post","status-publish","format-standard","has-post-thumbnail","hentry","category-policiales","category-portada"],"jetpack_featured_media_url":"https:\/\/i0.wp.com\/cdnoticias.com\/wp-content\/uploads\/2020\/09\/WhatsApp-Image-2020-08-31-at-16.11.41-1-e1622849986110.jpeg?fit=1241%2C713&ssl=1","jetpack_sharing_enabled":true,"_links":{"self":[{"href":"https:\/\/cdnoticias.com\/index.php\/wp-json\/wp\/v2\/posts\/8991","targetHints":{"allow":["GET"]}}],"collection":[{"href":"https:\/\/cdnoticias.com\/index.php\/wp-json\/wp\/v2\/posts"}],"about":[{"href":"https:\/\/cdnoticias.com\/index.php\/wp-json\/wp\/v2\/types\/post"}],"author":[{"embeddable":true,"href":"https:\/\/cdnoticias.com\/index.php\/wp-json\/wp\/v2\/users\/4"}],"replies":[{"embeddable":true,"href":"https:\/\/cdnoticias.com\/index.php\/wp-json\/wp\/v2\/comments?post=8991"}],"version-history":[{"count":0,"href":"https:\/\/cdnoticias.com\/index.php\/wp-json\/wp\/v2\/posts\/8991\/revisions"}],"wp:featuredmedia":[{"embeddable":true,"href":"https:\/\/cdnoticias.com\/index.php\/wp-json\/wp\/v2\/media\/1879"}],"wp:attachment":[{"href":"https:\/\/cdnoticias.com\/index.php\/wp-json\/wp\/v2\/media?parent=8991"}],"wp:term":[{"taxonomy":"category","embeddable":true,"href":"https:\/\/cdnoticias.com\/index.php\/wp-json\/wp\/v2\/categories?post=8991"},{"taxonomy":"post_tag","embeddable":true,"href":"https:\/\/cdnoticias.com\/index.php\/wp-json\/wp\/v2\/tags?post=8991"}],"curies":[{"name":"wp","href":"https:\/\/api.w.org\/{rel}","templated":true}]}}