{"id":89858,"date":"2023-07-11T20:01:10","date_gmt":"2023-07-11T23:01:10","guid":{"rendered":"https:\/\/www.centraldenoticias.com.ar\/?p=89858"},"modified":"2023-07-11T20:01:10","modified_gmt":"2023-07-11T23:01:10","slug":"mejoramiento-de-calles-en-sierras-bayas","status":"publish","type":"post","link":"https:\/\/cdnoticias.com\/index.php\/2023\/07\/11\/mejoramiento-de-calles-en-sierras-bayas\/","title":{"rendered":"Mejoramiento de calles en Sierras Bayas"},"content":{"rendered":"<p>En la ma\u00f1ana de este martes el intendente Ezequiel Galli visit\u00f3 la localidad serrana, espec\u00edficamente en el barrio Fonavi.<!--more--><\/p>\n<hr \/>\n<p>En el marco del Plan Integral de Mantenimiento, a cargo de la Secretar\u00eda de Mantenimiento y Obras P\u00fablicas; personal del \u00e1rea contin\u00faa trabajando en distintos puntos de la ciudad y las localidades del Partido.<\/p>\n<p>&nbsp;<\/p>\n<p>En este contexto, de manera coordinada junto con la Subsecretar\u00eda de Gobierno se trabaja en diferentes obras de infraestructura orientadas a <strong>mejorar la transitabilidad en Sierras Bayas.<\/strong><\/p>\n<p>&nbsp;<\/p>\n<p><img data-recalc-dims=\"1\" loading=\"lazy\" decoding=\"async\" class=\"aligncenter wp-image-89860 size-large\" src=\"https:\/\/i0.wp.com\/cdnoticias.com\/wp-content\/uploads\/2023\/07\/Obras-Granceado-FONAVI-Sierras-Bayas-2-scaled-1.jpg?resize=800%2C534&#038;ssl=1\" alt=\"\" width=\"800\" height=\"534\" srcset=\"https:\/\/i0.wp.com\/cdnoticias.com\/wp-content\/uploads\/2023\/07\/Obras-Granceado-FONAVI-Sierras-Bayas-2-scaled-1.jpg?resize=1024%2C684&amp;ssl=1 1024w, https:\/\/i0.wp.com\/cdnoticias.com\/wp-content\/uploads\/2023\/07\/Obras-Granceado-FONAVI-Sierras-Bayas-2-scaled-1.jpg?resize=300%2C201&amp;ssl=1 300w, https:\/\/i0.wp.com\/cdnoticias.com\/wp-content\/uploads\/2023\/07\/Obras-Granceado-FONAVI-Sierras-Bayas-2-scaled-1.jpg?resize=768%2C513&amp;ssl=1 768w, https:\/\/i0.wp.com\/cdnoticias.com\/wp-content\/uploads\/2023\/07\/Obras-Granceado-FONAVI-Sierras-Bayas-2-scaled-1.jpg?resize=1536%2C1027&amp;ssl=1 1536w, https:\/\/i0.wp.com\/cdnoticias.com\/wp-content\/uploads\/2023\/07\/Obras-Granceado-FONAVI-Sierras-Bayas-2-scaled-1.jpg?resize=2048%2C1369&amp;ssl=1 2048w, https:\/\/i0.wp.com\/cdnoticias.com\/wp-content\/uploads\/2023\/07\/Obras-Granceado-FONAVI-Sierras-Bayas-2-scaled-1.jpg?resize=272%2C182&amp;ssl=1 272w, https:\/\/i0.wp.com\/cdnoticias.com\/wp-content\/uploads\/2023\/07\/Obras-Granceado-FONAVI-Sierras-Bayas-2-scaled-1.jpg?w=1600&amp;ssl=1 1600w, https:\/\/i0.wp.com\/cdnoticias.com\/wp-content\/uploads\/2023\/07\/Obras-Granceado-FONAVI-Sierras-Bayas-2-scaled-1.jpg?w=2400&amp;ssl=1 2400w\" sizes=\"auto, (max-width: 800px) 100vw, 800px\" \/><\/p>\n<p>&nbsp;<\/p>\n<p>En la ma\u00f1ana de este martes el intendente <strong>Ezequiel Galli visit\u00f3 la localidad serrana<\/strong>, acompa\u00f1ado por Julio Ferraro, secretario de Mantenimiento y Obras P\u00fablicas, y Emilio Vitale, subsecretario de Gobierno.<\/p>\n<p>&nbsp;<\/p>\n<p>En esta ocasi\u00f3n se hizo presente en el<strong> barrio Fonavi,<\/strong> donde personal de Obras P\u00fablicas trabaja en<strong> granceado de calles.<\/strong> Se indic\u00f3 que tales tareas son efectuadas con maquinaria y personal del Municipio.<\/p>\n","protected":false},"excerpt":{"rendered":"<p>En la ma\u00f1ana de este martes el intendente Ezequiel Galli visit\u00f3 la localidad serrana, espec\u00edficamente en el barrio Fonavi.<\/p>\n","protected":false},"author":6,"featured_media":89861,"comment_status":"closed","ping_status":"closed","sticky":false,"template":"","format":"standard","meta":{"_jetpack_memberships_contains_paid_content":false,"footnotes":""},"categories":[5,1],"tags":[],"class_list":["post-89858","post","type-post","status-publish","format-standard","has-post-thumbnail","hentry","category-informacion-general","category-portada"],"jetpack_featured_media_url":"https:\/\/i0.wp.com\/cdnoticias.com\/wp-content\/uploads\/2023\/07\/Obras-Granceado-FONAVI-Sierras-Bayas-1-scaled-1.jpg?fit=2560%2C1711&ssl=1","jetpack_sharing_enabled":true,"_links":{"self":[{"href":"https:\/\/cdnoticias.com\/index.php\/wp-json\/wp\/v2\/posts\/89858","targetHints":{"allow":["GET"]}}],"collection":[{"href":"https:\/\/cdnoticias.com\/index.php\/wp-json\/wp\/v2\/posts"}],"about":[{"href":"https:\/\/cdnoticias.com\/index.php\/wp-json\/wp\/v2\/types\/post"}],"author":[{"embeddable":true,"href":"https:\/\/cdnoticias.com\/index.php\/wp-json\/wp\/v2\/users\/6"}],"replies":[{"embeddable":true,"href":"https:\/\/cdnoticias.com\/index.php\/wp-json\/wp\/v2\/comments?post=89858"}],"version-history":[{"count":0,"href":"https:\/\/cdnoticias.com\/index.php\/wp-json\/wp\/v2\/posts\/89858\/revisions"}],"wp:featuredmedia":[{"embeddable":true,"href":"https:\/\/cdnoticias.com\/index.php\/wp-json\/wp\/v2\/media\/89861"}],"wp:attachment":[{"href":"https:\/\/cdnoticias.com\/index.php\/wp-json\/wp\/v2\/media?parent=89858"}],"wp:term":[{"taxonomy":"category","embeddable":true,"href":"https:\/\/cdnoticias.com\/index.php\/wp-json\/wp\/v2\/categories?post=89858"},{"taxonomy":"post_tag","embeddable":true,"href":"https:\/\/cdnoticias.com\/index.php\/wp-json\/wp\/v2\/tags?post=89858"}],"curies":[{"name":"wp","href":"https:\/\/api.w.org\/{rel}","templated":true}]}}