{"id":89844,"date":"2023-07-11T13:59:40","date_gmt":"2023-07-11T16:59:40","guid":{"rendered":"https:\/\/www.centraldenoticias.com.ar\/?p=89844"},"modified":"2023-07-11T16:58:50","modified_gmt":"2023-07-11T19:58:50","slug":"intento-robar-una-campera-y-termino-aprehendido","status":"publish","type":"post","link":"https:\/\/cdnoticias.com\/index.php\/2023\/07\/11\/intento-robar-una-campera-y-termino-aprehendido\/","title":{"rendered":"Intent\u00f3 robar una campera y termin\u00f3 aprehendido"},"content":{"rendered":"<p>El personal de seguridad del comercio advirti\u00f3 la maniobra y retuvo al ladr\u00f3n. El arresto fue \u201cescandaloso\u201d y concit\u00f3 mucha atenci\u00f3n. Ocurri\u00f3 este martes a la ma\u00f1ana en Rivadavia y Dorrego.<\/p>\n<p><!--more--><\/p>\n<hr \/>\n<p>Un <strong>\u201cescandaloso\u201d arresto de los efectivos del Comando de Patrullas (CPO)<\/strong> concit\u00f3 la <strong>atenci\u00f3n de numerosos transe\u00fantes<\/strong> en la ma\u00f1ana de este martes <strong>en el centro de Olavarr\u00eda<\/strong>.<\/p>\n<p>&nbsp;<\/p>\n<p>Fue poco antes de las 11.30 en una <strong>tienda de indumentaria<\/strong> ubicada en <strong>Rivadavia y Dorrego.<\/strong><\/p>\n<p>&nbsp;<\/p>\n<p><img data-recalc-dims=\"1\" loading=\"lazy\" decoding=\"async\" class=\"size-full wp-image-89841 aligncenter\" src=\"https:\/\/i0.wp.com\/cdnoticias.com\/wp-content\/uploads\/2023\/07\/aprehendido-famularo-02.jpg?resize=800%2C444&#038;ssl=1\" alt=\"\" width=\"800\" height=\"444\" srcset=\"https:\/\/i0.wp.com\/cdnoticias.com\/wp-content\/uploads\/2023\/07\/aprehendido-famularo-02.jpg?w=800&amp;ssl=1 800w, https:\/\/i0.wp.com\/cdnoticias.com\/wp-content\/uploads\/2023\/07\/aprehendido-famularo-02.jpg?resize=300%2C167&amp;ssl=1 300w, https:\/\/i0.wp.com\/cdnoticias.com\/wp-content\/uploads\/2023\/07\/aprehendido-famularo-02.jpg?resize=768%2C426&amp;ssl=1 768w\" sizes=\"auto, (max-width: 800px) 100vw, 800px\" \/><\/p>\n<p>&nbsp;<\/p>\n<blockquote><p>Seg\u00fan pudo saber <strong>Central de Noticias<\/strong>, un joven de 21 a\u00f1os ingres\u00f3 al local y se prob\u00f3 ropas. Al intentar retirarse, el personal de seguridad advirti\u00f3 que el sospechoso lleva puesta una campera que era del comercio. Ante ello, impidi\u00f3 que saliera y llam\u00f3 a la Polic\u00eda.<\/p><\/blockquote>\n<p>&nbsp;<\/p>\n<p>Al arribo de los efectivos del CPO,<strong> el joven apuntado comenz\u00f3 a gritar para buscar evadir la acusaci\u00f3n.<\/strong> No obstante, los polic\u00edas <strong>lo aprehendieron.<\/strong><\/p>\n<p>&nbsp;<\/p>\n<p><img data-recalc-dims=\"1\" loading=\"lazy\" decoding=\"async\" class=\"size-full wp-image-89842 aligncenter\" src=\"https:\/\/i0.wp.com\/cdnoticias.com\/wp-content\/uploads\/2023\/07\/aprehendido-famularo-03.jpg?resize=800%2C445&#038;ssl=1\" alt=\"\" width=\"800\" height=\"445\" srcset=\"https:\/\/i0.wp.com\/cdnoticias.com\/wp-content\/uploads\/2023\/07\/aprehendido-famularo-03.jpg?w=800&amp;ssl=1 800w, https:\/\/i0.wp.com\/cdnoticias.com\/wp-content\/uploads\/2023\/07\/aprehendido-famularo-03.jpg?resize=300%2C167&amp;ssl=1 300w, https:\/\/i0.wp.com\/cdnoticias.com\/wp-content\/uploads\/2023\/07\/aprehendido-famularo-03.jpg?resize=768%2C427&amp;ssl=1 768w\" sizes=\"auto, (max-width: 800px) 100vw, 800px\" \/><\/p>\n<p>&nbsp;<\/p>\n<p>Con los gritos,<strong> muchos vecinos que ocasionalmente pasaban por el sector se detuvieron a observar lo que suced\u00eda<\/strong>.<\/p>\n<p>&nbsp;<\/p>\n<p>Finalmente, el joven fue trasladado a sede policial y <strong>la campera qued\u00f3 secuestrada.<\/strong><\/p>\n<p>&nbsp;<\/p>\n<p>Se iniciaron actuaciones por <strong>\u201cintento de hurto\u201d.<\/strong><\/p>\n<p>&nbsp;<\/p>\n<p><img data-recalc-dims=\"1\" loading=\"lazy\" decoding=\"async\" class=\"size-full wp-image-89840 aligncenter\" src=\"https:\/\/i0.wp.com\/cdnoticias.com\/wp-content\/uploads\/2023\/07\/aprehendido-famularo-01.jpg?resize=800%2C445&#038;ssl=1\" alt=\"\" width=\"800\" height=\"445\" srcset=\"https:\/\/i0.wp.com\/cdnoticias.com\/wp-content\/uploads\/2023\/07\/aprehendido-famularo-01.jpg?w=800&amp;ssl=1 800w, https:\/\/i0.wp.com\/cdnoticias.com\/wp-content\/uploads\/2023\/07\/aprehendido-famularo-01.jpg?resize=300%2C167&amp;ssl=1 300w, https:\/\/i0.wp.com\/cdnoticias.com\/wp-content\/uploads\/2023\/07\/aprehendido-famularo-01.jpg?resize=768%2C427&amp;ssl=1 768w\" sizes=\"auto, (max-width: 800px) 100vw, 800px\" \/><\/p>\n<p>&nbsp;<\/p>\n<p>&nbsp;<\/p>\n","protected":false},"excerpt":{"rendered":"<p>El personal de seguridad del comercio advirti\u00f3 la maniobra y retuvo al ladr\u00f3n. El arresto fue \u201cescandaloso\u201d y concit\u00f3 mucha<\/p>\n","protected":false},"author":4,"featured_media":89839,"comment_status":"closed","ping_status":"closed","sticky":false,"template":"","format":"standard","meta":{"_jetpack_memberships_contains_paid_content":false,"footnotes":""},"categories":[14,1],"tags":[],"class_list":["post-89844","post","type-post","status-publish","format-standard","has-post-thumbnail","hentry","category-policiales","category-portada"],"jetpack_featured_media_url":"https:\/\/i0.wp.com\/cdnoticias.com\/wp-content\/uploads\/2023\/07\/aprehendido-famularo-00.jpg?fit=800%2C445&ssl=1","jetpack_sharing_enabled":true,"_links":{"self":[{"href":"https:\/\/cdnoticias.com\/index.php\/wp-json\/wp\/v2\/posts\/89844","targetHints":{"allow":["GET"]}}],"collection":[{"href":"https:\/\/cdnoticias.com\/index.php\/wp-json\/wp\/v2\/posts"}],"about":[{"href":"https:\/\/cdnoticias.com\/index.php\/wp-json\/wp\/v2\/types\/post"}],"author":[{"embeddable":true,"href":"https:\/\/cdnoticias.com\/index.php\/wp-json\/wp\/v2\/users\/4"}],"replies":[{"embeddable":true,"href":"https:\/\/cdnoticias.com\/index.php\/wp-json\/wp\/v2\/comments?post=89844"}],"version-history":[{"count":0,"href":"https:\/\/cdnoticias.com\/index.php\/wp-json\/wp\/v2\/posts\/89844\/revisions"}],"wp:featuredmedia":[{"embeddable":true,"href":"https:\/\/cdnoticias.com\/index.php\/wp-json\/wp\/v2\/media\/89839"}],"wp:attachment":[{"href":"https:\/\/cdnoticias.com\/index.php\/wp-json\/wp\/v2\/media?parent=89844"}],"wp:term":[{"taxonomy":"category","embeddable":true,"href":"https:\/\/cdnoticias.com\/index.php\/wp-json\/wp\/v2\/categories?post=89844"},{"taxonomy":"post_tag","embeddable":true,"href":"https:\/\/cdnoticias.com\/index.php\/wp-json\/wp\/v2\/tags?post=89844"}],"curies":[{"name":"wp","href":"https:\/\/api.w.org\/{rel}","templated":true}]}}