{"id":89833,"date":"2023-07-11T13:08:29","date_gmt":"2023-07-11T16:08:29","guid":{"rendered":"https:\/\/www.centraldenoticias.com.ar\/?p=89833"},"modified":"2023-07-11T13:59:59","modified_gmt":"2023-07-11T16:59:59","slug":"una-mujer-tuvo-lesiones-en-un-incendio-en-su-casa","status":"publish","type":"post","link":"https:\/\/cdnoticias.com\/index.php\/2023\/07\/11\/una-mujer-tuvo-lesiones-en-un-incendio-en-su-casa\/","title":{"rendered":"Una mujer tuvo lesiones en un incendio en su casa"},"content":{"rendered":"<p>El hecho se dio hacia las 12.30 en Guisasola al 3900. La mujer recibi\u00f3 asistencia m\u00e9dica en el domicilio. Hubo da\u00f1os materiales en la cocina de la vivienda.<\/p>\n<p><!--more--><\/p>\n<hr \/>\n<p>Un<strong> accidente casero<\/strong> deriv\u00f3 en un<strong> incendio<\/strong> y <strong>una mujer result\u00f3 con lesiones de baja consideraci\u00f3n<\/strong>, aunque el caso demand\u00f3 la intervenci\u00f3n de los bomberos.<\/p>\n<p>&nbsp;<\/p>\n<p>Ocurri\u00f3 <strong>hacia las 12.30 de este martes<\/strong> en una casa ubicada en <strong>Guisasola al 3900.<\/strong><\/p>\n<p>&nbsp;<\/p>\n<p><img data-recalc-dims=\"1\" loading=\"lazy\" decoding=\"async\" class=\"size-full wp-image-89835 aligncenter\" src=\"https:\/\/i0.wp.com\/cdnoticias.com\/wp-content\/uploads\/2023\/07\/incendio-guisasola-3900-b.jpg?resize=800%2C445&#038;ssl=1\" alt=\"\" width=\"800\" height=\"445\" srcset=\"https:\/\/i0.wp.com\/cdnoticias.com\/wp-content\/uploads\/2023\/07\/incendio-guisasola-3900-b.jpg?w=800&amp;ssl=1 800w, https:\/\/i0.wp.com\/cdnoticias.com\/wp-content\/uploads\/2023\/07\/incendio-guisasola-3900-b.jpg?resize=300%2C167&amp;ssl=1 300w, https:\/\/i0.wp.com\/cdnoticias.com\/wp-content\/uploads\/2023\/07\/incendio-guisasola-3900-b.jpg?resize=768%2C427&amp;ssl=1 768w\" sizes=\"auto, (max-width: 800px) 100vw, 800px\" \/><\/p>\n<p>&nbsp;<\/p>\n<p>El foco de incendio se declar\u00f3<strong> en la cocina de una casa<\/strong> donde se manipulaba <strong>un producto inflamable<\/strong>.<\/p>\n<p>&nbsp;<\/p>\n<p>Fue convocada la <strong>Unidad 16 del Cuartel Central de Bomberos<\/strong> que intervino en el caso.<\/p>\n<p>&nbsp;<\/p>\n<p><img data-recalc-dims=\"1\" loading=\"lazy\" decoding=\"async\" class=\"size-full wp-image-89836 aligncenter\" src=\"https:\/\/i0.wp.com\/cdnoticias.com\/wp-content\/uploads\/2023\/07\/incendio-guisasola-3900-c.jpg?resize=800%2C444&#038;ssl=1\" alt=\"\" width=\"800\" height=\"444\" srcset=\"https:\/\/i0.wp.com\/cdnoticias.com\/wp-content\/uploads\/2023\/07\/incendio-guisasola-3900-c.jpg?w=800&amp;ssl=1 800w, https:\/\/i0.wp.com\/cdnoticias.com\/wp-content\/uploads\/2023\/07\/incendio-guisasola-3900-c.jpg?resize=300%2C167&amp;ssl=1 300w, https:\/\/i0.wp.com\/cdnoticias.com\/wp-content\/uploads\/2023\/07\/incendio-guisasola-3900-c.jpg?resize=768%2C426&amp;ssl=1 768w\" sizes=\"auto, (max-width: 800px) 100vw, 800px\" \/><\/p>\n<p>&nbsp;<\/p>\n<p>Adem\u00e1s, una mujer tuvo lesiones. <strong>Una ambulancia de SAME se present\u00f3 en el domicilio y el personal de salud brind\u00f3 asistencia a la herida.<\/strong><\/p>\n<p>&nbsp;<\/p>\n<p>Se aclar\u00f3 que los da\u00f1os en la vivienda fueron \u201cm\u00ednimos\u201d y que lo sucedido <strong>no revisti\u00f3 gravedad.<\/strong><\/p>\n<p>&nbsp;<\/p>\n","protected":false},"excerpt":{"rendered":"<p>El hecho se dio hacia las 12.30 en Guisasola al 3900. La mujer recibi\u00f3 asistencia m\u00e9dica en el domicilio. Hubo<\/p>\n","protected":false},"author":4,"featured_media":89834,"comment_status":"closed","ping_status":"closed","sticky":false,"template":"","format":"standard","meta":{"_jetpack_memberships_contains_paid_content":false,"footnotes":""},"categories":[14,1],"tags":[],"class_list":["post-89833","post","type-post","status-publish","format-standard","has-post-thumbnail","hentry","category-policiales","category-portada"],"jetpack_featured_media_url":"https:\/\/i0.wp.com\/cdnoticias.com\/wp-content\/uploads\/2023\/07\/incendio-guisasola-3900-a.jpg?fit=800%2C445&ssl=1","jetpack_sharing_enabled":true,"_links":{"self":[{"href":"https:\/\/cdnoticias.com\/index.php\/wp-json\/wp\/v2\/posts\/89833","targetHints":{"allow":["GET"]}}],"collection":[{"href":"https:\/\/cdnoticias.com\/index.php\/wp-json\/wp\/v2\/posts"}],"about":[{"href":"https:\/\/cdnoticias.com\/index.php\/wp-json\/wp\/v2\/types\/post"}],"author":[{"embeddable":true,"href":"https:\/\/cdnoticias.com\/index.php\/wp-json\/wp\/v2\/users\/4"}],"replies":[{"embeddable":true,"href":"https:\/\/cdnoticias.com\/index.php\/wp-json\/wp\/v2\/comments?post=89833"}],"version-history":[{"count":0,"href":"https:\/\/cdnoticias.com\/index.php\/wp-json\/wp\/v2\/posts\/89833\/revisions"}],"wp:featuredmedia":[{"embeddable":true,"href":"https:\/\/cdnoticias.com\/index.php\/wp-json\/wp\/v2\/media\/89834"}],"wp:attachment":[{"href":"https:\/\/cdnoticias.com\/index.php\/wp-json\/wp\/v2\/media?parent=89833"}],"wp:term":[{"taxonomy":"category","embeddable":true,"href":"https:\/\/cdnoticias.com\/index.php\/wp-json\/wp\/v2\/categories?post=89833"},{"taxonomy":"post_tag","embeddable":true,"href":"https:\/\/cdnoticias.com\/index.php\/wp-json\/wp\/v2\/tags?post=89833"}],"curies":[{"name":"wp","href":"https:\/\/api.w.org\/{rel}","templated":true}]}}