{"id":89828,"date":"2023-07-11T12:31:57","date_gmt":"2023-07-11T15:31:57","guid":{"rendered":"https:\/\/www.centraldenoticias.com.ar\/?p=89828"},"modified":"2023-07-11T12:34:09","modified_gmt":"2023-07-11T15:34:09","slug":"aoma-cerro-un-nuevo-acuerdo-paritario-para-la-rama-extractiva","status":"publish","type":"post","link":"https:\/\/cdnoticias.com\/index.php\/2023\/07\/11\/aoma-cerro-un-nuevo-acuerdo-paritario-para-la-rama-extractiva\/","title":{"rendered":"AOMA cerr\u00f3 un nuevo acuerdo paritario para la rama extractiva"},"content":{"rendered":"<p>Ser\u00e1 de 27,10% acumulativo mensual. Fue tras d\u00edas de negociaciones entre el Secretario General del gremio, H\u00e9ctor Laplace, y la C\u00e1mara Argentina de Empresarios Mineros.<!--more--><\/p>\n<hr \/>\n<p>Luego de d\u00edas de negociaciones,<strong> la Asociaci\u00f3n Obrera Minera Argentina (AOMA) cerr\u00f3 un nuevo acuerdo paritario para la rama extractiva.<\/strong><\/p>\n<p>&nbsp;<\/p>\n<p>Las charlas estuvieron a cargo del Secretario General, H\u00e9ctor Laplace, y la C\u00e1mara Argentina de Empresarios Mineros, representada por Alejandra Cardona.<\/p>\n<p>&nbsp;<\/p>\n<blockquote><p>El acuerdo se realiz\u00f3 de manera acumulativa, con un primer aumento del 9% sobre los salarios del mes de mayo, un segundo del 8% sobre el salario del mes de junio y, por \u00faltimo, un 8% sobre el mes de julio.<\/p><\/blockquote>\n<p>&nbsp;<\/p>\n<figure id=\"attachment_71944\" aria-describedby=\"caption-attachment-71944\" style=\"width: 800px\" class=\"wp-caption aligncenter\"><img data-recalc-dims=\"1\" loading=\"lazy\" decoding=\"async\" class=\"wp-image-71944 size-large\" src=\"https:\/\/i0.wp.com\/cdnoticias.com\/wp-content\/uploads\/2022\/12\/laplace-hector-3.jpg?resize=800%2C445&#038;ssl=1\" alt=\"\" width=\"800\" height=\"445\" srcset=\"https:\/\/i0.wp.com\/cdnoticias.com\/wp-content\/uploads\/2022\/12\/laplace-hector-3-scaled.jpg?resize=1024%2C570&amp;ssl=1 1024w, https:\/\/i0.wp.com\/cdnoticias.com\/wp-content\/uploads\/2022\/12\/laplace-hector-3-scaled.jpg?resize=300%2C167&amp;ssl=1 300w, https:\/\/i0.wp.com\/cdnoticias.com\/wp-content\/uploads\/2022\/12\/laplace-hector-3-scaled.jpg?resize=768%2C427&amp;ssl=1 768w, https:\/\/i0.wp.com\/cdnoticias.com\/wp-content\/uploads\/2022\/12\/laplace-hector-3-scaled.jpg?resize=1536%2C855&amp;ssl=1 1536w, https:\/\/i0.wp.com\/cdnoticias.com\/wp-content\/uploads\/2022\/12\/laplace-hector-3-scaled.jpg?resize=2048%2C1140&amp;ssl=1 2048w, https:\/\/i0.wp.com\/cdnoticias.com\/wp-content\/uploads\/2022\/12\/laplace-hector-3-scaled.jpg?resize=800%2C445&amp;ssl=1 800w, https:\/\/i0.wp.com\/cdnoticias.com\/wp-content\/uploads\/2022\/12\/laplace-hector-3-scaled.jpg?w=1600&amp;ssl=1 1600w, https:\/\/i0.wp.com\/cdnoticias.com\/wp-content\/uploads\/2022\/12\/laplace-hector-3-scaled.jpg?w=2400&amp;ssl=1 2400w\" sizes=\"auto, (max-width: 800px) 100vw, 800px\" \/><figcaption id=\"caption-attachment-71944\" class=\"wp-caption-text\">H\u00e9ctor Laplace, titular de AOMA.<\/figcaption><\/figure>\n<p>&nbsp;<\/p>\n<p>De esta forma, <strong>se cierra el trimestre junio-agosto con un incremento del 27,10%, y el primer semestre en 58,62%.<\/strong><\/p>\n<p>&nbsp;<\/p>\n<p>Tras la firma, H\u00e9ctor Laplace resalt\u00f3 la importancia de <strong><em>\u201caportar a que los compa\u00f1eros y compa\u00f1eras no pierdan contra la inflaci\u00f3n\u201d.<\/em><\/strong><\/p>\n<p>&nbsp;<\/p>\n","protected":false},"excerpt":{"rendered":"<p>Ser\u00e1 de 27,10% acumulativo mensual. Fue tras d\u00edas de negociaciones entre el Secretario General del gremio, H\u00e9ctor Laplace, y la<\/p>\n","protected":false},"author":2,"featured_media":89829,"comment_status":"closed","ping_status":"closed","sticky":false,"template":"","format":"standard","meta":{"_jetpack_memberships_contains_paid_content":false,"footnotes":""},"categories":[5,1],"tags":[],"class_list":["post-89828","post","type-post","status-publish","format-standard","has-post-thumbnail","hentry","category-informacion-general","category-portada"],"jetpack_featured_media_url":"https:\/\/i0.wp.com\/cdnoticias.com\/wp-content\/uploads\/2023\/07\/WhatsApp-Image-2023-07-11-at-12.27.40.jpeg?fit=703%2C458&ssl=1","jetpack_sharing_enabled":true,"_links":{"self":[{"href":"https:\/\/cdnoticias.com\/index.php\/wp-json\/wp\/v2\/posts\/89828","targetHints":{"allow":["GET"]}}],"collection":[{"href":"https:\/\/cdnoticias.com\/index.php\/wp-json\/wp\/v2\/posts"}],"about":[{"href":"https:\/\/cdnoticias.com\/index.php\/wp-json\/wp\/v2\/types\/post"}],"author":[{"embeddable":true,"href":"https:\/\/cdnoticias.com\/index.php\/wp-json\/wp\/v2\/users\/2"}],"replies":[{"embeddable":true,"href":"https:\/\/cdnoticias.com\/index.php\/wp-json\/wp\/v2\/comments?post=89828"}],"version-history":[{"count":0,"href":"https:\/\/cdnoticias.com\/index.php\/wp-json\/wp\/v2\/posts\/89828\/revisions"}],"wp:featuredmedia":[{"embeddable":true,"href":"https:\/\/cdnoticias.com\/index.php\/wp-json\/wp\/v2\/media\/89829"}],"wp:attachment":[{"href":"https:\/\/cdnoticias.com\/index.php\/wp-json\/wp\/v2\/media?parent=89828"}],"wp:term":[{"taxonomy":"category","embeddable":true,"href":"https:\/\/cdnoticias.com\/index.php\/wp-json\/wp\/v2\/categories?post=89828"},{"taxonomy":"post_tag","embeddable":true,"href":"https:\/\/cdnoticias.com\/index.php\/wp-json\/wp\/v2\/tags?post=89828"}],"curies":[{"name":"wp","href":"https:\/\/api.w.org\/{rel}","templated":true}]}}