{"id":89813,"date":"2023-07-11T10:35:00","date_gmt":"2023-07-11T13:35:00","guid":{"rendered":"https:\/\/www.centraldenoticias.com.ar\/?p=89813"},"modified":"2023-07-11T12:24:33","modified_gmt":"2023-07-11T15:24:33","slug":"ratificaron-la-prision-preventiva-para-los-acusados-del-femicidio-de-sofia-vicente","status":"publish","type":"post","link":"https:\/\/cdnoticias.com\/index.php\/2023\/07\/11\/ratificaron-la-prision-preventiva-para-los-acusados-del-femicidio-de-sofia-vicente\/","title":{"rendered":"Ratificaron la prisi\u00f3n preventiva para los acusados del femicidio de Sof\u00eda Vicente"},"content":{"rendered":"<p>De esta forma, esperar\u00e1n el juicio en prisi\u00f3n. Los representantes legales de Diego Ezequiel Gonz\u00e1lez y Pablo Mart\u00edn Olalde hab\u00edan apelado a la decisi\u00f3n del juzgado.<!--more--><\/p>\n<hr \/>\n<p>En las \u00faltimas horas, <strong>la Justicia ratific\u00f3 la prisi\u00f3n preventiva para Diego Ezequiel Gonz\u00e1lez y Pablo Mart\u00edn Olalde, acusados del femicidio de Sof\u00eda Bel\u00e9n Vicente en el mes de marzo.<\/strong><\/p>\n<p>&nbsp;<\/p>\n<p>Si bien <strong>dicha prisi\u00f3n preventiva se hab\u00eda dictaminado en el mes de abril<\/strong> -a pedido de la doctora Paula Serrano, fiscal de la causa- los representantes legales del joven acusado y el ex polic\u00eda sindicados como autor y part\u00edcipe necesario del crimen respectivamente hab\u00edan apelado dicha determinaci\u00f3n, que fue rechazada.<\/p>\n<p>&nbsp;<\/p>\n<blockquote><p>De esta forma tanto Gonz\u00e1lez como Olalde quedar\u00e1n detenidos hasta la realizaci\u00f3n de un juicio, ya sea oral o en formato por jurados, dependiendo de la solicitud de la defensa de los acusados.<\/p><\/blockquote>\n<p>&nbsp;<\/p>\n<p>Cabe recordar que<strong> el femicidio sucedi\u00f3 a inicios de marzo y las detenciones se realizaron d\u00edas despu\u00e9s<\/strong>: Olalde fue el primero en ser atrapado por efectivos policiales, mientras que Gonz\u00e1lez estuvo pr\u00f3fugo durante varias semanas y fue atrapado mientras hu\u00eda en la zona del barrio La Ara\u00f1a, con la particularidad de que fue encontrado con un arma de fuego colgada en su cuello.<\/p>\n<p>&nbsp;<\/p>\n<blockquote class=\"wp-embedded-content\" data-secret=\"psLAuYY6ay\"><p><a href=\"https:\/\/cdnoticias.com\/index.php\/2023\/03\/15\/femicidio-de-sofia-vicente-se-dicto-la-detencion-para-el-profugo\/\">Femicidio de Sof\u00eda Vicente: se dict\u00f3 la detenci\u00f3n para el pr\u00f3fugo<\/a><\/p><\/blockquote>\n<p><iframe loading=\"lazy\" class=\"wp-embedded-content\" sandbox=\"allow-scripts\" security=\"restricted\" style=\"position: absolute; clip: rect(1px, 1px, 1px, 1px);\" title=\"&#8220;Femicidio de Sof\u00eda Vicente: se dict\u00f3 la detenci\u00f3n para el pr\u00f3fugo&#8221; &#8212; Central de Noticias | Olavarr\u00eda\" src=\"https:\/\/cdnoticias.com\/index.php\/2023\/03\/15\/femicidio-de-sofia-vicente-se-dicto-la-detencion-para-el-profugo\/embed\/#?secret=RM3G4lyDSo#?secret=psLAuYY6ay\" data-secret=\"psLAuYY6ay\" width=\"600\" height=\"338\" frameborder=\"0\" marginwidth=\"0\" marginheight=\"0\" scrolling=\"no\"><\/iframe><\/p>\n<p>&nbsp;<\/p>\n","protected":false},"excerpt":{"rendered":"<p>De esta forma, esperar\u00e1n el juicio en prisi\u00f3n. Los representantes legales de Diego Ezequiel Gonz\u00e1lez y Pablo Mart\u00edn Olalde hab\u00edan<\/p>\n","protected":false},"author":2,"featured_media":79443,"comment_status":"closed","ping_status":"closed","sticky":false,"template":"","format":"standard","meta":{"_jetpack_memberships_contains_paid_content":false,"footnotes":""},"categories":[14,1],"tags":[],"class_list":["post-89813","post","type-post","status-publish","format-standard","has-post-thumbnail","hentry","category-policiales","category-portada"],"jetpack_featured_media_url":"https:\/\/i0.wp.com\/cdnoticias.com\/wp-content\/uploads\/2023\/03\/manifestacion-sofia-vicente-fiscalia-02.jpg?fit=800%2C445&ssl=1","jetpack_sharing_enabled":true,"_links":{"self":[{"href":"https:\/\/cdnoticias.com\/index.php\/wp-json\/wp\/v2\/posts\/89813","targetHints":{"allow":["GET"]}}],"collection":[{"href":"https:\/\/cdnoticias.com\/index.php\/wp-json\/wp\/v2\/posts"}],"about":[{"href":"https:\/\/cdnoticias.com\/index.php\/wp-json\/wp\/v2\/types\/post"}],"author":[{"embeddable":true,"href":"https:\/\/cdnoticias.com\/index.php\/wp-json\/wp\/v2\/users\/2"}],"replies":[{"embeddable":true,"href":"https:\/\/cdnoticias.com\/index.php\/wp-json\/wp\/v2\/comments?post=89813"}],"version-history":[{"count":0,"href":"https:\/\/cdnoticias.com\/index.php\/wp-json\/wp\/v2\/posts\/89813\/revisions"}],"wp:featuredmedia":[{"embeddable":true,"href":"https:\/\/cdnoticias.com\/index.php\/wp-json\/wp\/v2\/media\/79443"}],"wp:attachment":[{"href":"https:\/\/cdnoticias.com\/index.php\/wp-json\/wp\/v2\/media?parent=89813"}],"wp:term":[{"taxonomy":"category","embeddable":true,"href":"https:\/\/cdnoticias.com\/index.php\/wp-json\/wp\/v2\/categories?post=89813"},{"taxonomy":"post_tag","embeddable":true,"href":"https:\/\/cdnoticias.com\/index.php\/wp-json\/wp\/v2\/tags?post=89813"}],"curies":[{"name":"wp","href":"https:\/\/api.w.org\/{rel}","templated":true}]}}