{"id":89812,"date":"2023-07-11T12:23:52","date_gmt":"2023-07-11T15:23:52","guid":{"rendered":"https:\/\/www.centraldenoticias.com.ar\/?p=89812"},"modified":"2023-07-11T13:08:47","modified_gmt":"2023-07-11T16:08:47","slug":"encuentro-minero-tendra-mas-de-100-empresas-en-ronda-de-negocios","status":"publish","type":"post","link":"https:\/\/cdnoticias.com\/index.php\/2023\/07\/11\/encuentro-minero-tendra-mas-de-100-empresas-en-ronda-de-negocios\/","title":{"rendered":"Encuentro Minero: tendr\u00e1 m\u00e1s de 100 empresas en ronda de negocios"},"content":{"rendered":"<p>Una nueva edici\u00f3n del evento se realizar\u00e1 el viernes en el Centro de Convenciones de Olavarr\u00eda. Estar\u00e1 la C\u00e1mara de la Piedra. Conferencias, exposiciones t\u00e9cnicas y ambientales, muestra fotogr\u00e1fica y patrimonial.<!--more--><\/p>\n<hr \/>\n<p>Con sede en el <strong>CCO (Centro de Convenciones Olavarr\u00eda)<\/strong> se llevar\u00e1 a cabo una nueva edici\u00f3n del <strong>Encuentro Minero<\/strong>. Tendr\u00e1 lugar el <strong>viernes 14 de julio de 9 a 17 horas.<\/strong><\/p>\n<p>&nbsp;<\/p>\n<p>La jornada <strong>nuclear\u00e1 en nuestra ciudad a los principales exponentes del sector<\/strong>. Empresarios e industriales de <strong>m\u00e1s de 100 compa\u00f1\u00edas<\/strong> se dar\u00e1n cita en el Centro de Convenciones (Av. Eva Per\u00f3n 1545), para realizar <strong>un balance de la situaci\u00f3n actual y dialogar sobre proyecciones futuras<\/strong>.<\/p>\n<p>&nbsp;<\/p>\n<p>El Encuentro comprender\u00e1 distintas instancias, entre las que <strong>se incluye una ronda de negocios<\/strong>, que a la fecha cuenta con <strong>m\u00e1s de un centenar de empresas inscriptas<\/strong> de las cuales 25 participar\u00e1n con un stand dentro del CCO. En tanto, otras 10 expondr\u00e1n maquinaria en el exterior del predio.<\/p>\n<p>&nbsp;<\/p>\n<p>Tambi\u00e9n est\u00e1 prevista una <strong>reuni\u00f3n con referentes de la C\u00e1mara de la Piedra<\/strong>, habr\u00e1 conferencias y exposiciones t\u00e9cnicas y ambientales, con la participaci\u00f3n de personal t\u00e9cnico de canteras y estudiantes del ISFT N\u00b0 130.<\/p>\n<p>&nbsp;<\/p>\n<p>Durante el transcurso de la jornada,<strong> se exhibir\u00e1 la exposici\u00f3n fotogr\u00e1fica y patrimonial \u201cADN Ra\u00edces mineras\u201d,<\/strong> coordinada desde la Facultad de Ciencias Sociales.<\/p>\n<p>&nbsp;<\/p>\n<p>El <strong>cronograma completo<\/strong> de la jornada<\/p>\n<p>&nbsp;<\/p>\n<ul>\n<li>8:30 horas: Recepci\u00f3n y acreditaci\u00f3n<\/li>\n<li>9:15 horas: Sala A sectores 1 y 2. Inauguraci\u00f3n. Bienvenida de la C\u00e1mara de la Piedra, Facultades Locales y Municipio.\u00e7<\/li>\n<li>9:30 horas: Sala B \u2013 Sectores 1,2 y 3 \u2013 Inicio Ronda de Negocios \u2013<\/li>\n<\/ul>\n<ul>\n<li>10:00 horas: Sala A \u2013 Sector 3 \u201cPatrimonio cultural y miner\u00eda. Investigaci\u00f3n, comunicaci\u00f3n y transferencia\u201d \u2013 Apertura de Muestra ADN Ra\u00edces Mineras y otras propuestas patrimoniales. Facultad de Ciencias Sociales \u2013 Programa interdisciplinario de estudio del Patrimonio. PATRIMONIA.<\/li>\n<li>13:00 horas: Pausa almuerzo<\/li>\n<li>14:00 horas: Sala A \u2013 Sector 1 y 2 \u2013 Conferencias<\/li>\n<li>14: 00 horas: La Miner\u00eda participa del desarrollo sostenible \u2013 Facultad de Ingenier\u00eda de Olavarr\u00eda. UNCPBA \u2013 Ing. Fabian Irassar.<\/li>\n<li>14:30 horas: Nuevas Tecnolog\u00edas aplicadas al servicio de voladuras. Austin Powder s.a Laura Geromines \u2013 Rosmigd Rivero \u2013 German Fromm<\/li>\n<li>15:00 horas: Pausa Caf\u00e9<\/li>\n<li>15:30 horas: Acciones de Remediaci\u00f3n de paisaje, protecci\u00f3n de la biodiversidad y rehabilitaci\u00f3n de nuestros yacimientos. Cementos Avellaneda S.A. Lic. Juan Villemur.<\/li>\n<li>16:00 horas: Aceros de perforaci\u00f3n y sus aplicaciones. Sandvick Rock Tools, Rafael L\u00f3pez\u00a0 Technical Sales Support<\/li>\n<li>16:00 horas: Sala de reuniones CCO \u2013 Reuni\u00f3n C\u00e1mara de la Piedra<\/li>\n<li>17:00 horas: Cierre de Jornada<\/li>\n<\/ul>\n<p>&nbsp;<\/p>\n<blockquote><p>El partido de Olavarr\u00eda se destaca por ser el principal productor y centro minero de la Provincia de Buenos Aires; dadas sus ventajas comparativas en materia de su riqueza y diversidad en recursos minerales, su ubicaci\u00f3n estrat\u00e9gica, la asistencia t\u00e9cnica e industrial que brindan los parques industriales, su desarrollo en investigaci\u00f3n y ciencia, la oferta de mano de obra calificada, etc. Todo ello se encuadra en un entramado productivo y econ\u00f3mico planificado y llevado a cabo desde la gesti\u00f3n municipal.<\/p><\/blockquote>\n<p>&nbsp;<\/p>\n<p>Esto implica no s\u00f3lo poder<strong> visualizar una enorme cadena de valor agregado<\/strong>, generaci\u00f3n de mano de obra y procesos de investigaci\u00f3n y formaci\u00f3n constante, sino tambi\u00e9n poder plantear desde el Municipio los<strong> lineamientos y estrategias de acompa\u00f1amiento<\/strong>, para poder generar instrumentos que le permitan al sector<strong> continuar con los procesos de inversi\u00f3n<\/strong>, en el marco de la sustentabilidad y el respeto por las buenas pr\u00e1cticas mineras y ambientales.<\/p>\n","protected":false},"excerpt":{"rendered":"<p>Una nueva edici\u00f3n del evento se realizar\u00e1 el viernes en el Centro de Convenciones de Olavarr\u00eda. Estar\u00e1 la C\u00e1mara de<\/p>\n","protected":false},"author":4,"featured_media":62955,"comment_status":"closed","ping_status":"closed","sticky":false,"template":"","format":"standard","meta":{"_jetpack_memberships_contains_paid_content":false,"footnotes":""},"categories":[5,1],"tags":[],"class_list":["post-89812","post","type-post","status-publish","format-standard","has-post-thumbnail","hentry","category-informacion-general","category-portada"],"jetpack_featured_media_url":"https:\/\/i0.wp.com\/cdnoticias.com\/wp-content\/uploads\/2022\/08\/Frente-CCO-centro-de-convenciones.jpg?fit=800%2C445&ssl=1","jetpack_sharing_enabled":true,"_links":{"self":[{"href":"https:\/\/cdnoticias.com\/index.php\/wp-json\/wp\/v2\/posts\/89812","targetHints":{"allow":["GET"]}}],"collection":[{"href":"https:\/\/cdnoticias.com\/index.php\/wp-json\/wp\/v2\/posts"}],"about":[{"href":"https:\/\/cdnoticias.com\/index.php\/wp-json\/wp\/v2\/types\/post"}],"author":[{"embeddable":true,"href":"https:\/\/cdnoticias.com\/index.php\/wp-json\/wp\/v2\/users\/4"}],"replies":[{"embeddable":true,"href":"https:\/\/cdnoticias.com\/index.php\/wp-json\/wp\/v2\/comments?post=89812"}],"version-history":[{"count":0,"href":"https:\/\/cdnoticias.com\/index.php\/wp-json\/wp\/v2\/posts\/89812\/revisions"}],"wp:featuredmedia":[{"embeddable":true,"href":"https:\/\/cdnoticias.com\/index.php\/wp-json\/wp\/v2\/media\/62955"}],"wp:attachment":[{"href":"https:\/\/cdnoticias.com\/index.php\/wp-json\/wp\/v2\/media?parent=89812"}],"wp:term":[{"taxonomy":"category","embeddable":true,"href":"https:\/\/cdnoticias.com\/index.php\/wp-json\/wp\/v2\/categories?post=89812"},{"taxonomy":"post_tag","embeddable":true,"href":"https:\/\/cdnoticias.com\/index.php\/wp-json\/wp\/v2\/tags?post=89812"}],"curies":[{"name":"wp","href":"https:\/\/api.w.org\/{rel}","templated":true}]}}