{"id":89784,"date":"2023-07-10T22:10:41","date_gmt":"2023-07-11T01:10:41","guid":{"rendered":"https:\/\/www.centraldenoticias.com.ar\/?p=89784"},"modified":"2023-07-11T08:24:25","modified_gmt":"2023-07-11T11:24:25","slug":"wesner-y-landivar-mantuvieron-un-encuentro-de-trabajo-con-el-gobernador-kicillof","status":"publish","type":"post","link":"https:\/\/cdnoticias.com\/index.php\/2023\/07\/10\/wesner-y-landivar-mantuvieron-un-encuentro-de-trabajo-con-el-gobernador-kicillof\/","title":{"rendered":"Wesner y Land\u00edvar mantuvieron un encuentro de trabajo con el gobernador Kicillof"},"content":{"rendered":"<p>Dialogaron sobre varios temas, entre ellos la vivienda, un frigor\u00edfico local y la construcci\u00f3n de la autov\u00eda de la ruta 51 desde L\u2019Amal\u00ed hasta 226. El mandatario volver\u00e1 a Olavarr\u00eda \u201cen los pr\u00f3ximos d\u00edas\u201d.<!--more--><\/p>\n<hr \/>\n<p>El<strong> precandidato a intendente de Uni\u00f3n por la Patria (UxP), Maximiliano Wesner, y la primera precandidata a diputada provincial por la S\u00e9ptima Secci\u00f3n Electoral, Mercedes Land\u00edvar<\/strong>, se reunieron con el gobernador de la provincia de Buenos Aires,<strong> Axel Kicillof,<\/strong> en su despacho en La Plata.<\/p>\n<p>&nbsp;<\/p>\n<blockquote><p>&#8220;Conversamos sobre tres temas concretos y muy importantes: el acceso a la vivienda, un frigor\u00edfico para la ciudad y la autov\u00eda de la ruta 51 desde L\u2019Amali hasta la ruta 226&#8221;, indic\u00f3 Wesner.<\/p><\/blockquote>\n<p>&nbsp;<\/p>\n<p>En la misma l\u00ednea Wesner manifest\u00f3:<em> \u201cCharlamos sobre la \u00faltima visita del gobernador y sobre la confirmaci\u00f3n del financiamiento por parte de la Naci\u00f3n para el Polo Cultural en la ex Estaci\u00f3n Provincial, que depender\u00e1 del Instituto Cultural de la provincia de Buenos Aires\u201d.<\/em><\/p>\n<p>&nbsp;<\/p>\n<p><em>\u201cPor \u00faltimo repasamos el avance de la Casa de la Provincia, la reactivaci\u00f3n del Polo Judicial y el inicio de obra del barrio de 100 viviendas que construye el Instituto de la Vivienda con el Centro de Empleados de Comercio de Olavarr\u00eda\u201d<\/em>, concluy\u00f3 el precandidato.<\/p>\n<p>&nbsp;<\/p>\n<p>Durante el encuentro,<strong> Kicillof les anticip\u00f3 a Wesner y Land\u00edvar que en los pr\u00f3ximos d\u00edas regresar\u00e1 a Olavarr\u00eda con una amplia agenda de trabajo.<\/strong><\/p>\n","protected":false},"excerpt":{"rendered":"<p>Dialogaron sobre varios temas, entre ellos la vivienda, un frigor\u00edfico local y la construcci\u00f3n de la autov\u00eda de la ruta<\/p>\n","protected":false},"author":2,"featured_media":89785,"comment_status":"closed","ping_status":"closed","sticky":false,"template":"","format":"standard","meta":{"_jetpack_memberships_contains_paid_content":false,"footnotes":""},"categories":[4,1],"tags":[],"class_list":["post-89784","post","type-post","status-publish","format-standard","has-post-thumbnail","hentry","category-politica","category-portada"],"jetpack_featured_media_url":"https:\/\/i0.wp.com\/cdnoticias.com\/wp-content\/uploads\/2023\/07\/WhatsApp-Image-2023-07-10-at-16.57.45.jpeg?fit=1280%2C960&ssl=1","jetpack_sharing_enabled":true,"_links":{"self":[{"href":"https:\/\/cdnoticias.com\/index.php\/wp-json\/wp\/v2\/posts\/89784","targetHints":{"allow":["GET"]}}],"collection":[{"href":"https:\/\/cdnoticias.com\/index.php\/wp-json\/wp\/v2\/posts"}],"about":[{"href":"https:\/\/cdnoticias.com\/index.php\/wp-json\/wp\/v2\/types\/post"}],"author":[{"embeddable":true,"href":"https:\/\/cdnoticias.com\/index.php\/wp-json\/wp\/v2\/users\/2"}],"replies":[{"embeddable":true,"href":"https:\/\/cdnoticias.com\/index.php\/wp-json\/wp\/v2\/comments?post=89784"}],"version-history":[{"count":0,"href":"https:\/\/cdnoticias.com\/index.php\/wp-json\/wp\/v2\/posts\/89784\/revisions"}],"wp:featuredmedia":[{"embeddable":true,"href":"https:\/\/cdnoticias.com\/index.php\/wp-json\/wp\/v2\/media\/89785"}],"wp:attachment":[{"href":"https:\/\/cdnoticias.com\/index.php\/wp-json\/wp\/v2\/media?parent=89784"}],"wp:term":[{"taxonomy":"category","embeddable":true,"href":"https:\/\/cdnoticias.com\/index.php\/wp-json\/wp\/v2\/categories?post=89784"},{"taxonomy":"post_tag","embeddable":true,"href":"https:\/\/cdnoticias.com\/index.php\/wp-json\/wp\/v2\/tags?post=89784"}],"curies":[{"name":"wp","href":"https:\/\/api.w.org\/{rel}","templated":true}]}}