{"id":89780,"date":"2023-07-10T19:31:12","date_gmt":"2023-07-10T22:31:12","guid":{"rendered":"https:\/\/www.centraldenoticias.com.ar\/?p=89780"},"modified":"2023-07-10T19:31:12","modified_gmt":"2023-07-10T22:31:12","slug":"taller-contar-con-libro-album-destinado-a-docentes-y-bibliotecarias","status":"publish","type":"post","link":"https:\/\/cdnoticias.com\/index.php\/2023\/07\/10\/taller-contar-con-libro-album-destinado-a-docentes-y-bibliotecarias\/","title":{"rendered":"Taller &#8220;Contar con libro \u00e1lbum&#8221; destinado a docentes y bibliotecarias"},"content":{"rendered":"<p>Ser\u00e1 este jueves 13 a partir de las 14 horas en Suteba Olavarr\u00eda. Se entregar\u00e1 justificaci\u00f3n de asistencia para las y los docentes.<!--more--><\/p>\n<hr \/>\n<p>La Secretar\u00eda de Educaci\u00f3n de Suteba Olavarr\u00eda invita a participar del taller &#8220;<strong><em>Contar con Libro \u00e1lbum<\/em><\/strong>&#8221; destinado especialmente a <strong>bibliotecarios y docentes de nivel inicial y primario<\/strong> a cargo de Fer Narradora y Erika Brandauer de &#8220;La Luna, compa\u00f1\u00eda de cuentos&#8221;.<\/p>\n<p>&nbsp;<\/p>\n<p>La jornada ser\u00e1 este<strong> jueves 13 de julio a partir de las 14 horas en la sede de Suteba Olavarr\u00eda ubicada en San Mart\u00edn 2972<\/strong>. Se indic\u00f3 que se entregar\u00e1 justificaci\u00f3n de asistencia para las y los docentes.<\/p>\n<p>&nbsp;<\/p>\n<p><em>&#8220;Este taller busca explorar el libro-\u00e1lbum en todos sus sentidos con el objetivo de conocer mejor de qu\u00e9 se trata el g\u00e9nero. Asimismo el encuentro se propone compartir experiencias de promoci\u00f3n de la lectura y sus posibilidades creativas en el \u00e1mbito del taller. Ser\u00e1 una oportunidad imperdible, para todas las personas que desean adentrarse en el universo de contar historias<\/em>&#8221; expresaron.<\/p>\n<p>&nbsp;<\/p>\n<p>Por informes e inscripci\u00f3n comunicarse al tel\u00e9fono <strong>2284-655618<\/strong> o en la sede de la seccional de Suteba Olavarr\u00eda , ubicada en San Mart\u00edn 2972.<\/p>\n","protected":false},"excerpt":{"rendered":"<p>Ser\u00e1 este jueves 13 a partir de las 14 horas en Suteba Olavarr\u00eda. Se entregar\u00e1 justificaci\u00f3n de asistencia para las<\/p>\n","protected":false},"author":6,"featured_media":89781,"comment_status":"closed","ping_status":"closed","sticky":false,"template":"","format":"standard","meta":{"_jetpack_memberships_contains_paid_content":false,"footnotes":""},"categories":[5,1],"tags":[],"class_list":["post-89780","post","type-post","status-publish","format-standard","has-post-thumbnail","hentry","category-informacion-general","category-portada"],"jetpack_featured_media_url":"https:\/\/i0.wp.com\/cdnoticias.com\/wp-content\/uploads\/2023\/07\/Diseno-sin-titulo-84.jpg?fit=1920%2C1080&ssl=1","jetpack_sharing_enabled":true,"_links":{"self":[{"href":"https:\/\/cdnoticias.com\/index.php\/wp-json\/wp\/v2\/posts\/89780","targetHints":{"allow":["GET"]}}],"collection":[{"href":"https:\/\/cdnoticias.com\/index.php\/wp-json\/wp\/v2\/posts"}],"about":[{"href":"https:\/\/cdnoticias.com\/index.php\/wp-json\/wp\/v2\/types\/post"}],"author":[{"embeddable":true,"href":"https:\/\/cdnoticias.com\/index.php\/wp-json\/wp\/v2\/users\/6"}],"replies":[{"embeddable":true,"href":"https:\/\/cdnoticias.com\/index.php\/wp-json\/wp\/v2\/comments?post=89780"}],"version-history":[{"count":0,"href":"https:\/\/cdnoticias.com\/index.php\/wp-json\/wp\/v2\/posts\/89780\/revisions"}],"wp:featuredmedia":[{"embeddable":true,"href":"https:\/\/cdnoticias.com\/index.php\/wp-json\/wp\/v2\/media\/89781"}],"wp:attachment":[{"href":"https:\/\/cdnoticias.com\/index.php\/wp-json\/wp\/v2\/media?parent=89780"}],"wp:term":[{"taxonomy":"category","embeddable":true,"href":"https:\/\/cdnoticias.com\/index.php\/wp-json\/wp\/v2\/categories?post=89780"},{"taxonomy":"post_tag","embeddable":true,"href":"https:\/\/cdnoticias.com\/index.php\/wp-json\/wp\/v2\/tags?post=89780"}],"curies":[{"name":"wp","href":"https:\/\/api.w.org\/{rel}","templated":true}]}}