{"id":89771,"date":"2023-07-10T13:21:43","date_gmt":"2023-07-10T16:21:43","guid":{"rendered":"https:\/\/www.centraldenoticias.com.ar\/?p=89771"},"modified":"2023-07-10T17:58:56","modified_gmt":"2023-07-10T20:58:56","slug":"vacaciones-de-invierno-el-municipio-presento-sus-propuestas-del-15-al-30-de-julio","status":"publish","type":"post","link":"https:\/\/cdnoticias.com\/index.php\/2023\/07\/10\/vacaciones-de-invierno-el-municipio-presento-sus-propuestas-del-15-al-30-de-julio\/","title":{"rendered":"Vacaciones de Invierno: el Municipio present\u00f3 sus propuestas del 15 al 30 de julio"},"content":{"rendered":"<p>\u201cCada espacio est\u00e1 pensado para que en estos 15 d\u00edas los chicos puedan divertirse\u201d destac\u00f3 el subsecretario de Cultura, Bruno Cenizo.\u00a0El cronograma completo.<\/p>\n<p><!--more--><\/p>\n<hr \/>\n<p>El<strong> Municipio<\/strong> anunci\u00f3 su <strong>cronograma de actividades para las Vacaciones de Invierno<\/strong>. Incluye <strong>propuestas en sedes culturales de todas las localidades<\/strong> destinadas a los chicos programadas <strong>entre el 15 y el 30 de julio<\/strong>.<\/p>\n<p>&nbsp;<\/p>\n<p><strong>Todas las actividades son gratuitas<\/strong>, excepto los espect\u00e1culos que se presentan en el Teatro Municipal.<\/p>\n<p>&nbsp;<\/p>\n<p>El cronograma completo<strong> se difunde de manera online<\/strong>, y tambi\u00e9n mediante<strong> folleter\u00eda que estar\u00e1 disponible en todas las sedes.<\/strong><\/p>\n<p>&nbsp;<\/p>\n<p><img data-recalc-dims=\"1\" loading=\"lazy\" decoding=\"async\" class=\"size-full wp-image-89760 aligncenter\" src=\"https:\/\/i0.wp.com\/cdnoticias.com\/wp-content\/uploads\/2023\/07\/vacaciones-invierno-02.jpg?resize=800%2C445&#038;ssl=1\" alt=\"\" width=\"800\" height=\"445\" srcset=\"https:\/\/i0.wp.com\/cdnoticias.com\/wp-content\/uploads\/2023\/07\/vacaciones-invierno-02.jpg?w=800&amp;ssl=1 800w, https:\/\/i0.wp.com\/cdnoticias.com\/wp-content\/uploads\/2023\/07\/vacaciones-invierno-02.jpg?resize=300%2C167&amp;ssl=1 300w, https:\/\/i0.wp.com\/cdnoticias.com\/wp-content\/uploads\/2023\/07\/vacaciones-invierno-02.jpg?resize=768%2C427&amp;ssl=1 768w\" sizes=\"auto, (max-width: 800px) 100vw, 800px\" \/><\/p>\n<p>&nbsp;<\/p>\n<blockquote><p>\u201cLos chicos aprovechan para no madrugar y descansar, y por eso es que nosotros dentro del espacio de Cultura, hemos planificado como hacemos habitualmente para esta \u00e9poca lo que tiene que ver con actividades culturales, museos y todas actividades para que los chicos y no tan chicos puedan disfrutar en el marco de lo que los especialistas dicen la educaci\u00f3n no formal\u201d present\u00f3 el intendente Ezequiel Galli.<\/p><\/blockquote>\n<p>&nbsp;<\/p>\n<p>El jefe comunal encabez\u00f3 la conferencia de la que tambi\u00e9n participaron <em>el secretario de Desarrollo Humano, Diego Robbiani, el subsecretario de Cultura y Educaci\u00f3n, Bruno Cenizo, y el director del \u00e1rea, Mariano Sarthou.<\/em><\/p>\n<p>&nbsp;<\/p>\n<p><strong>\u201cQueremos que los chicos vayan a los museos y que puedan interactuar, jugar, tocar, comer, divertirse, jugar con sus amigos y de paso poder aprender.<\/strong> Por eso hemos dispuestos actividades <em>en el Centro Cultural, en esta recientemente reinaugurada Casa del Bicentenario, en el Museo Hermanos Emiliozzi, Museo de Ciencias, en el Bioparque La M\u00e1xima, en los Museos de los Pueblos<\/em>. En todos los espacios culturales del Partido vamos a brindar actividades <strong>para que los chicos puedan desarrollar sus vacaciones de la mejor manera posible, y de paso puedan aprender un mont\u00f3n de cosas\u201d<\/strong> agreg\u00f3 Ezequiel Galli.<\/p>\n<p>&nbsp;<\/p>\n<p><img data-recalc-dims=\"1\" loading=\"lazy\" decoding=\"async\" class=\"size-full wp-image-89761 aligncenter\" src=\"https:\/\/i0.wp.com\/cdnoticias.com\/wp-content\/uploads\/2023\/07\/vacaciones-invierno-03.jpg?resize=800%2C445&#038;ssl=1\" alt=\"\" width=\"800\" height=\"445\" srcset=\"https:\/\/i0.wp.com\/cdnoticias.com\/wp-content\/uploads\/2023\/07\/vacaciones-invierno-03.jpg?w=800&amp;ssl=1 800w, https:\/\/i0.wp.com\/cdnoticias.com\/wp-content\/uploads\/2023\/07\/vacaciones-invierno-03.jpg?resize=300%2C167&amp;ssl=1 300w, https:\/\/i0.wp.com\/cdnoticias.com\/wp-content\/uploads\/2023\/07\/vacaciones-invierno-03.jpg?resize=768%2C427&amp;ssl=1 768w\" sizes=\"auto, (max-width: 800px) 100vw, 800px\" \/><\/p>\n<p>&nbsp;<\/p>\n<p>El subsecretario Cenizo destac\u00f3 que<strong> en la web municipal est\u00e1 disponible el calendario<\/strong> &#8211;<strong><a href=\"https:\/\/www.olavarria.gov.ar\/wp-content\/uploads\/2023\/07\/Cronograma-vacaciones-de-invierno-2023.pdf\" target=\"_blank\" rel=\"noopener\">se puede acceder aqu\u00ed<\/a><\/strong>&#8211; con las propuestas de <strong>\u201ctalleres, actividades musicales, teatro, cine, t\u00edteres\u201d<\/strong>.<\/p>\n<p>&nbsp;<\/p>\n<blockquote><p>\u201cQuiero invitar a todas las familias a que lleven a los hijos, cada espacio est\u00e1 pensado para que en estos 15 d\u00edas los chicos puedan divertirse\u201d enfatiz\u00f3.<\/p><\/blockquote>\n<p>&nbsp;<\/p>\n<p><strong>Algunos puntos<\/strong><\/p>\n<p>&nbsp;<\/p>\n<p>En la sede de la Casa del Bicentenario, <strong>las Escuelas Art\u00edsticas Municipales<\/strong> brindar\u00e1n talleres abiertos al p\u00fablico. <em>\u201cLa idea sirve como muestreo de lo que se hace en el a\u00f1o en esas escuelas\u201d<\/em> defini\u00f3 el titular de Cultura y Educaci\u00f3n.<\/p>\n<p>&nbsp;<\/p>\n<p>En el <strong>Centro Cultural Municipal<\/strong>, el s\u00e1bado se inaugurar\u00e1 una nueva muestra del artista Santiago Recart, \u201cBocetos Encontrados y el monstruo que com\u00eda letras\u201d. <em>\u201cPlanificamos actividades para que los chicos puedan participar de las muestras. En la \u00faltima muestra que tuvimos los chicos de las escuelas participaban incluso pintando las paredes\u201d<\/em> destaco Cenizo.<\/p>\n<p>&nbsp;<\/p>\n<blockquote class=\"instagram-media\" style=\"background: #FFF; border: 0; border-radius: 3px; box-shadow: 0 0 1px 0 rgba(0,0,0,0.5),0 1px 10px 0 rgba(0,0,0,0.15); margin: 1px; max-width: 540px; min-width: 326px; padding: 0; width: calc(100% - 2px);\" data-instgrm-permalink=\"https:\/\/www.instagram.com\/p\/CuZ1GI6u9j_\/?utm_source=ig_embed&amp;utm_campaign=loading\" data-instgrm-version=\"14\">\n<div style=\"padding: 16px;\">\n<p>&nbsp;<\/p>\n<div style=\"display: flex; flex-direction: row; align-items: center;\">\n<div style=\"background-color: #f4f4f4; border-radius: 50%; flex-grow: 0; height: 40px; margin-right: 14px; width: 40px;\"><\/div>\n<div style=\"display: flex; flex-direction: column; flex-grow: 1; justify-content: center;\">\n<div style=\"background-color: #f4f4f4; border-radius: 4px; flex-grow: 0; height: 14px; margin-bottom: 6px; width: 100px;\"><\/div>\n<div style=\"background-color: #f4f4f4; border-radius: 4px; flex-grow: 0; height: 14px; width: 60px;\"><\/div>\n<\/div>\n<\/div>\n<div style=\"padding: 19% 0;\"><\/div>\n<div style=\"display: block; height: 50px; margin: 0 auto 12px; width: 50px;\"><\/div>\n<div style=\"padding-top: 8px;\">\n<div style=\"color: #3897f0; font-family: Arial,sans-serif; font-size: 14px; font-style: normal; font-weight: 550; line-height: 18px;\">Ver esta publicaci\u00f3n en Instagram<\/div>\n<\/div>\n<div style=\"padding: 12.5% 0;\"><\/div>\n<div style=\"display: flex; flex-direction: row; margin-bottom: 14px; align-items: center;\">\n<div>\n<div style=\"background-color: #f4f4f4; border-radius: 50%; height: 12.5px; width: 12.5px; transform: translateX(0px) translateY(7px);\"><\/div>\n<div style=\"background-color: #f4f4f4; height: 12.5px; transform: rotate(-45deg) translateX(3px) translateY(1px); width: 12.5px; flex-grow: 0; margin-right: 14px; margin-left: 2px;\"><\/div>\n<div style=\"background-color: #f4f4f4; border-radius: 50%; height: 12.5px; width: 12.5px; transform: translateX(9px) translateY(-18px);\"><\/div>\n<\/div>\n<div style=\"margin-left: 8px;\">\n<div style=\"background-color: #f4f4f4; border-radius: 50%; flex-grow: 0; height: 20px; width: 20px;\"><\/div>\n<div style=\"width: 0; height: 0; border-top: 2px solid transparent; border-left: 6px solid #f4f4f4; border-bottom: 2px solid transparent; transform: translateX(16px) translateY(-4px) rotate(30deg);\"><\/div>\n<\/div>\n<div style=\"margin-left: auto;\">\n<div style=\"width: 0px; border-top: 8px solid #F4F4F4; border-right: 8px solid transparent; transform: translateY(16px);\"><\/div>\n<div style=\"background-color: #f4f4f4; flex-grow: 0; height: 12px; width: 16px; transform: translateY(-4px);\"><\/div>\n<div style=\"width: 0; height: 0; border-top: 8px solid #F4F4F4; border-left: 8px solid transparent; transform: translateY(-4px) translateX(8px);\"><\/div>\n<\/div>\n<\/div>\n<div style=\"display: flex; flex-direction: column; flex-grow: 1; justify-content: center; margin-bottom: 24px;\">\n<div style=\"background-color: #f4f4f4; border-radius: 4px; flex-grow: 0; height: 14px; margin-bottom: 6px; width: 224px;\"><\/div>\n<div style=\"background-color: #f4f4f4; border-radius: 4px; flex-grow: 0; height: 14px; width: 144px;\"><\/div>\n<\/div>\n<p>&nbsp;<\/p>\n<p style=\"color: #c9c8cd; font-family: Arial,sans-serif; font-size: 14px; line-height: 17px; margin-bottom: 0; margin-top: 8px; overflow: hidden; padding: 8px 0 7px; text-align: center; text-overflow: ellipsis; white-space: nowrap;\"><a style=\"color: #c9c8cd; font-family: Arial,sans-serif; font-size: 14px; font-style: normal; font-weight: normal; line-height: 17px; text-decoration: none;\" href=\"https:\/\/www.instagram.com\/p\/CuZ1GI6u9j_\/?utm_source=ig_embed&amp;utm_campaign=loading\" target=\"_blank\" rel=\"noopener\">Una publicaci\u00f3n compartida por Ccm San Jos\u00e9 (@centrocultural.sanjose)<\/a><\/p>\n<\/div>\n<\/blockquote>\n<p><script async src=\"\/\/www.instagram.com\/embed.js\"><\/script><\/p>\n<p>&nbsp;<\/p>\n<p><em>\u201cPara nosotros la educaci\u00f3n y las visitas guiadas que cada espacio tiene son fundamentales\u201d<\/em> declar\u00f3 para exponer que se presentar\u00e1n las visitas guiadas en conjunto al <strong>Museo de las Ciencias y al Bioparque La M\u00e1xima<\/strong>. \u201cEs uno de los espacios m\u00e1s concurridos en estas vacaciones, como todos los a\u00f1os. Por eso programamos un educativo en equipo para que cada uno que vaya a hacer una visita guiada tenga una recorrida por ambos espacios\u201d subray\u00f3.<\/p>\n<p>&nbsp;<\/p>\n<blockquote><p>M\u00e1s adelante, Diego Robbiani indic\u00f3 que \u201cel a\u00f1o pasado alrededor de 50 mil personas participaron de las actividades de los espacios municipales en las vacaciones de invierno\u201d para proyectar la cantidad de asistentes que se prev\u00e9 para este tipo de propuestas. Agreg\u00f3 que \u201cLa M\u00e1xima, el Museo Emiliozzi y el Museo de las Ciencias son los m\u00e1s visitados. Viene mucha gente de afuera, sobre todo al Museo Emiliozzi, los fines de semana se acercan permanentemente\u201d.<\/p><\/blockquote>\n<p>&nbsp;<\/p>\n<p>Cenizo tambi\u00e9n valor\u00f3 que \u201cla <strong>muestra de Puro Pelo en el Museo D\u00e1maso Arce<\/strong> &#8211;<a href=\"https:\/\/cdnoticias.com\/index.php\/2023\/07\/01\/juan-chavetta-estoy-muy-contento-por-como-quedo-la-muestra\/\" target=\"_blank\" rel=\"noopener\">que inaugur\u00f3 la semana pasada<\/a>&#8211; tiene una concurrencia incre\u00edble, que complementa la muestra de Belgrano y el patrimonio que tenemos de Belgrano\u201d.<\/p>\n<p>&nbsp;<\/p>\n<p><img data-recalc-dims=\"1\" loading=\"lazy\" decoding=\"async\" class=\"size-full wp-image-89763 aligncenter\" src=\"https:\/\/i0.wp.com\/cdnoticias.com\/wp-content\/uploads\/2023\/07\/vacaciones-invierno-05-galli-robbiani.jpg?resize=800%2C445&#038;ssl=1\" alt=\"\" width=\"800\" height=\"445\" srcset=\"https:\/\/i0.wp.com\/cdnoticias.com\/wp-content\/uploads\/2023\/07\/vacaciones-invierno-05-galli-robbiani.jpg?w=800&amp;ssl=1 800w, https:\/\/i0.wp.com\/cdnoticias.com\/wp-content\/uploads\/2023\/07\/vacaciones-invierno-05-galli-robbiani.jpg?resize=300%2C167&amp;ssl=1 300w, https:\/\/i0.wp.com\/cdnoticias.com\/wp-content\/uploads\/2023\/07\/vacaciones-invierno-05-galli-robbiani.jpg?resize=768%2C427&amp;ssl=1 768w\" sizes=\"auto, (max-width: 800px) 100vw, 800px\" \/><\/p>\n<p>&nbsp;<\/p>\n<p>Tambi\u00e9n cont\u00f3 que <strong>\u201cen todas las localidades tenemos actividades, desde m\u00fasica, teatro, circo.<\/strong> Hay muchos de los artistas que ya los conocen. Ellos son los encargados de girar desde Espigas y Recalde, a Loma Negra. Cada localidad tiene algo planificado\u201d.<\/p>\n<p>&nbsp;<\/p>\n<p><strong>Lo que viene<\/strong><\/p>\n<p>&nbsp;<\/p>\n<p>Bruno Cenizo tambi\u00e9n adelant\u00f3 que <strong>en pocos d\u00edas habr\u00e1 una nueva muestra en el Museo de las Ciencias<\/strong>, cuya presentaci\u00f3n implicar\u00e1 adem\u00e1s la reinauguraci\u00f3n de las salas de la planta baja.<\/p>\n<p>&nbsp;<\/p>\n<p><em>\u201cEn el Museo de las Ciencias estaremos inaugurando una nueva muestra, se anunciar\u00e1 en pocos d\u00edas. Es un trabajo en conjunto que se hizo con Unicen y con Cementos Avellaneda, que es rehacer las salas de abajo del Museo\u201d<\/em> dijo.<\/p>\n<p>&nbsp;<\/p>\n","protected":false},"excerpt":{"rendered":"<p>\u201cCada espacio est\u00e1 pensado para que en estos 15 d\u00edas los chicos puedan divertirse\u201d destac\u00f3 el subsecretario de Cultura, Bruno<\/p>\n","protected":false},"author":4,"featured_media":89759,"comment_status":"closed","ping_status":"closed","sticky":false,"template":"","format":"standard","meta":{"_jetpack_memberships_contains_paid_content":false,"footnotes":""},"categories":[9,1],"tags":[],"class_list":["post-89771","post","type-post","status-publish","format-standard","has-post-thumbnail","hentry","category-cultura","category-portada"],"jetpack_featured_media_url":"https:\/\/i0.wp.com\/cdnoticias.com\/wp-content\/uploads\/2023\/07\/vacaciones-invierno-01.jpg?fit=800%2C445&ssl=1","jetpack_sharing_enabled":true,"_links":{"self":[{"href":"https:\/\/cdnoticias.com\/index.php\/wp-json\/wp\/v2\/posts\/89771","targetHints":{"allow":["GET"]}}],"collection":[{"href":"https:\/\/cdnoticias.com\/index.php\/wp-json\/wp\/v2\/posts"}],"about":[{"href":"https:\/\/cdnoticias.com\/index.php\/wp-json\/wp\/v2\/types\/post"}],"author":[{"embeddable":true,"href":"https:\/\/cdnoticias.com\/index.php\/wp-json\/wp\/v2\/users\/4"}],"replies":[{"embeddable":true,"href":"https:\/\/cdnoticias.com\/index.php\/wp-json\/wp\/v2\/comments?post=89771"}],"version-history":[{"count":0,"href":"https:\/\/cdnoticias.com\/index.php\/wp-json\/wp\/v2\/posts\/89771\/revisions"}],"wp:featuredmedia":[{"embeddable":true,"href":"https:\/\/cdnoticias.com\/index.php\/wp-json\/wp\/v2\/media\/89759"}],"wp:attachment":[{"href":"https:\/\/cdnoticias.com\/index.php\/wp-json\/wp\/v2\/media?parent=89771"}],"wp:term":[{"taxonomy":"category","embeddable":true,"href":"https:\/\/cdnoticias.com\/index.php\/wp-json\/wp\/v2\/categories?post=89771"},{"taxonomy":"post_tag","embeddable":true,"href":"https:\/\/cdnoticias.com\/index.php\/wp-json\/wp\/v2\/tags?post=89771"}],"curies":[{"name":"wp","href":"https:\/\/api.w.org\/{rel}","templated":true}]}}