{"id":89736,"date":"2023-07-10T20:37:27","date_gmt":"2023-07-10T23:37:27","guid":{"rendered":"https:\/\/www.centraldenoticias.com.ar\/?p=89736"},"modified":"2023-07-10T20:37:27","modified_gmt":"2023-07-10T23:37:27","slug":"nueva-feria-de-artesanos-en-la-plaza-central-y-el-paseo-mendia","status":"publish","type":"post","link":"https:\/\/cdnoticias.com\/index.php\/2023\/07\/10\/nueva-feria-de-artesanos-en-la-plaza-central-y-el-paseo-mendia\/","title":{"rendered":"Nueva Feria de Artesanos en la Plaza Central y el Paseo Mend\u00eda"},"content":{"rendered":"<p>Ser\u00e1 el viernes 14, s\u00e1bado 15 y domingo 16 de julio de 14:00 a 20:00.<!--more--><\/p>\n<hr \/>\n<p>La Plaza Central y el Paseo \u201cJes\u00fas Mend\u00eda\u201d se convertir\u00e1n en una gran feria de artesanos, durante el <strong>viernes 14, s\u00e1bado 15 y domingo 16 de julio, de 14:00 a 20:00.<\/strong><\/p>\n<p>&nbsp;<\/p>\n<p>Participar\u00e1n <strong>artesanos locales<\/strong> que utilizan diferentes t\u00e9cnicas tales como papel mach\u00e9, orfebrer\u00eda, tejido en telar, hilado, encuadernaci\u00f3n, cester\u00eda ecol\u00f3gica, tejido en paja vizcachera, cer\u00e1mica, vitrofusi\u00f3n, marroquiner\u00eda, madera, amigurumis, macram\u00e9, velas, pintura art\u00edstica, bordado, artesan\u00eda reciclada y resignificaci\u00f3n.<\/p>\n<p>&nbsp;<\/p>\n<p>El objetivo de esta propuesta es impulsar y reconocer la actividad artesanal en el Partido de Olavarr\u00eda, y que a trav\u00e9s de este tipo de eventos se permita dar un espacio de encuentro y sociabilizaci\u00f3n, generando v\u00ednculos y colaborando a la econom\u00eda social.<\/p>\n","protected":false},"excerpt":{"rendered":"<p>Ser\u00e1 el viernes 14, s\u00e1bado 15 y domingo 16 de julio de 14:00 a 20:00.<\/p>\n","protected":false},"author":5,"featured_media":35904,"comment_status":"closed","ping_status":"closed","sticky":false,"template":"","format":"standard","meta":{"_jetpack_memberships_contains_paid_content":false,"footnotes":""},"categories":[9,1],"tags":[],"class_list":["post-89736","post","type-post","status-publish","format-standard","has-post-thumbnail","hentry","category-cultura","category-portada"],"jetpack_featured_media_url":"https:\/\/i0.wp.com\/cdnoticias.com\/wp-content\/uploads\/2021\/10\/Cultura-Feria-artesanos-1-1024x682.jpg?fit=1024%2C682&ssl=1","jetpack_sharing_enabled":true,"_links":{"self":[{"href":"https:\/\/cdnoticias.com\/index.php\/wp-json\/wp\/v2\/posts\/89736","targetHints":{"allow":["GET"]}}],"collection":[{"href":"https:\/\/cdnoticias.com\/index.php\/wp-json\/wp\/v2\/posts"}],"about":[{"href":"https:\/\/cdnoticias.com\/index.php\/wp-json\/wp\/v2\/types\/post"}],"author":[{"embeddable":true,"href":"https:\/\/cdnoticias.com\/index.php\/wp-json\/wp\/v2\/users\/5"}],"replies":[{"embeddable":true,"href":"https:\/\/cdnoticias.com\/index.php\/wp-json\/wp\/v2\/comments?post=89736"}],"version-history":[{"count":0,"href":"https:\/\/cdnoticias.com\/index.php\/wp-json\/wp\/v2\/posts\/89736\/revisions"}],"wp:featuredmedia":[{"embeddable":true,"href":"https:\/\/cdnoticias.com\/index.php\/wp-json\/wp\/v2\/media\/35904"}],"wp:attachment":[{"href":"https:\/\/cdnoticias.com\/index.php\/wp-json\/wp\/v2\/media?parent=89736"}],"wp:term":[{"taxonomy":"category","embeddable":true,"href":"https:\/\/cdnoticias.com\/index.php\/wp-json\/wp\/v2\/categories?post=89736"},{"taxonomy":"post_tag","embeddable":true,"href":"https:\/\/cdnoticias.com\/index.php\/wp-json\/wp\/v2\/tags?post=89736"}],"curies":[{"name":"wp","href":"https:\/\/api.w.org\/{rel}","templated":true}]}}