{"id":8972,"date":"2020-12-14T21:00:30","date_gmt":"2020-12-15T00:00:30","guid":{"rendered":"http:\/\/www.centraldenoticias.com.ar\/?p=8972"},"modified":"2020-12-14T21:00:30","modified_gmt":"2020-12-15T00:00:30","slug":"quiero-despertar-en-un-mundo-agradable","status":"publish","type":"post","link":"https:\/\/cdnoticias.com\/index.php\/2020\/12\/14\/quiero-despertar-en-un-mundo-agradable\/","title":{"rendered":"Quiero despertar en un mundo agradable"},"content":{"rendered":"<p>&nbsp;<\/p>\n<p><em>Por Bel\u00e9n Cotine*<\/em><\/p>\n<hr \/>\n<p>Quien m\u00e1s, quien menos imagin\u00f3 que <strong>la salida al mundo post pandemia<\/strong> (en caso de que existiera) ser\u00eda m\u00e1s amable que el ingreso abrupto, nueve meses atr\u00e1s, cuando la vida se nos dio vuelta como una media.<\/p>\n<p>&nbsp;<\/p>\n<p>Aunque parezca un milenio completo, la \u201cnueva normalidad\u201d reci\u00e9n alcanza el tiempo de un embarazo a t\u00e9rmino, pero <strong>desde el minuto cero se transmiti\u00f3 en directo<\/strong>. Aparecieron los zoomplea\u00f1os, las clases on line y hasta unas tetas turgentes que convirtieron a un diputado nacional en un desafortunado catador de pr\u00f3tesis mamarias: todo se tradujo r\u00e1pidamente a la pantalla.<\/p>\n<p>&nbsp;<\/p>\n<p>Los toques de queda nos encerraban temprano en la cuarentena dura. La pausa no fue de 5 minutos y lo esencial se hizo m\u00e1s visible que nunca. Mientras tanto, mientras acomod\u00e1bamos cuerpo y mente a un nuevo marco normativo de emergencia, la vida parec\u00eda igualar, a escala planetaria, los interrogantes y la incertidumbre. <strong><em>\u201cVamos a salir mejores\u201d<\/em><\/strong>, <strong><em>\u201ceste capitalismo est\u00e1 dando sus \u00faltimos estertores\u201d<\/em><\/strong>, <strong><em>\u201cla naturaleza nos pide a gritos un cambio de paradigma\u201d<\/em><\/strong> y muchas otras consignas afloraron a la par que las recetas para sobrellevar de la mejor manera lo que hab\u00eda aparecido de la peor porque, vale subrayar, la pandemia no tiene cura a\u00fan y ya se carg\u00f3 millones de vidas.<\/p>\n<p>&nbsp;<\/p>\n<p>Sin embargo, <strong>el fervor agorero y esperanzador dur\u00f3 poco<\/strong>, como los aplausos a los trabajadores de la salud. A poco de andar, surgieron las grietas entre los defensores de la cuarentena y los refutadores de turno, entre los que apelaban al bien com\u00fan y los que proclamaban la defensa de las libertades individuales.<\/p>\n<p>&nbsp;<\/p>\n<blockquote><p>A la par, la econom\u00eda mundial fagocitaba a quienes no ten\u00edan la espalda para bancar el vendaval y forraba en millones a los nuevos gur\u00faes del desastre totalizante.<\/p><\/blockquote>\n<p>&nbsp;<\/p>\n<p>En medio del caos, algo qued\u00f3 claro: <strong>el capitalismo, tal y como lo conocemos, con sus miserias y sus v\u00edctimas propiciatorias, nunca estuvo en juego.<\/strong> Y si hac\u00eda falta un hecho contundente para ratificar que goza de buena salud, la industria farmac\u00e9utica sali\u00f3 al ruedo con un desfile de vacunas y los Estados que se tomaron en serio la b\u00fasqueda de una salida inmunol\u00f3gica transpiraron la camiseta para estar a la altura de la danza de la fortuna que los privados pusieron al servicio de las investigaciones m\u00e1s avanzadas.<\/p>\n<p>&nbsp;<\/p>\n<p><strong>Nueve meses despu\u00e9s, no ha nacido un nuevo orden mundial<\/strong>: quienes encabezan la fila para comprar dosis son los pa\u00edses desarrollados, mientras que los segundos y terceros mundos apelan como pueden a las relaciones pol\u00edticas necesarias para poder colar el remanente. El que pega primero pega m\u00e1s fuerte: las reglas no han cambiado y basta verlo a un Trump en retirada, a los gritos, apurando a Pfizer para presentar a la \u201ccriatura\u201d que ser\u00e1 el nuevo Mes\u00edas de un mundo pand\u00e9mico.<\/p>\n<p>&nbsp;<\/p>\n<p><strong><em>\u201cAl final, la vida sigue igual<\/em><\/strong>\u201d, dice la canci\u00f3n que populariz\u00f3 el Gitano. De los ca\u00eddos, de los malheridos y de los nuevos excluidos\u00a0 no hay quien se ocupe. Mucho menos, el capitalismo que tan bien conocemos y que, como siempre, atiende a su juego.<\/p>\n<p>&nbsp;<\/p>\n<p><em>*Jefa de Redacci\u00f3n de Diario Nueva Era (Tandil). Secretaria General del Sindicato de Prensa de Tandil y Azul<\/em><\/p>\n<p><em>belencotine@gmail.com<\/em><\/p>\n","protected":false},"excerpt":{"rendered":"<p>&nbsp; Por Bel\u00e9n Cotine* Quien m\u00e1s, quien menos imagin\u00f3 que la salida al mundo post pandemia (en caso de que<\/p>\n","protected":false},"author":5,"featured_media":6536,"comment_status":"closed","ping_status":"closed","sticky":false,"template":"","format":"standard","meta":{"_jetpack_memberships_contains_paid_content":false,"footnotes":""},"categories":[5,1],"tags":[],"class_list":["post-8972","post","type-post","status-publish","format-standard","has-post-thumbnail","hentry","category-informacion-general","category-portada"],"jetpack_featured_media_url":"https:\/\/i0.wp.com\/cdnoticias.com\/wp-content\/uploads\/2020\/11\/coronavirus.jpeg?fit=750%2C422&ssl=1","jetpack_sharing_enabled":true,"_links":{"self":[{"href":"https:\/\/cdnoticias.com\/index.php\/wp-json\/wp\/v2\/posts\/8972","targetHints":{"allow":["GET"]}}],"collection":[{"href":"https:\/\/cdnoticias.com\/index.php\/wp-json\/wp\/v2\/posts"}],"about":[{"href":"https:\/\/cdnoticias.com\/index.php\/wp-json\/wp\/v2\/types\/post"}],"author":[{"embeddable":true,"href":"https:\/\/cdnoticias.com\/index.php\/wp-json\/wp\/v2\/users\/5"}],"replies":[{"embeddable":true,"href":"https:\/\/cdnoticias.com\/index.php\/wp-json\/wp\/v2\/comments?post=8972"}],"version-history":[{"count":0,"href":"https:\/\/cdnoticias.com\/index.php\/wp-json\/wp\/v2\/posts\/8972\/revisions"}],"wp:featuredmedia":[{"embeddable":true,"href":"https:\/\/cdnoticias.com\/index.php\/wp-json\/wp\/v2\/media\/6536"}],"wp:attachment":[{"href":"https:\/\/cdnoticias.com\/index.php\/wp-json\/wp\/v2\/media?parent=8972"}],"wp:term":[{"taxonomy":"category","embeddable":true,"href":"https:\/\/cdnoticias.com\/index.php\/wp-json\/wp\/v2\/categories?post=8972"},{"taxonomy":"post_tag","embeddable":true,"href":"https:\/\/cdnoticias.com\/index.php\/wp-json\/wp\/v2\/tags?post=8972"}],"curies":[{"name":"wp","href":"https:\/\/api.w.org\/{rel}","templated":true}]}}