{"id":89719,"date":"2023-07-10T08:04:24","date_gmt":"2023-07-10T11:04:24","guid":{"rendered":"https:\/\/www.centraldenoticias.com.ar\/?p=89719"},"modified":"2023-07-10T10:48:13","modified_gmt":"2023-07-10T13:48:13","slug":"kicillof-en-la-inauguracion-del-primer-tramo-del-gasoducto-presidente-nestor-kirchner","status":"publish","type":"post","link":"https:\/\/cdnoticias.com\/index.php\/2023\/07\/10\/kicillof-en-la-inauguracion-del-primer-tramo-del-gasoducto-presidente-nestor-kirchner\/","title":{"rendered":"Kicillof, en la inauguraci\u00f3n del primer tramo del Gasoducto Presidente N\u00e9stor Kirchner"},"content":{"rendered":"<p>El tramo conecta a la localidad neuquina de Tratay\u00e9n con Salliquel\u00f3 por m\u00e1s de 500 kil\u00f3metros. En la tarde del domingo las autoridades abrieron de manera simb\u00f3lica la v\u00e1lvula del gasoducto.<\/p>\n<p><!--more--><\/p>\n<hr \/>\n<p><strong>El gobernador de la provincia de Buenos Aires, Axel Kicillof,<\/strong> particip\u00f3 este domingo junto <em>al presidente Alberto Fern\u00e1ndez, la vicepresidenta Cristina Fern\u00e1ndez de Kirchner, el ministro de Econom\u00eda, Sergio Massa, y el jefe de Gabinete, Agust\u00edn Rossi<\/em> del <strong>acto de inauguraci\u00f3n del primer tramo del Gasoducto Presidente N\u00e9stor Kirchner<\/strong> (GPNK), que conecta a la localidad neuquina de Tratay\u00e9n con Salliquel\u00f3.<\/p>\n<p>&nbsp;<\/p>\n<p>\u201cEl gasoducto se realiz\u00f3 en un plazo r\u00e9cord de <strong>10 meses<\/strong> y configura la obra de ingenier\u00eda m\u00e1s importante de los \u00faltimos 50 a\u00f1os en la Argentina. Fue construido con <strong>financiamiento estatal<\/strong> a lo largo de <strong>573 kil\u00f3metros<\/strong>, atravesando cuatro provincias: Neuqu\u00e9n, R\u00edo Negro, La Pampa y Buenos Aires. Su puesta en funcionamiento inicia una etapa en la que se podr\u00e1<strong> incrementar la capacidad de transporte de gas desde Vaca Muerta hacia los centros de consumo<\/strong>, comenzando a transitar el camino hacia la soberan\u00eda energ\u00e9tica\u201d se destac\u00f3 desde la Gobernaci\u00f3n.<\/p>\n<p>&nbsp;<\/p>\n<p>El acto tuvo lugar el domingo por la tarde en la <strong>localidad de Salliquel\u00f3<\/strong> donde <strong>las autoridades abrieron de manera simb\u00f3lica la v\u00e1lvula del gasoducto<\/strong>. La fecha coincidi\u00f3 con el D\u00eda de la Independencia Argentina y, en ese sentido, se hizo alusi\u00f3n a la <strong>independencia energ\u00e9tica<\/strong>.<\/p>\n<p>&nbsp;<\/p>\n<p>El <strong>ministro de Econom\u00eda y precandidato presidencial de Uni\u00f3n por la Patria (UxP), Sergio Massa<\/strong>, fue el primer orador en el acto. Agradeci\u00f3 tanto al Presidente como a la Vicepresidenta por la<strong> \u201cdecisi\u00f3n de seguir adelante\u201d con el Gasoducto Presidente N\u00e9stor Kirchner (GPNK) \u201ccuando el FMI ped\u00eda que se parara\u201d<\/strong>. En especial, destac\u00f3 la presidenta del Senado por \u201cel coraje de recuperar YPF\u201d para el Estado durante su mandato en 2012. El ministro expres\u00f3 \u201cel orgullo de ser argentino\u201d y asever\u00f3 que <strong>aunque \u201cnos quieran condenar a ser un pa\u00eds dependiente, tenemos con qu\u00e9 construir soberan\u00eda\u201d<\/strong>.<\/p>\n<p>&nbsp;<\/p>\n<blockquote><p>\u201cFrente a todos aquellos que plantean que Argentina es un pa\u00eds de frustraci\u00f3n, fracaso, sin destino y sin futuro, hoy es uno de esos d\u00edas que aparece en el alma el orgullo de ser argentino y saber que, aunque nos pongan obst\u00e1culos y nos quieran condenar a ser un pa\u00eds dependiente, tenemos con qu\u00e9 construir soberan\u00eda, patria, el futuro de nuestra Naci\u00f3n\u201d, afirm\u00f3 el precandidato presidencial de UxP.<\/p><\/blockquote>\n<p>&nbsp;<\/p>\n<p>Resalt\u00f3 que el GPNK \u201ctiene que ver con una mirada de largo plazo que van a disfrutar varias generaciones de Argentina\u201d y <strong>rescat\u00f3 a quienes hicieron \u201cel aporte solidario\u201d que permiti\u00f3 su construcci\u00f3n<\/strong>.<\/p>\n<p>&nbsp;<\/p>\n<figure id=\"attachment_89725\" aria-describedby=\"caption-attachment-89725\" style=\"width: 800px\" class=\"wp-caption aligncenter\"><img data-recalc-dims=\"1\" loading=\"lazy\" decoding=\"async\" class=\"wp-image-89725 size-full\" src=\"https:\/\/i0.wp.com\/cdnoticias.com\/wp-content\/uploads\/2023\/07\/axel-kicillof-0.jpg?resize=800%2C445&#038;ssl=1\" alt=\"\" width=\"800\" height=\"445\" srcset=\"https:\/\/i0.wp.com\/cdnoticias.com\/wp-content\/uploads\/2023\/07\/axel-kicillof-0.jpg?w=800&amp;ssl=1 800w, https:\/\/i0.wp.com\/cdnoticias.com\/wp-content\/uploads\/2023\/07\/axel-kicillof-0.jpg?resize=300%2C167&amp;ssl=1 300w, https:\/\/i0.wp.com\/cdnoticias.com\/wp-content\/uploads\/2023\/07\/axel-kicillof-0.jpg?resize=768%2C427&amp;ssl=1 768w\" sizes=\"auto, (max-width: 800px) 100vw, 800px\" \/><figcaption id=\"caption-attachment-89725\" class=\"wp-caption-text\">Kicillof, gobernador y precandidato de UxP estuvo en el acto.<\/figcaption><\/figure>\n<p>&nbsp;<\/p>\n<p>\u201cAgradezco a las empresas argentinas que cumplieron en tiempo y forma con los plazos, a los gobernadores, a los legisladores que votaron el aporte solidario (a las grandes fortunas) en el Congreso, a los autores del proyecto (los diputados) M\u00e1ximo Kirchner y Carlos Heller. <strong>A los argentinos que aportaron con el aporte solidario vamos a mandarles una carta agradeci\u00e9ndoles<\/strong>, porque el gasoducto aporta al desarrollo de Argentina. A los que no pagaron se perdieron la oportunidad de ser parte de algo que por 30 a\u00f1os los argentinos lo van a disfrutar\u201d, expres\u00f3 Massa.<\/p>\n<p>&nbsp;<\/p>\n<p>El ministro anunci\u00f3 que <strong>en septiembre \u201cllamamos a licitar el segundo tramo del gasoducto\u201d<\/strong>, que ir\u00e1 de Salliquel\u00f3 a San Jer\u00f3nimo, \u201cpara terminar de abastecer el Litoral argentino\u201d, y se va a \u201cexportar v\u00eda sur de Brasil para aumentar las exportaciones\u201d.<\/p>\n<p>&nbsp;<\/p>\n<p>\u201cEl gas de Vaca Muerta nos va a permitir que el a\u00f1o que viene ser m\u00e1s barata la electricidad en Argentina, que las pymes puedan competir mejor, que podamos impulsar la distribuci\u00f3n de gas en provincias que hoy todav\u00eda no tienen, como Corrientes y Misiones. Empezamos a recorrer el camino de Argentina vendi\u00e9ndole al mundo sus recursos con valor agregado. Materia prima con trabajo argentino tiene que ser nuestro proyecto de pa\u00eds\u201d, asever\u00f3.<\/p>\n<p>&nbsp;<\/p>\n<p><strong>\u201cNo fue magia\u201d<\/strong><\/p>\n<p>&nbsp;<\/p>\n<p>A su turno, <strong>la vicepresidenta Cristina Fern\u00e1ndez, reflexion\u00f3 sobre la decisi\u00f3n de poner en marcha el GPNK<\/strong> y los distintos pasos del proceso, y comenz\u00f3 con una frase autorreferencial:<strong> \u201cNo fue magia\u201d<\/strong>. A su vez, agradeci\u00f3 especialmente al titular de YPF, Pablo Gonz\u00e1lez, quien a su criterio fue un pilar para definir el trazado estrat\u00e9gico del recorrido del gasoducto.<\/p>\n<p>&nbsp;<\/p>\n<p>Cristina Fern\u00e1ndez realiz\u00f3 una suerte de historizaci\u00f3n de las decisiones de producci\u00f3n de energ\u00e9tica y de gas que se fueron tomando a lo largo de la historia, hasta llegar a la nacionalizaci\u00f3n de YPF en 2012, durante su gobierno.<\/p>\n<p>&nbsp;<\/p>\n<p>\u201cEste gasoducto que fue planificado en el a\u00f1o 2015 y que reci\u00e9n se ejecut\u00f3 durante nuestro gobierno, desde el 2015 y los cuatro a\u00f1os que le siguieron, no hubo ninguna planificaci\u00f3n. \u00bfSaben cu\u00e1ntos kil\u00f3metros de red troncal de gasoductos se construyeron entre 2015 y 2019? 53 kil\u00f3metros. \u00bfSaben cu\u00e1ntos se construyeron entre 2003 y el 2015? 3.211\u2033, remarc\u00f3.<\/p>\n<p>&nbsp;<\/p>\n<p><strong>Varios momentos le dedic\u00f3 tambi\u00e9n Cristina Kirchner, bien en tono de campa\u00f1a, a Massa<\/strong>, destacando su gesti\u00f3n y capacidad de enfrentar tensiones con el sector empresarial, poniendo como ejemplo el conflicto del transporte de las \u00faltimas horas. <em>\u201cQuiero tambi\u00e9n agradecerte, Sergio, por el gasoducto, pero tambi\u00e9n por la fuerza que le ven\u00eds poniendo desde que sos ministro. La verdad, te hiciste cargo, no arrugaste, vas para adelante y eso siempre es bueno\u201d<\/em>, asever\u00f3 la vicemandataria.<\/p>\n<p>&nbsp;<\/p>\n<p>En su alocuci\u00f3n, <strong>Cristina Kirchner se mostr\u00f3 muy cr\u00edtica con algunos empresarios<\/strong>, de quienes, dijo, se juntan en seminarios \u201chacen concurso para ver qui\u00e9n dice la boludez m\u00e1s grande\u201d. Adem\u00e1s apunt\u00f3 directamente contra Eduardo Eurnekian, a quien cit\u00f3 sin mencionarlo: \u201cLa dirigencia pol\u00edtica ha tomado las decisiones equivocadas que nos han llevado a la circunstancias en las que hoy nos encontramos\u201d.\u00a0<em>\u201cNo s\u00e9 qu\u00e9 les pasa a los empresarios que en esos seminarios cuando se juntan entre ellos hacen concurso para ver qui\u00e9n dice la boludez m\u00e1s grande. Y es un gran empresario, tiene fuerte inversi\u00f3n en Santa Cruz\u201d<\/em>, se\u00f1al\u00f3 Cristina Kirchner.<\/p>\n<p>&nbsp;<\/p>\n<p>Tambi\u00e9n agreg\u00f3 que <strong>hoy que la \u201cbalanza negativa\u201d en energ\u00eda \u201cno la provoc\u00f3 ning\u00fan pol\u00edtico ni empresa estatal\u201d sino una \u201cmultinacional\u201d<\/strong> que \u201ca partir de aumentar los precios del combustible obten\u00eda ganancias extraordinarias\u201d, en referencia a Repsol, del mismo modo que, dijo, el \u201cproblema\u201d de la deuda con el FMI no lo ocasion\u00f3 un \u201cpol\u00edtico\u201d.\u00a0<strong>\u201cEl problema del FMI no lo trajo un pol\u00edtico, sino un empresario; el que era presidente era del bando de los empresarios\u201d<\/strong>, se\u00f1al\u00f3 la Vicepresidenta, en alusi\u00f3n al exmandatario Mauricio Macri.<\/p>\n<p>&nbsp;<\/p>\n<figure id=\"attachment_89724\" aria-describedby=\"caption-attachment-89724\" style=\"width: 800px\" class=\"wp-caption aligncenter\"><img data-recalc-dims=\"1\" loading=\"lazy\" decoding=\"async\" class=\"wp-image-89724 size-full\" src=\"https:\/\/i0.wp.com\/cdnoticias.com\/wp-content\/uploads\/2023\/07\/gasoducto-nestor-kirchner-1.jpg?resize=800%2C445&#038;ssl=1\" alt=\"\" width=\"800\" height=\"445\" srcset=\"https:\/\/i0.wp.com\/cdnoticias.com\/wp-content\/uploads\/2023\/07\/gasoducto-nestor-kirchner-1.jpg?w=800&amp;ssl=1 800w, https:\/\/i0.wp.com\/cdnoticias.com\/wp-content\/uploads\/2023\/07\/gasoducto-nestor-kirchner-1.jpg?resize=300%2C167&amp;ssl=1 300w, https:\/\/i0.wp.com\/cdnoticias.com\/wp-content\/uploads\/2023\/07\/gasoducto-nestor-kirchner-1.jpg?resize=768%2C427&amp;ssl=1 768w\" sizes=\"auto, (max-width: 800px) 100vw, 800px\" \/><figcaption id=\"caption-attachment-89724\" class=\"wp-caption-text\">Massa dijo que el GPNK \u201ctiene que ver con una mirada de largo plazo que van a disfrutar varias generaciones de Argentina\u201d.<\/figcaption><\/figure>\n<p>&nbsp;<\/p>\n<p><strong>\u201cNo somos un pa\u00eds sin destino\u201d<\/strong><\/p>\n<p>&nbsp;<\/p>\n<p>El <strong>presidente Alberto Fern\u00e1ndez<\/strong> cerr\u00f3 el acto, celebrando que le haya tocado un <strong>9 de julio<\/strong> inaugurar esta obra que puede <strong>promover la soberan\u00eda energ\u00e9tica en el pa\u00eds y destacando la importancia de la inversi\u00f3n industrial<\/strong>.<\/p>\n<p>&nbsp;<\/p>\n<blockquote><p>\u201cLa industria es la que permite el desarrollo de las naciones. No hay un designio que nos haya condenado a ser el supermercado del mundo, podemos ser el mismo pa\u00eds que alguna vez hizo autos y aviones, que hizo como hoy un gasoducto. No somos un pa\u00eds sin destino, tenemos un destino formidable que hace falta que nos unamos para logarlo como nos unimos en esta gesta para lograr este gasoducto\u201d, expres\u00f3 Fern\u00e1ndez desde Salliquel\u00f3.<\/p><\/blockquote>\n<p>&nbsp;<\/p>\n<p>De igual modo, se refiri\u00f3 a las <strong>posibilidades de crecimiento y transformaci\u00f3n<\/strong> que tiene Argentina por delante pero resalt\u00f3 que \u201cno hay manera de crecer si a la materia prima no le agregamos valor\u201d.<\/p>\n<p>&nbsp;<\/p>\n<p>Asimismo, Fern\u00e1ndez realiz\u00f3 un repaso de los principales logros de su Gobierno y de las dificultades que tuvo que atravesar. <strong>\u201cLlevamos 32 meses ininterrumpidos creando trabajo registrado, y en nuestra gesti\u00f3n se crearon m\u00e1s de 1.100.000 puestos de trabajo\u201d<\/strong>, destac\u00f3.<\/p>\n<p>&nbsp;<\/p>\n<p>Como en otras oportunidades, Fern\u00e1ndez record\u00f3 los escollos que tuvo que sortear como Presidente, como el endeudamiento externo, la pandemia, la guerra en Ucrania y la sequ\u00eda, pero afirm\u00f3 que a \u201ccada problema\u201d le \u201cpuso el pecho\u201d, como \u201cperonista\u201d, y asever\u00f3 que \u201cpudimos salir adelante\u201d para \u201cenfrentarlos\u201d y \u201csolucionarlos\u201d. Incluso, repasando los n\u00faemros de empleo, hasta le habl\u00f3 a Juan Domingo Per\u00f3n: \u201cSi gobernar es generar trabajo he cumplido\u201d.<\/p>\n<p>&nbsp;<\/p>\n<p>El mandatario destac\u00f3 tambi\u00e9n de llevar adelante obra p\u00fablica. \u201cNo es verdad que la actividad privada puede resolver todo eso. Lo dice alguien que hoy tiene el orgullo de decir que tiene <strong>6.400 obras p\u00fablicas vigentes en todo el pa\u00eds<\/strong>. De las 6.400 obras, 3.602 est\u00e1n terminadas. Las empezamos y las terminamos. Hay hospitales, escuelas, rutas, obras hidr\u00e1ulicas. Gracias, Gabriel Katopodis por todo tu esfuerzo\u201d, expres\u00f3 al referirse al ministro de Obras P\u00fablicas.<\/p>\n<p>&nbsp;<\/p>\n<p>Para cerrar, ya en tono de campa\u00f1a, <strong>Fern\u00e1ndez hizo un llamado a \u201cpreservar la unidad\u201d dentro del frente oficialista de cara a las elecciones<\/strong>. Fern\u00e1ndez llam\u00f3 a \u201cpreservar la unidad de los que queremos que la Argentina crezca y avance\u201d, al advertir que \u201clas elecciones se avecinan y no todo es lo mismo en pol\u00edtica\u201d.<\/p>\n<p>&nbsp;<\/p>\n<p>Fuente: <em>con datos de Agencia DIB<\/em><\/p>\n","protected":false},"excerpt":{"rendered":"<p>El tramo conecta a la localidad neuquina de Tratay\u00e9n con Salliquel\u00f3 por m\u00e1s de 500 kil\u00f3metros. En la tarde del<\/p>\n","protected":false},"author":4,"featured_media":89723,"comment_status":"closed","ping_status":"closed","sticky":false,"template":"","format":"standard","meta":{"_jetpack_memberships_contains_paid_content":false,"footnotes":""},"categories":[6,1],"tags":[],"class_list":["post-89719","post","type-post","status-publish","format-standard","has-post-thumbnail","hentry","category-nacionales","category-portada"],"jetpack_featured_media_url":"https:\/\/i0.wp.com\/cdnoticias.com\/wp-content\/uploads\/2023\/07\/gasoducto-nestor-kirchner-0.jpg?fit=800%2C445&ssl=1","jetpack_sharing_enabled":true,"_links":{"self":[{"href":"https:\/\/cdnoticias.com\/index.php\/wp-json\/wp\/v2\/posts\/89719","targetHints":{"allow":["GET"]}}],"collection":[{"href":"https:\/\/cdnoticias.com\/index.php\/wp-json\/wp\/v2\/posts"}],"about":[{"href":"https:\/\/cdnoticias.com\/index.php\/wp-json\/wp\/v2\/types\/post"}],"author":[{"embeddable":true,"href":"https:\/\/cdnoticias.com\/index.php\/wp-json\/wp\/v2\/users\/4"}],"replies":[{"embeddable":true,"href":"https:\/\/cdnoticias.com\/index.php\/wp-json\/wp\/v2\/comments?post=89719"}],"version-history":[{"count":0,"href":"https:\/\/cdnoticias.com\/index.php\/wp-json\/wp\/v2\/posts\/89719\/revisions"}],"wp:featuredmedia":[{"embeddable":true,"href":"https:\/\/cdnoticias.com\/index.php\/wp-json\/wp\/v2\/media\/89723"}],"wp:attachment":[{"href":"https:\/\/cdnoticias.com\/index.php\/wp-json\/wp\/v2\/media?parent=89719"}],"wp:term":[{"taxonomy":"category","embeddable":true,"href":"https:\/\/cdnoticias.com\/index.php\/wp-json\/wp\/v2\/categories?post=89719"},{"taxonomy":"post_tag","embeddable":true,"href":"https:\/\/cdnoticias.com\/index.php\/wp-json\/wp\/v2\/tags?post=89719"}],"curies":[{"name":"wp","href":"https:\/\/api.w.org\/{rel}","templated":true}]}}