{"id":89713,"date":"2023-07-09T20:01:51","date_gmt":"2023-07-09T23:01:51","guid":{"rendered":"https:\/\/www.centraldenoticias.com.ar\/?p=89713"},"modified":"2023-07-10T08:45:01","modified_gmt":"2023-07-10T11:45:01","slug":"oscilaciones-de-campana-y-de-gestion-de-localizar-y-nacionalizar","status":"publish","type":"post","link":"https:\/\/cdnoticias.com\/index.php\/2023\/07\/09\/oscilaciones-de-campana-y-de-gestion-de-localizar-y-nacionalizar\/","title":{"rendered":"Oscilaciones: de campa\u00f1a y de gesti\u00f3n, de localizar y nacionalizar"},"content":{"rendered":"<p>Las primeras presentaciones, los primeros temas, las primeras perspectivas de la campa\u00f1a. \u00bfQu\u00e9 votos buscar\u00e1n los espacios radicales? A Endere ya se suman Land\u00edvar y Lord\u00e9n. El abrazo al Hospital. <!--more--><\/p>\n<hr \/>\n<p>Por Volver a las Fuentes:\u00a0<em>Alexis Grierson y Josefina Bargas<\/em><\/p>\n<p>&nbsp;<\/p>\n<p><span style=\"color: #444343; font-family: merriweather, georgia, times new roman, serif;\"><b>La primera lista\u00a0<\/b><\/span><\/p>\n<p>&nbsp;<\/p>\n<p><img data-recalc-dims=\"1\" loading=\"lazy\" decoding=\"async\" class=\"alignnone size-large wp-image-89197\" src=\"https:\/\/i0.wp.com\/cdnoticias.com\/wp-content\/uploads\/2023\/07\/presenta-edu12-1024x570.jpg?resize=800%2C445&#038;ssl=1\" alt=\"\" width=\"800\" height=\"445\" srcset=\"https:\/\/i0.wp.com\/cdnoticias.com\/wp-content\/uploads\/2023\/07\/presenta-edu12.jpg?resize=1024%2C570&amp;ssl=1 1024w, https:\/\/i0.wp.com\/cdnoticias.com\/wp-content\/uploads\/2023\/07\/presenta-edu12.jpg?resize=300%2C167&amp;ssl=1 300w, https:\/\/i0.wp.com\/cdnoticias.com\/wp-content\/uploads\/2023\/07\/presenta-edu12.jpg?resize=768%2C428&amp;ssl=1 768w, https:\/\/i0.wp.com\/cdnoticias.com\/wp-content\/uploads\/2023\/07\/presenta-edu12.jpg?resize=800%2C445&amp;ssl=1 800w, https:\/\/i0.wp.com\/cdnoticias.com\/wp-content\/uploads\/2023\/07\/presenta-edu12.jpg?w=1029&amp;ssl=1 1029w\" sizes=\"auto, (max-width: 800px) 100vw, 800px\" \/><\/p>\n<p>&nbsp;<\/p>\n<p><span style=\"color: #444343; font-family: merriweather, georgia, times new roman, serif;\"><b>Eduardo Rodr\u00edguez se anticip\u00f3<\/b><\/span><span style=\"color: #444343; font-family: merriweather, georgia, times new roman, serif;\">\u00a0a todos y\u00a0<\/span><span style=\"color: #444343; font-family: merriweather, georgia, times new roman, serif;\"><b>present\u00f3 su lista\u00a0<\/b><\/span><span style=\"color: #444343; font-family: merriweather, georgia, times new roman, serif;\">el pasado lunes. Con una muestra de\u00a0<\/span><span style=\"color: #444343; font-family: merriweather, georgia, times new roman, serif;\"><b>apertura<\/b><\/span><span style=\"color: #444343; font-family: merriweather, georgia, times new roman, serif;\">\u00a0a varios sectores y tambi\u00e9n la inclusi\u00f3n de las localidades, la intenci\u00f3n fue mostrar las primeras propuestas -que si bien Rodr\u00edguez adelant\u00f3 que no dir\u00eda mucho casi que las termin\u00f3 reafirmando- junto a<\/span><span style=\"color: #444343; font-family: merriweather, georgia, times new roman, serif;\"><b>\u00a0presencias pol\u00edticas de peso para el Frente Renovador<\/b><\/span><span style=\"color: #444343; font-family: merriweather, georgia, times new roman, serif;\">, como el precandidato a diputado Ricardo Lissalde (el segundo de la lista) y la diputada Luciana Padulo.<\/span><\/p>\n<p>&nbsp;<\/p>\n<p><span style=\"color: #444343; font-family: merriweather, georgia, times new roman, serif;\">\u00a1Sorpresa! Durante la semana nos enteramos que\u00a0<\/span><span style=\"color: #444343; font-family: merriweather, georgia, times new roman, serif;\"><b>Padulo (tigrense aunque representa la S\u00e9ptima Secci\u00f3n) ser\u00e1 precandidata a renovar su banca \u2026 por la Quinta Secci\u00f3n Electoral<\/b><\/span><span style=\"color: #444343; font-family: merriweather, georgia, times new roman, serif;\">. Y con grandes chances de lograr ese ingreso. Hasta el lunes, nada se hab\u00eda dicho.\u00a0<\/span><\/p>\n<p>&nbsp;<\/p>\n<p><span style=\"color: #444343; font-family: merriweather, georgia, times new roman, serif;\">Lo concreto es que Rodr\u00edguez present\u00f3 la lista con\u00a0<\/span><span style=\"color: #444343; font-family: merriweather, georgia, times new roman, serif;\"><b>Ra\u00fal Kuhn como principal referencia<\/b><\/span><span style=\"color: #444343; font-family: merriweather, georgia, times new roman, serif;\">, con pasajes emotivos y un discurso orientado a la importancia de lo que se juega este a\u00f1o: dijo que\u00a0<\/span><span style=\"color: #444343; font-family: merriweather, georgia, times new roman, serif;\"><b>es la primera vez que decide ser precandidato a Intendente por el respeto que le tiene al cargo<\/b><\/span><span style=\"color: #444343; font-family: merriweather, georgia, times new roman, serif;\">, que no es para cualquiera.<\/span><\/p>\n<p>&nbsp;<\/p>\n<p><span style=\"color: #444343; font-family: merriweather, georgia, times new roman, serif;\">Recalc\u00f3 la\u00a0<\/span><span style=\"color: #444343; font-family: merriweather, georgia, times new roman, serif;\"><b>experiencia de los tres primeros precandidatos<\/b><\/span><span style=\"color: #444343; font-family: merriweather, georgia, times new roman, serif;\">\u00a0de la lista de concejales, con dos que incluso fueron integrantes del HCD (<\/span><span style=\"color: #444343; font-family: merriweather, georgia, times new roman, serif;\"><b>Kuhn y Eva Cura<\/b><\/span><span style=\"color: #444343; font-family: merriweather, georgia, times new roman, serif;\">) mientras que el tercero tuvo una vasta trayectoria en la gesti\u00f3n,\u00a0<\/span><span style=\"color: #444343; font-family: merriweather, georgia, times new roman, serif;\"><b>Carlos B\u00e9ttiga<\/b><\/span><span style=\"color: #444343; font-family: merriweather, georgia, times new roman, serif;\">.\u00a0<i>\u201cMuchos quisimos tenerlo en nuestras listas\u201d<\/i>\u00a0agreg\u00f3 un armador de otro espacio en contacto con este newsletter.<\/span><\/p>\n<p>&nbsp;<\/p>\n<p><span style=\"color: #444343; font-family: merriweather, georgia, times new roman, serif;\">Con un tono de alegr\u00eda pero tambi\u00e9n de responsabilidad, hubo\u00a0<\/span><span style=\"color: #444343; font-family: merriweather, georgia, times new roman, serif;\"><b>momentos para las propuestas y para el an\u00e1lisis<\/b><\/span><span style=\"color: #444343; font-family: merriweather, georgia, times new roman, serif;\">. Por momentos con cuestiones t\u00e9cnicas muy profundas -como la necesidad del Impuesto a la Piedra para sostener el Municipio sin caer en d\u00e9ficit- Rodr\u00edguez aspir\u00f3 a\u00a0<\/span><span style=\"color: #444343; font-family: merriweather, georgia, times new roman, serif;\"><b>posicionar a Olavarr\u00eda nuevamente como lugar excluyente en el centro de la Provincia de Buenos Aires.<\/b><\/span><\/p>\n<p>&nbsp;<\/p>\n<p><span style=\"color: #444343; font-family: merriweather, georgia, times new roman, serif;\">Un asterisco interesante a analizar: si bien sus caminos se separaron en 2018 por diferencias pol\u00edticas,\u00a0<\/span><span style=\"color: #444343; font-family: merriweather, georgia, times new roman, serif;\"><b>la tesis de Rodr\u00edguez es similar a la propuesta -e incluso ejecutada- por Jos\u00e9 Eseverri durante sus mandatos entre 2007 y 2015<\/b><\/span><span style=\"color: #444343; font-family: merriweather, georgia, times new roman, serif;\">. Hasta hubo algunas citas puntuales en lo cultural (donde Rodr\u00edguez fue funcionario) la oratoria record\u00f3 mucho a ese tipo de coyunturas.<\/span><\/p>\n<p>&nbsp;<\/p>\n<p><span style=\"color: #444343; font-family: merriweather, georgia, times new roman, serif;\">No es una cr\u00edtica: pareciera que es<\/span><span style=\"color: #444343; font-family: merriweather, georgia, times new roman, serif;\"><b>\u00a0una esencia que se repite<\/b><\/span><span style=\"color: #444343; font-family: merriweather, georgia, times new roman, serif;\">\u00a0al menos en este primer discurso.<\/span><span style=\"color: #444343; font-family: merriweather, georgia, times new roman, serif;\"><b>\u00a0Reordenamiento de gastos e inversiones, austeridad en la planta pol\u00edtica, un \u201corden\u201d en el Hospital Municipal y un trabajo en pos de regionalizar el distrito<\/b><\/span><span style=\"color: #444343; font-family: merriweather, georgia, times new roman, serif;\">\u00a0como ciudad principal de la Provincia, algo que se ha logrado en base no s\u00f3lo por ser pr\u00e1cticamente la cabecera de la Secci\u00f3n, sino tambi\u00e9n por sus espect\u00e1culos art\u00edsticos, deportivos, entre otros.<\/span><\/p>\n<p>&nbsp;<\/p>\n<p><span style=\"color: #444343; font-family: merriweather, georgia, times new roman, serif;\">\u00bfUn dato de color? El s\u00e1bado por la tarde\u00a0<\/span><span style=\"color: #444343; font-family: merriweather, georgia, times new roman, serif;\"><b>Sergio Massa envi\u00f3 un video de apoyo a Rodr\u00edguez<\/b><\/span><span style=\"color: #444343; font-family: merriweather, georgia, times new roman, serif;\">, y sobre el final dej\u00f3 una frase de m\u00ednima llamativa \u2026 pidi\u00f3 que Olavarr\u00eda vuelva a ser\u00a0<\/span><span style=\"color: #444343; font-family: merriweather, georgia, times new roman, serif;\"><b>&#8220;esa ciudad que alguna vez nos llen\u00f3 de orgullo cuando Don Helios Eseverri los gobernaba\u201d. \u00bfSe olvid\u00f3 de alguien o nos pareci\u00f3?<\/b><\/span><\/p>\n<p>&nbsp;<\/p>\n<p><span style=\"color: #444343; font-family: merriweather, georgia, times new roman, serif;\">Finalmente, hizo referencia y mostr\u00f3 su mirada en torno a\u00a0<\/span><span style=\"color: #444343; font-family: merriweather, georgia, times new roman, serif;\"><b>vivienda<\/b><\/span><span style=\"color: #444343; font-family: merriweather, georgia, times new roman, serif;\">, algo que por ahora gana terreno entre las tem\u00e1ticas locales vinculadas a propuestas de cara a la intendencia.\u00a0<i>\u201cEl Municipio puede hacer muchas cosas en tema de vivienda, pero sin el aporte de Provincia y de Naci\u00f3n es imposible que en una escala acorde a la necesidad de la demanda habitacional que tenemos, podamos hacer viviendas solamente desde el Municipio\u201d<\/i>\u00a0dijo. Con ello pas\u00f3 a\u00a0<\/span><span style=\"color: #444343; font-family: merriweather, georgia, times new roman, serif;\"><b>pedir una comuna \u201cm\u00e1s activa\u201d<\/b><\/span><span style=\"color: #444343; font-family: merriweather, georgia, times new roman, serif;\">\u00a0en torno a generar las condiciones para que esos planes de vivienda lleguen.\u00a0<\/span><\/p>\n<p>&nbsp;<\/p>\n<p><span style=\"color: #444343; font-family: merriweather, georgia, times new roman, serif;\">Justamente, esto nos da el pie para\u2026<\/span><\/p>\n<p>&nbsp;<\/p>\n<p><span style=\"color: #444343; font-family: merriweather, georgia, times new roman, serif;\"><b>Nacionalizar vs localizar la elecci\u00f3n<\/b><\/span><\/p>\n<p>&nbsp;<\/p>\n<p><img data-recalc-dims=\"1\" loading=\"lazy\" decoding=\"async\" class=\"alignnone size-full wp-image-85715\" src=\"https:\/\/i0.wp.com\/cdnoticias.com\/wp-content\/uploads\/2023\/05\/campana-candidatos-0.jpg?resize=800%2C445&#038;ssl=1\" alt=\"\" width=\"800\" height=\"445\" srcset=\"https:\/\/i0.wp.com\/cdnoticias.com\/wp-content\/uploads\/2023\/05\/campana-candidatos-0.jpg?w=800&amp;ssl=1 800w, https:\/\/i0.wp.com\/cdnoticias.com\/wp-content\/uploads\/2023\/05\/campana-candidatos-0.jpg?resize=300%2C167&amp;ssl=1 300w, https:\/\/i0.wp.com\/cdnoticias.com\/wp-content\/uploads\/2023\/05\/campana-candidatos-0.jpg?resize=768%2C427&amp;ssl=1 768w\" sizes=\"auto, (max-width: 800px) 100vw, 800px\" \/><\/p>\n<p>&nbsp;<\/p>\n<p><span style=\"color: #444343; font-family: merriweather, georgia, times new roman, serif;\">Es imposible lograr que una se imponga sobre la otra. Veremos<\/span><span style=\"color: #444343; font-family: merriweather, georgia, times new roman, serif;\"><b>\u00a0intentos de exclusivizar alguna de ellas, pero sin \u00e9xito<\/b><\/span><span style=\"color: #444343; font-family: merriweather, georgia, times new roman, serif;\">. Haremos un repaso de lo que se busca plantear hasta ahora en el<\/span><span style=\"color: #444343; font-family: merriweather, georgia, times new roman, serif;\"><b>\u00a0inicio de la campa\u00f1a, que tiene un perfil 100% propositivo\u00a0<\/b><\/span><span style=\"color: #444343; font-family: merriweather, georgia, times new roman, serif;\">y de planteos en esa l\u00ednea, lo que lo hace muy bueno.<\/span><\/p>\n<p>&nbsp;<\/p>\n<p><span style=\"color: #444343; font-family: merriweather, georgia, times new roman, serif;\"><b>Maximiliano Wesner\u00a0<\/b><\/span><span style=\"color: #444343; font-family: merriweather, georgia, times new roman, serif;\">por ejemplo fue\u00a0<\/span><span style=\"color: #444343; font-family: merriweather, georgia, times new roman, serif;\"><b>directo a \u201clos bifes\u201d<\/b><\/span><span style=\"color: #444343; font-family: merriweather, georgia, times new roman, serif;\">:\u00a0<\/span><span style=\"color: #444343; font-family: merriweather, georgia, times new roman, serif;\"><b>propuestas en vivienda y salud para localizar la elecci\u00f3n<\/b><\/span><span style=\"color: #444343; font-family: merriweather, georgia, times new roman, serif;\">, sin dejar de lado\u00a0<\/span><span style=\"color: #444343; font-family: merriweather, georgia, times new roman, serif;\"><b>el rol que tendr\u00e1 la Provincia y la Naci\u00f3n<\/b><\/span><span style=\"font-family: merriweather, georgia, times new roman, serif;\"><span style=\"color: #444343;\">\u00a0-del mismo espacio pol\u00edtico- para avanzar en la construcci\u00f3n de un centenar de viviendas por a\u00f1o, tal la propuesta del precandidato en coincidencia con el objetivo de la gesti\u00f3n provincial (<\/span><a title=\"ac\u00e1 lo cont\u00f3 el ministro Agust\u00edn Simone\" href=\"https:\/\/zcvrp-zgvfh.maillist-manage.com\/click\/1f099c43b6a71e1d\/1f099c43b6a724a9\" target=\"_blank\" rel=\"noopener\" data-saferedirecturl=\"https:\/\/www.google.com\/url?q=https:\/\/zcvrp-zgvfh.maillist-manage.com\/click\/1f099c43b6a71e1d\/1f099c43b6a724a9&amp;source=gmail&amp;ust=1689026097071000&amp;usg=AOvVaw3clGcUTR8rtG9Ta08G7v3I\"><span style=\"color: #006cfb;\">ac\u00e1 lo cont\u00f3 el ministro Agust\u00edn Simone<\/span><\/a><span style=\"color: #444343;\">).\u00a0<\/span><\/span><\/p>\n<p>&nbsp;<\/p>\n<p><img data-recalc-dims=\"1\" loading=\"lazy\" decoding=\"async\" class=\"alignnone size-large wp-image-77169\" src=\"https:\/\/i0.wp.com\/cdnoticias.com\/wp-content\/uploads\/2023\/02\/barrio-educadores-entrega-06.jpg?resize=800%2C445&#038;ssl=1\" alt=\"\" width=\"800\" height=\"445\" srcset=\"https:\/\/i0.wp.com\/cdnoticias.com\/wp-content\/uploads\/2023\/02\/barrio-educadores-entrega-06-scaled.jpg?resize=1024%2C570&amp;ssl=1 1024w, https:\/\/i0.wp.com\/cdnoticias.com\/wp-content\/uploads\/2023\/02\/barrio-educadores-entrega-06-scaled.jpg?resize=300%2C167&amp;ssl=1 300w, https:\/\/i0.wp.com\/cdnoticias.com\/wp-content\/uploads\/2023\/02\/barrio-educadores-entrega-06-scaled.jpg?resize=768%2C427&amp;ssl=1 768w, https:\/\/i0.wp.com\/cdnoticias.com\/wp-content\/uploads\/2023\/02\/barrio-educadores-entrega-06-scaled.jpg?resize=1536%2C854&amp;ssl=1 1536w, https:\/\/i0.wp.com\/cdnoticias.com\/wp-content\/uploads\/2023\/02\/barrio-educadores-entrega-06-scaled.jpg?resize=2048%2C1139&amp;ssl=1 2048w, https:\/\/i0.wp.com\/cdnoticias.com\/wp-content\/uploads\/2023\/02\/barrio-educadores-entrega-06-scaled.jpg?resize=800%2C445&amp;ssl=1 800w, https:\/\/i0.wp.com\/cdnoticias.com\/wp-content\/uploads\/2023\/02\/barrio-educadores-entrega-06-scaled.jpg?w=1600&amp;ssl=1 1600w, https:\/\/i0.wp.com\/cdnoticias.com\/wp-content\/uploads\/2023\/02\/barrio-educadores-entrega-06-scaled.jpg?w=2400&amp;ssl=1 2400w\" sizes=\"auto, (max-width: 800px) 100vw, 800px\" \/><\/p>\n<p>&nbsp;<\/p>\n<p><span style=\"color: #444343; font-family: merriweather, georgia, times new roman, serif;\"><b>Casi todos propusieron mejoras en el Hospital<\/b><\/span><span style=\"color: #444343; font-family: merriweather, georgia, times new roman, serif;\">. Galli puede mostrar las obras realizadas y por hacer; la oposici\u00f3n (con Wesner a la cabeza, vale decir) propone no s\u00f3lo mejoras en el \u201cH\u00e9ctor Cura\u201d sino tambi\u00e9n en los CAPS de la ciudad y la localidad, en una \u201cdescentralizaci\u00f3n\u201d de la salud y en respuesta del pedido de las localidades de mejoras urgentes en este aspecto.<\/span><\/p>\n<p>&nbsp;<\/p>\n<p><span style=\"color: #444343; font-family: merriweather, georgia, times new roman, serif;\">Tambi\u00e9n hubo posturas claras de\u00a0<\/span><span style=\"color: #444343; font-family: merriweather, georgia, times new roman, serif;\"><b>Rodr\u00edguez<\/b><\/span><span style=\"color: #444343; font-family: merriweather, georgia, times new roman, serif;\">\u00a0&#8211; sobre el chatbot de turnos que tiene incontables denuncias de mal funcionamiento- y de\u00a0<\/span><span style=\"color: #444343; font-family: merriweather, georgia, times new roman, serif;\"><b>Hern\u00e1n Parra<\/b><\/span><span style=\"color: #444343; font-family: merriweather, georgia, times new roman, serif;\">\u00a0y otros sectores que denuncian una mala situaci\u00f3n del centro de salud local.<\/span><\/p>\n<p>&nbsp;<\/p>\n<p><span style=\"color: #444343; font-family: merriweather, georgia, times new roman, serif;\">Para el<\/span><span style=\"color: #444343; font-family: merriweather, georgia, times new roman, serif;\"><b>\u00a0Intendente Galli\u00a0<\/b><\/span><span style=\"color: #444343; font-family: merriweather, georgia, times new roman, serif;\">la situaci\u00f3n cambia:\u00a0<\/span><span style=\"color: #444343; font-family: merriweather, georgia, times new roman, serif;\"><b>es un mix entre lo realizado, lo que hay que hacer<\/b><\/span><span style=\"color: #444343; font-family: merriweather, georgia, times new roman, serif;\">\u00a0pero tambi\u00e9n\u00a0<\/span><span style=\"color: #444343; font-family: merriweather, georgia, times new roman, serif;\"><b>un posicionamiento en la interna de Juntos y enfrentando a Uni\u00f3n por la Patria<\/b><\/span><span style=\"color: #444343; font-family: merriweather, georgia, times new roman, serif;\">. Todo junto parece una tarea compleja, pero no lo es tanto en la ejecuci\u00f3n.\u00a0<\/span><\/p>\n<p>&nbsp;<\/p>\n<p><span style=\"color: #444343; font-family: merriweather, georgia, times new roman, serif;\"><b>Inflaci\u00f3n (tema nacional) e inseguridad (provincial) son los ejes de las principales cr\u00edticas del oficialismo local<\/b><\/span><span style=\"color: #444343; font-family: merriweather, georgia, times new roman, serif;\">. Para el primero de los problemas solo hay escucha; para el segundo, la reiteraci\u00f3n de que la seguridad es un tema \u201cexclusivamente provincial\u201d junto con la menci\u00f3n del aporte de la comuna en la materia.\u00a0<\/span><\/p>\n<p>&nbsp;<\/p>\n<p><span style=\"color: #444343; font-family: merriweather, georgia, times new roman, serif;\">Obviamente,\u00a0<\/span><span style=\"color: #444343; font-family: merriweather, georgia, times new roman, serif;\"><b>la gesti\u00f3n cubre un porcentaje alt\u00edsimo de la agenda de Galli por ahora\u00a0<\/b><\/span><span style=\"color: #444343; font-family: merriweather, georgia, times new roman, serif;\">-ya habr\u00e1 tiempo para la campa\u00f1a pura m\u00e1s all\u00e1 de las salidas de los s\u00e1bados- y\u00a0<\/span><span style=\"color: #444343; font-family: merriweather, georgia, times new roman, serif;\"><b>al Intendente se lo ve pr\u00e1cticamente todos los d\u00edas en actividades de gesti\u00f3n y en recorridas de obras<\/b><\/span><span style=\"color: #444343; font-family: merriweather, georgia, times new roman, serif;\">, anuncios en diversas tem\u00e1ticas y confirmaciones de finalizaci\u00f3n de trabajos. Se espera un<\/span><span style=\"color: #444343; font-family: merriweather, georgia, times new roman, serif;\"><b>\u00a0importante \u00e9nfasis (todav\u00eda m\u00e1s) en esta etapa de las obras educativas<\/b><\/span><span style=\"color: #444343; font-family: merriweather, georgia, times new roman, serif;\"><b>\u00a0que finalizar\u00e1n durante julio y se inaugurar\u00e1n antes de la veda\u00a0<\/b>que impone la<\/span><span style=\"color: #444343; font-family: merriweather, georgia, times new roman, serif;\">\u00a0campa\u00f1a, dentro de menos de 10 d\u00edas.\u00a0<\/span><\/p>\n<p>&nbsp;<\/p>\n<p><span style=\"color: #444343; font-family: merriweather, georgia, times new roman, serif;\"><b>Hern\u00e1n Parra record\u00f3 una propuesta hist\u00f3rica de dirigentes que integran su armado en \u201cOlavarr\u00eda al Frente\u201d<\/b><\/span><span style=\"color: #444343; font-family: merriweather, georgia, times new roman, serif;\">\u00a0y pidi\u00f3\u00a0<\/span><span style=\"color: #444343; font-family: merriweather, georgia, times new roman, serif;\"><b>subir 1% la al\u00edcuota del famoso \u201cImpuesto a la Piedra\u201d\u00a0<\/b><\/span><span style=\"color: #444343; font-family: merriweather, georgia, times new roman, serif;\">con cantera de fondo y todo. Vale recordar que\u00a0<\/span><span style=\"color: #444343; font-family: merriweather, georgia, times new roman, serif;\"><b>Germ\u00e1n Aramburu (Renovaci\u00f3n Peronista) fue un concejal que insisti\u00f3 y mucho con esta idea<\/b><\/span><span style=\"color: #444343; font-family: merriweather, georgia, times new roman, serif;\">, sin \u00e9xito cuando le toc\u00f3 legislar.<\/span><\/p>\n<p>&nbsp;<\/p>\n<p><img data-recalc-dims=\"1\" loading=\"lazy\" decoding=\"async\" class=\"alignnone size-full wp-image-86702\" src=\"https:\/\/i0.wp.com\/cdnoticias.com\/wp-content\/uploads\/2023\/06\/galli-ezequiel-tuvi-01.jpg?resize=742%2C445&#038;ssl=1\" alt=\"\" width=\"742\" height=\"445\" srcset=\"https:\/\/i0.wp.com\/cdnoticias.com\/wp-content\/uploads\/2023\/06\/galli-ezequiel-tuvi-01.jpg?w=742&amp;ssl=1 742w, https:\/\/i0.wp.com\/cdnoticias.com\/wp-content\/uploads\/2023\/06\/galli-ezequiel-tuvi-01.jpg?resize=300%2C180&amp;ssl=1 300w\" sizes=\"auto, (max-width: 742px) 100vw, 742px\" \/><\/p>\n<p>&nbsp;<\/p>\n<p><span style=\"color: #444343; font-family: merriweather, georgia, times new roman, serif;\">En<\/span><span style=\"color: #444343; font-family: merriweather, georgia, times new roman, serif;\"><b>\u00a0vivienda<\/b><\/span><span style=\"color: #444343; font-family: merriweather, georgia, times new roman, serif;\">, por citar otro ejemplo,\u00a0<\/span><span style=\"color: #444343; font-family: merriweather, georgia, times new roman, serif;\"><b>el Municipio sostiene firmemente una l\u00ednea de trabajo<\/b><\/span><span style=\"color: #444343; font-family: merriweather, georgia, times new roman, serif;\">\u00a0que, coordinado y articulado,\u00a0<i>\u201cdeber\u00eda sumar una cantidad de casas similar a los que pide la oposici\u00f3n sin explicar bien c\u00f3mo hacerlo\u201d<\/i>. En di\u00e1logo con este newsletter,\u00a0<\/span><span style=\"color: #444343; font-family: merriweather, georgia, times new roman, serif;\"><b>consideraron que tanto el Programa Tuvi, la entrega de terrenos para autoconstrucci\u00f3n y los convenios entre gremios y la Provincia de Buenos Aires \u201cse complementan y suman much\u00edsimo, de esta forma s\u00ed se puede trabajar\u201d\u00a0<\/b><\/span><span style=\"color: #444343; font-family: merriweather, georgia, times new roman, serif;\">para impulsar.<\/span><\/p>\n<p>&nbsp;<\/p>\n<p><span style=\"color: #444343; font-family: merriweather, georgia, times new roman, serif;\">Lo que consideran que fall\u00f3 y que necesitan modificar es\u00a0<\/span><span style=\"color: #444343; font-family: merriweather, georgia, times new roman, serif;\"><b>el rol de la Naci\u00f3n<\/b><\/span><span style=\"color: #444343; font-family: merriweather, georgia, times new roman, serif;\"><b>: \u201ces quien deber\u00eda avanzar en la creaci\u00f3n de grandes barrios sociales para personas con mayores necesidades\u201d<\/b><\/span><span style=\"color: #444343; font-family: merriweather, georgia, times new roman, serif;\">. De hecho se\u00f1alaron el\u00a0<i>aporte para un barrio social que todav\u00eda no tuvo grandes avances<\/i>\u00a0y, que medidas as\u00ed, \u201cdeber\u00edan tomarse todos los a\u00f1os y de a muchas casas justamente por la capacidad de inversi\u00f3n de un Estado Nacional\u201d.<\/span><\/p>\n<p>&nbsp;<\/p>\n<p><span style=\"color: #444343; font-family: merriweather, georgia, times new roman, serif;\">De todas maneras, no se cumple. Y\u00a0<\/span><span style=\"color: #444343; font-family: merriweather, georgia, times new roman, serif;\"><b>otros espacios machacan la ausencia de pol\u00edticas de generaci\u00f3n de tierra<\/b><\/span><span style=\"color: #444343; font-family: merriweather, georgia, times new roman, serif;\">\u00a0de la comuna.<\/span><\/p>\n<p>&nbsp;<\/p>\n<p><span style=\"color: #444343; font-family: merriweather, georgia, times new roman, serif;\">M\u00e1s all\u00e1 de los aportes que realiza cada espacio (mencionamos los que m\u00e1s han insistido al menos con el tema Vivienda) subrayamos en que\u00a0<\/span><span style=\"color: #444343; font-family: merriweather, georgia, times new roman, serif;\"><b>es muy bienvenido este tipo de debates con contenido, con visiones y planificaci\u00f3n<\/b><\/span><span style=\"color: #444343; font-family: merriweather, georgia, times new roman, serif;\">. Sobre todo porque esto reci\u00e9n comienza y se prev\u00e9 una profundizaci\u00f3n de l\u00edneas de posibles gobiernos pero con\u00a0<\/span><span style=\"color: #444343; font-family: merriweather, georgia, times new roman, serif;\"><b>el agregado, m\u00e1s que interesante, del c\u00f3mo hacer las cosas<\/b><\/span><span style=\"color: #444343; font-family: merriweather, georgia, times new roman, serif;\">.<\/span><\/p>\n<p>&nbsp;<\/p>\n<p><span style=\"color: #444343; font-family: merriweather, georgia, times new roman, serif;\">Si lo trasladamos a\u00a0<\/span><span style=\"color: #444343; font-family: merriweather, georgia, times new roman, serif;\"><b>c<\/b><\/span><span style=\"color: #444343; font-family: merriweather, georgia, times new roman, serif;\"><b>ultura<\/b><\/span><span style=\"color: #444343; font-family: merriweather, georgia, times new roman, serif;\">, por ejemplo,\u00a0<\/span><span style=\"color: #444343; font-family: merriweather, georgia, times new roman, serif;\"><b>Wesner viene de acompa\u00f1ar varias actividades vinculadas al rol del Instituto Cultural provincial\u00a0<\/b><\/span><span style=\"color: #444343; font-family: merriweather, georgia, times new roman, serif;\">en Olavarr\u00eda, como el\u00a0<\/span><span style=\"color: #444343; font-family: merriweather, georgia, times new roman, serif;\"><b>festival \u201cTodas esas m\u00fasicas\u201d<\/b><\/span><span style=\"color: #444343; font-family: merriweather, georgia, times new roman, serif;\">\u00a0que se realiz\u00f3 en la Sociedad Espa\u00f1ola (con mucho \u00e9xito), el anuncio de la\u00a0<\/span><span style=\"color: #444343; font-family: merriweather, georgia, times new roman, serif;\"><b>financiaci\u00f3n del Polo Cultural en la Estaci\u00f3n de El Provincial<\/b><\/span><span style=\"color: #444343; font-family: merriweather, georgia, times new roman, serif;\">\u00a0(con dinero del Ministerio de Obras P\u00fablicas de la Naci\u00f3n), un pr\u00f3ximo\u00a0<\/span><span style=\"color: #444343; font-family: merriweather, georgia, times new roman, serif;\"><b>Encuentro de Teatro<\/b><\/span><span style=\"color: #444343; font-family: merriweather, georgia, times new roman, serif;\">\u00a0y el anuncio de los escritores y artistas que participar\u00e1n del\u00a0<\/span><span style=\"color: #444343; font-family: merriweather, georgia, times new roman, serif;\"><b>Festival del Libro<\/b><\/span><span style=\"color: #444343; font-family: merriweather, georgia, times new roman, serif;\">\u00a0en nuestra ciudad en una semana. Una apuesta fuerte y que tiene como\u00a0<\/span><span style=\"color: #444343; font-family: merriweather, georgia, times new roman, serif;\"><b>figuras no s\u00f3lo a Wesner, sino tambi\u00e9n a Mercedes Land\u00edvar\u00a0<\/b><\/span><span style=\"color: #444343; font-family: merriweather, georgia, times new roman, serif;\">y un importante equipo detr\u00e1s de Uni\u00f3n por la Patria en b\u00fasqueda de<\/span><span style=\"color: #444343; font-family: merriweather, georgia, times new roman, serif;\"><b>\u00a0avanzar en esta etapa propositiva de la campa\u00f1a mezclado con gesti\u00f3n<\/b><\/span><span style=\"color: #444343; font-family: merriweather, georgia, times new roman, serif;\">.\u00a0<\/span><\/p>\n<p>&nbsp;<\/p>\n<p><span style=\"color: #444343; font-family: merriweather, georgia, times new roman, serif;\"><b>La Libertad Avanza: en Olavarr\u00eda no<\/b><\/span><\/p>\n<p>&nbsp;<\/p>\n<p><img data-recalc-dims=\"1\" loading=\"lazy\" decoding=\"async\" class=\"alignnone size-full wp-image-80663\" src=\"https:\/\/i0.wp.com\/cdnoticias.com\/wp-content\/uploads\/2023\/03\/Celeste-arouxet-javier-milei-01.jpg?resize=800%2C446&#038;ssl=1\" alt=\"\" width=\"800\" height=\"446\" srcset=\"https:\/\/i0.wp.com\/cdnoticias.com\/wp-content\/uploads\/2023\/03\/Celeste-arouxet-javier-milei-01.jpg?w=973&amp;ssl=1 973w, https:\/\/i0.wp.com\/cdnoticias.com\/wp-content\/uploads\/2023\/03\/Celeste-arouxet-javier-milei-01.jpg?resize=300%2C167&amp;ssl=1 300w, https:\/\/i0.wp.com\/cdnoticias.com\/wp-content\/uploads\/2023\/03\/Celeste-arouxet-javier-milei-01.jpg?resize=768%2C428&amp;ssl=1 768w, https:\/\/i0.wp.com\/cdnoticias.com\/wp-content\/uploads\/2023\/03\/Celeste-arouxet-javier-milei-01.jpg?resize=800%2C445&amp;ssl=1 800w\" sizes=\"auto, (max-width: 800px) 100vw, 800px\" \/><\/p>\n<p><span style=\"color: #444343;\">\u00a0<\/span><\/p>\n<p><span style=\"color: #444343; font-family: merriweather, georgia, times new roman, serif;\">El\u00a0<\/span><span style=\"color: #444343; font-family: merriweather, georgia, times new roman, serif;\"><b>accionar de Javier Milei en el cierre de listas\u00a0<\/b><\/span><span style=\"color: #444343; font-family: merriweather, georgia, times new roman, serif;\">es el\u00a0<\/span><span style=\"color: #444343; font-family: merriweather, georgia, times new roman, serif;\"><b>centro de una investigaci\u00f3n judicial de oficio<\/b><\/span><span style=\"color: #444343; font-family: merriweather, georgia, times new roman, serif;\">\u00a0que se conoci\u00f3 durante la semana. Es que hubo m\u00e1s voces que plantearon que el l\u00edder de La Libertad Avanza les pidi\u00f3\u00a0<\/span><span style=\"color: #444343; font-family: merriweather, georgia, times new roman, serif;\"><b>dinero para ubicarlos en una n\u00f3mina de candidatos<\/b><\/span><span style=\"color: #444343; font-family: merriweather, georgia, times new roman, serif;\">.<\/span><\/p>\n<p><span style=\"color: #444343;\">\u00a0<\/span><\/p>\n<p><span style=\"font-family: merriweather, georgia, times new roman, serif;\"><span style=\"color: #444343;\">El tema lleg\u00f3 a Olavarr\u00eda:\u00a0<b>la precandidata a intendenta, Celeste Arouxet rechaz\u00f3 las acusaciones<\/b>, neg\u00f3 que algo as\u00ed hubiera pasado con su lista y\u00a0<b>defendi\u00f3 a Milei<\/b>. Para expresarse\u00a0<\/span><a title=\"public\u00f3 un video en las redes de Ahora Olavarr\u00eda\" href=\"https:\/\/zcvrp-zgvfh.maillist-manage.com\/click\/1f099c43b6a71e1d\/1f099c43b6a724ab\" target=\"_blank\" rel=\"noopener\" data-saferedirecturl=\"https:\/\/www.google.com\/url?q=https:\/\/zcvrp-zgvfh.maillist-manage.com\/click\/1f099c43b6a71e1d\/1f099c43b6a724ab&amp;source=gmail&amp;ust=1689026097071000&amp;usg=AOvVaw2wALLgZ38Na5iBCPTotQlG\"><span style=\"color: #006cfb;\">public\u00f3 un video en las redes de Ahora Olavarr\u00eda<\/span><\/a><span style=\"color: #444343;\">.\u00a0<\/span><\/span>Dijo que iba a<i>\u00a0&#8220;repudiar los dichos en cuanto a que nos han solicitado algo a cambio de nuestras candidaturas. Desde nuestro lugar desmentimos totalmente esto\u201d<\/i>\u00a0y asegur\u00f3 que\u00a0<b>\u201ctuvimos la total libertad para el armado de listas tanto de intendentes como de concejales, cosa que no pasa en muchos espacios pol\u00edticos\u201d<\/b>.<\/p>\n<p><span style=\"color: #444343;\">\u00a0<\/span><\/p>\n<p><span style=\"color: #444343; font-family: merriweather, georgia, times new roman, serif;\">Para la dirigente, las acusaciones contra el economista y precandidato presidencial son<\/span><span style=\"color: #444343; font-family: merriweather, georgia, times new roman, serif;\"><b>\u00a0\u201cun ataque de la pol\u00edtica sucia frente a un candidato que de una vez por todas lleg\u00f3 a la pol\u00edtica para hacer las cosas bien\u201d<\/b><\/span><span style=\"color: #444343; font-family: merriweather, georgia, times new roman, serif;\">.<\/span><\/p>\n<p><span style=\"color: #444343;\">\u00a0<\/span><\/p>\n<p><span style=\"color: #444343; font-family: merriweather, georgia, times new roman, serif;\">La investigaci\u00f3n de la Justicia Electoral buscar\u00e1 inicialmente determinar\u00a0<\/span><span style=\"color: #444343; font-family: merriweather, georgia, times new roman, serif;\"><b>si el principal referente de &#8220;los libertarios&#8221; cometi\u00f3 alg\u00fan delito<\/b><\/span><span style=\"color: #444343; font-family: merriweather, georgia, times new roman, serif;\">, ya sea penal o electoral. Para el martes pr\u00f3ximo ya hay citados a declarar, entre ellos Carlos Blumberg, uno de los que cuestion\u00f3 el accionar del economista y que no qued\u00f3 como candidato en la lista para diputados nacionales, donde supuestamente lo hab\u00edan propuesto.<\/span><\/p>\n<p><span style=\"color: #444343;\">\u00a0<\/span><\/p>\n<p><span style=\"color: #444343; font-family: merriweather, georgia, times new roman, serif;\"><b>Milei le respondi\u00f3 a Blumberg<\/b><\/span><span style=\"color: #444343; font-family: merriweather, georgia, times new roman, serif;\">. &#8220;A ver si se entiende de una vez.\u00a0<\/span><span style=\"color: #444343; font-family: merriweather, georgia, times new roman, serif;\"><b>En este espacio se queda el que viene a poner (aqu\u00ed cada uno se banca con la propia)<\/b><\/span><span style=\"color: #444343; font-family: merriweather, georgia, times new roman, serif;\">. El que quiere venir ac\u00e1 a ver si roba un carguito sale eyectado. Denuncien todo lo que quieran&#8221; lanz\u00f3 en Twitter.<\/span><\/p>\n<p><span style=\"color: #444343;\">\u00a0<\/span><\/p>\n<p><span style=\"color: #444343; font-family: merriweather, georgia, times new roman, serif;\"><b>En b\u00fasqueda de ese codiciado voto radical<\/b><\/span><\/p>\n<p>&nbsp;<\/p>\n<p><img data-recalc-dims=\"1\" loading=\"lazy\" decoding=\"async\" class=\"alignnone size-large wp-image-88713\" src=\"https:\/\/i0.wp.com\/cdnoticias.com\/wp-content\/uploads\/2023\/06\/francisco-gonzalez.jpg?resize=800%2C445&#038;ssl=1\" alt=\"\" width=\"800\" height=\"445\" srcset=\"https:\/\/i0.wp.com\/cdnoticias.com\/wp-content\/uploads\/2023\/06\/francisco-gonzalez.jpg?resize=1024%2C570&amp;ssl=1 1024w, https:\/\/i0.wp.com\/cdnoticias.com\/wp-content\/uploads\/2023\/06\/francisco-gonzalez.jpg?resize=300%2C167&amp;ssl=1 300w, https:\/\/i0.wp.com\/cdnoticias.com\/wp-content\/uploads\/2023\/06\/francisco-gonzalez.jpg?resize=768%2C428&amp;ssl=1 768w, https:\/\/i0.wp.com\/cdnoticias.com\/wp-content\/uploads\/2023\/06\/francisco-gonzalez.jpg?resize=800%2C445&amp;ssl=1 800w, https:\/\/i0.wp.com\/cdnoticias.com\/wp-content\/uploads\/2023\/06\/francisco-gonzalez.jpg?w=1288&amp;ssl=1 1288w\" sizes=\"auto, (max-width: 800px) 100vw, 800px\" \/><\/p>\n<p><span style=\"color: #444343;\">\u00a0<\/span><\/p>\n<p><span style=\"color: #444343; font-family: merriweather, georgia, times new roman, serif;\">Volvemos a la interna de Juntos. M\u00e1s all\u00e1 de la situaci\u00f3n Larreta y Bullrich en Olavarr\u00eda,\u00a0<\/span><span style=\"color: #444343; font-family: merriweather, georgia, times new roman, serif;\"><b>dos espacios buscan firmemente conseguir el \u201cvoto radical\u201d para su molino<\/b><\/span><span style=\"color: #444343; font-family: merriweather, georgia, times new roman, serif;\">. Primero es el espacio de<\/span><span style=\"color: #444343; font-family: merriweather, georgia, times new roman, serif;\"><b>\u00a0Evoluci\u00f3n que integra la lista de Ezequiel Galli<\/b><\/span><span style=\"color: #444343; font-family: merriweather, georgia, times new roman, serif;\">. Por un lado no encabeza con un radical, pero por el otro es el sector que gestiona los destinos del comit\u00e9 local luego de imponerse en la interna de 2022 ante Adelante Radicales.<\/span><\/p>\n<p><span style=\"color: #444343;\">\u00a0<\/span><\/p>\n<p><span style=\"color: #444343; font-family: merriweather, georgia, times new roman, serif;\">La alianza Morales &#8211; Larreta gener\u00f3 una f\u00f3rmula presidencial \u201cPro-UCR\u201d y luego todo<\/span><span style=\"color: #444343; font-family: merriweather, georgia, times new roman, serif;\"><b>\u00a0se orden\u00f3 hacia abajo en pos de la unidad<\/b><\/span><span style=\"color: #444343; font-family: merriweather, georgia, times new roman, serif;\">. Y el aporte que podr\u00e1 hacer el radicalismo, en ese sentido, es\u00a0<\/span><span style=\"color: #444343; font-family: merriweather, georgia, times new roman, serif;\"><b>orientar el voto hacia Galli que permitir\u00e1 mayor volumen de boinas blancas en el Concejo Deliberante<\/b><\/span><span style=\"color: #444343; font-family: merriweather, georgia, times new roman, serif;\">. El s\u00e1bado ya se vio a integrantes de este espacio repartir volantes con la cara de Morales (presidente de la UCR nacional) como precandidato a vicepresidente.\u00a0<\/span><\/p>\n<p><span style=\"color: #444343;\">\u00a0<\/span><\/p>\n<p><span style=\"color: #444343; font-family: merriweather, georgia, times new roman, serif;\">Sin embargo \u2026\u00a0<\/span><span style=\"color: #444343; font-family: merriweather, georgia, times new roman, serif;\"><b>la otra lista es radical. \u201cLista 3\u201d dir\u00e1n muchos<\/b><\/span><span style=\"color: #444343; font-family: merriweather, georgia, times new roman, serif;\">. La sorpresa del acuerdo de Maximiliano Abad (presidente de la UCR provincial) y Patricia Bullrich\u00a0<\/span><span style=\"color: #444343; font-family: merriweather, georgia, times new roman, serif;\"><b>le abri\u00f3 las puertas a un sector radical -el que perdi\u00f3 la interna local- para presentar \u201clista pura\u201d e ir por afuera\u00a0<\/b><\/span><span style=\"color: #444343; font-family: merriweather, georgia, times new roman, serif;\">incluso de<i>\u00a0Dalton J\u00e1uregui, Andrea Coronel y Juan Zyla, los \u201cterceros en discordia\u201d de esta historia<\/i>. Est\u00e1 encabezada por el\u00a0<\/span><span style=\"color: #444343; font-family: merriweather, georgia, times new roman, serif;\"><b>ingeniero Marcelo Spina<\/b><\/span><span style=\"color: #444343; font-family: merriweather, georgia, times new roman, serif;\">\u00a0y la\u00a0<\/span><span style=\"color: #444343; font-family: merriweather, georgia, times new roman, serif;\"><b>primera precandidata es Alejandra Malamud<\/b><\/span><span style=\"color: #444343; font-family: merriweather, georgia, times new roman, serif;\">.\u00a0<\/span><\/p>\n<p>&nbsp;<\/p>\n<p><img data-recalc-dims=\"1\" loading=\"lazy\" decoding=\"async\" class=\"alignnone size-large wp-image-79147\" src=\"https:\/\/i0.wp.com\/cdnoticias.com\/wp-content\/uploads\/2023\/03\/spina-lorden-adelante-olavarria01.jpg?resize=800%2C445&#038;ssl=1\" alt=\"\" width=\"800\" height=\"445\" srcset=\"https:\/\/i0.wp.com\/cdnoticias.com\/wp-content\/uploads\/2023\/03\/spina-lorden-adelante-olavarria01-scaled.jpg?resize=1024%2C570&amp;ssl=1 1024w, https:\/\/i0.wp.com\/cdnoticias.com\/wp-content\/uploads\/2023\/03\/spina-lorden-adelante-olavarria01-scaled.jpg?resize=300%2C167&amp;ssl=1 300w, https:\/\/i0.wp.com\/cdnoticias.com\/wp-content\/uploads\/2023\/03\/spina-lorden-adelante-olavarria01-scaled.jpg?resize=768%2C427&amp;ssl=1 768w, https:\/\/i0.wp.com\/cdnoticias.com\/wp-content\/uploads\/2023\/03\/spina-lorden-adelante-olavarria01-scaled.jpg?resize=1536%2C855&amp;ssl=1 1536w, https:\/\/i0.wp.com\/cdnoticias.com\/wp-content\/uploads\/2023\/03\/spina-lorden-adelante-olavarria01-scaled.jpg?resize=2048%2C1140&amp;ssl=1 2048w, https:\/\/i0.wp.com\/cdnoticias.com\/wp-content\/uploads\/2023\/03\/spina-lorden-adelante-olavarria01-scaled.jpg?resize=800%2C445&amp;ssl=1 800w, https:\/\/i0.wp.com\/cdnoticias.com\/wp-content\/uploads\/2023\/03\/spina-lorden-adelante-olavarria01-scaled.jpg?w=1600&amp;ssl=1 1600w, https:\/\/i0.wp.com\/cdnoticias.com\/wp-content\/uploads\/2023\/03\/spina-lorden-adelante-olavarria01-scaled.jpg?w=2400&amp;ssl=1 2400w\" sizes=\"auto, (max-width: 800px) 100vw, 800px\" \/><\/p>\n<p><span style=\"color: #444343;\">\u00a0<\/span><\/p>\n<p><span style=\"color: #444343; font-family: merriweather, georgia, times new roman, serif;\"><b>\u201cRepresentamos al radicalismo en esta elecci\u00f3n y la clave es salir a buscar el voto radical, mostrarles que somos la \u00fanica lista UCR que tiene dirigentes propios y que queremos devolverle al radicalismo el protagonismo que se merece en Olavarr\u00eda\u201d<\/b><\/span><span style=\"color: #444343; font-family: merriweather, georgia, times new roman, serif;\">\u00a0afirmaron a este newsletter. S\u00ed, vienen de una derrota electoral interna. Pero la intenci\u00f3n y el panorama es otro y apuntan a un\u00a0<\/span><span style=\"color: #444343; font-family: merriweather, georgia, times new roman, serif;\"><b>porcentaje de correligionarios incluso m\u00e1s alto que la que particip\u00f3 en la interna<\/b><\/span><span style=\"color: #444343; font-family: merriweather, georgia, times new roman, serif;\">. Todo est\u00e1 por verse.<\/span><\/p>\n<p><span style=\"color: #444343;\">\u00a0<\/span><\/p>\n<p><span style=\"color: #444343; font-family: merriweather, georgia, times new roman, serif;\"><b>La S\u00e9ptima gana ritmo<\/b><\/span><\/p>\n<p>&nbsp;<\/p>\n<p><img data-recalc-dims=\"1\" loading=\"lazy\" decoding=\"async\" class=\"alignnone size-large wp-image-87976\" src=\"https:\/\/i0.wp.com\/cdnoticias.com\/wp-content\/uploads\/2023\/06\/endere3.jpg?resize=800%2C480&#038;ssl=1\" alt=\"\" width=\"800\" height=\"480\" srcset=\"https:\/\/i0.wp.com\/cdnoticias.com\/wp-content\/uploads\/2023\/06\/endere3.jpg?resize=1024%2C615&amp;ssl=1 1024w, https:\/\/i0.wp.com\/cdnoticias.com\/wp-content\/uploads\/2023\/06\/endere3.jpg?resize=300%2C180&amp;ssl=1 300w, https:\/\/i0.wp.com\/cdnoticias.com\/wp-content\/uploads\/2023\/06\/endere3.jpg?resize=768%2C461&amp;ssl=1 768w, https:\/\/i0.wp.com\/cdnoticias.com\/wp-content\/uploads\/2023\/06\/endere3.jpg?w=1474&amp;ssl=1 1474w\" sizes=\"auto, (max-width: 800px) 100vw, 800px\" \/><\/p>\n<p><span style=\"color: #444343;\">\u00a0<\/span><\/p>\n<p><span style=\"color: #444343; font-family: merriweather, georgia, times new roman, serif;\">Al inicio muy movido para\u00a0<\/span><span style=\"color: #444343; font-family: merriweather, georgia, times new roman, serif;\"><b>Mart\u00edn Endere (quien encabeza la lista del palomar de Juntos en la Secci\u00f3n)<\/b><\/span><span style=\"color: #444343; font-family: merriweather, georgia, times new roman, serif;\">\u00a0comenz\u00f3 a sumarse tanto\u00a0<\/span><span style=\"color: #444343; font-family: merriweather, georgia, times new roman, serif;\"><b>Mercedes Land\u00edvar (quien encabeza la de Uni\u00f3n por la Patria)<\/b><\/span><span style=\"color: #444343; font-family: merriweather, georgia, times new roman, serif;\">\u00a0y la\u00a0<\/span><span style=\"color: #444343; font-family: merriweather, georgia, times new roman, serif;\"><b>rival de Endere en Juntos, la actual diputada Alejandra Lord\u00e9n<\/b><\/span><span style=\"color: #444343; font-family: merriweather, georgia, times new roman, serif;\">.<\/span><\/p>\n<p><span style=\"color: #444343;\">\u00a0<\/span><\/p>\n<p><span style=\"color: #444343; font-family: merriweather, georgia, times new roman, serif;\">Mientras que\u00a0<\/span><span style=\"color: #444343; font-family: merriweather, georgia, times new roman, serif;\"><b>Land\u00edvar estuvo en General Alvear<\/b><\/span><span style=\"color: #444343; font-family: merriweather, georgia, times new roman, serif;\">\u00a0en la presentaci\u00f3n de la lista del espacio opositor a Ram\u00f3n Jos\u00e9 Capra,\u00a0<\/span><span style=\"color: #444343; font-family: merriweather, georgia, times new roman, serif;\"><b>Lord\u00e9n encabez\u00f3 un importante acto radical en Saladillo<\/b><\/span><span style=\"color: #444343; font-family: merriweather, georgia, times new roman, serif;\">\u00a0para acompa\u00f1ar en la b\u00fasqueda de la \u201cre-re\u201d a Jos\u00e9 Luis Salom\u00f3n, actual jefe comunal del distrito.<\/span><\/p>\n<p>&nbsp;<\/p>\n<p><img data-recalc-dims=\"1\" loading=\"lazy\" decoding=\"async\" class=\"alignnone size-large wp-image-68909\" src=\"https:\/\/i0.wp.com\/cdnoticias.com\/wp-content\/uploads\/2022\/11\/Mercedes-Landivar5.jpg?resize=800%2C480&#038;ssl=1\" alt=\"\" width=\"800\" height=\"480\" srcset=\"https:\/\/i0.wp.com\/cdnoticias.com\/wp-content\/uploads\/2022\/11\/Mercedes-Landivar5-scaled.jpg?resize=1024%2C614&amp;ssl=1 1024w, https:\/\/i0.wp.com\/cdnoticias.com\/wp-content\/uploads\/2022\/11\/Mercedes-Landivar5-scaled.jpg?resize=300%2C180&amp;ssl=1 300w, https:\/\/i0.wp.com\/cdnoticias.com\/wp-content\/uploads\/2022\/11\/Mercedes-Landivar5-scaled.jpg?resize=768%2C461&amp;ssl=1 768w, https:\/\/i0.wp.com\/cdnoticias.com\/wp-content\/uploads\/2022\/11\/Mercedes-Landivar5-scaled.jpg?resize=1536%2C922&amp;ssl=1 1536w, https:\/\/i0.wp.com\/cdnoticias.com\/wp-content\/uploads\/2022\/11\/Mercedes-Landivar5-scaled.jpg?resize=2048%2C1229&amp;ssl=1 2048w, https:\/\/i0.wp.com\/cdnoticias.com\/wp-content\/uploads\/2022\/11\/Mercedes-Landivar5-scaled.jpg?w=1600&amp;ssl=1 1600w, https:\/\/i0.wp.com\/cdnoticias.com\/wp-content\/uploads\/2022\/11\/Mercedes-Landivar5-scaled.jpg?w=2400&amp;ssl=1 2400w\" sizes=\"auto, (max-width: 800px) 100vw, 800px\" \/><\/p>\n<p><span style=\"color: #444343;\">\u00a0<\/span><\/p>\n<p><span style=\"color: #444343; font-family: merriweather, georgia, times new roman, serif;\"><b>Endere sigue con mayor movimiento marcado<\/b><\/span><span style=\"color: #444343; font-family: merriweather, georgia, times new roman, serif;\">, adem\u00e1s, por el marco que le brinda el Instituto Rep\u00fablica, del cual es referente regional excluyente. Es que casi que cant\u00f3 bingo:\u00a0<\/span><span style=\"color: #444343; font-family: merriweather, georgia, times new roman, serif;\"><b>estuvo en Saladillo y en Alvear<\/b><\/span><span style=\"color: #444343; font-family: merriweather, georgia, times new roman, serif;\">\u00a0donde se mostr\u00f3 con los candidatos propios que le plantear\u00e1n internas, justamente, a Capra y Salom\u00f3n.<\/span><\/p>\n<p><span style=\"color: #444343;\">\u00a0<\/span><\/p>\n<p><span style=\"color: #444343; font-family: merriweather, georgia, times new roman, serif;\">Se prev\u00e9 que la actividad se intensifique y no quedar\u00e1 de lado, claro est\u00e1, Olavarr\u00eda, ciudad cabecera de la Secci\u00f3n que puede traer muchas definiciones importantes en las PASO junto con Azul.\u00a0<\/span><\/p>\n<p><span style=\"color: #444343;\">\u00a0<\/span><\/p>\n<p><span style=\"color: #444343; font-family: merriweather, georgia, times new roman, serif;\"><b>Nuevas reglas de la campa\u00f1a<\/b><\/span><\/p>\n<p>&nbsp;<\/p>\n<p><img data-recalc-dims=\"1\" loading=\"lazy\" decoding=\"async\" class=\"alignnone size-full wp-image-32240\" src=\"https:\/\/i0.wp.com\/cdnoticias.com\/wp-content\/uploads\/2021\/09\/pasacalles-viento-00.jpg?resize=800%2C445&#038;ssl=1\" alt=\"\" width=\"800\" height=\"445\" srcset=\"https:\/\/i0.wp.com\/cdnoticias.com\/wp-content\/uploads\/2021\/09\/pasacalles-viento-00.jpg?w=800&amp;ssl=1 800w, https:\/\/i0.wp.com\/cdnoticias.com\/wp-content\/uploads\/2021\/09\/pasacalles-viento-00.jpg?resize=300%2C167&amp;ssl=1 300w, https:\/\/i0.wp.com\/cdnoticias.com\/wp-content\/uploads\/2021\/09\/pasacalles-viento-00.jpg?resize=768%2C427&amp;ssl=1 768w\" sizes=\"auto, (max-width: 800px) 100vw, 800px\" \/><\/p>\n<p><span style=\"color: #444343;\">\u00a0<\/span><\/p>\n<p><span style=\"color: #444343; font-family: merriweather, georgia, times new roman, serif;\">Chau a los\u00a0<\/span><span style=\"color: #444343; font-family: merriweather, georgia, times new roman, serif;\"><b>pasacalles<\/b><\/span><span style=\"color: #444343; font-family: merriweather, georgia, times new roman, serif;\">.\u00a0<\/span><span style=\"color: #444343; font-family: merriweather, georgia, times new roman, serif;\"><b>No van a estar en la campa\u00f1a poni\u00e9ndole nombre (o apellido, en general) a los candidatos<\/b><\/span><span style=\"color: #444343; font-family: merriweather, georgia, times new roman, serif;\">. Pero tampoco esos mensajes vecinales que felicitan a alguna quincea\u00f1era, saludan a los enamorados o que le avisan a alguien de un infortunio con su pareja. Tampoco esos que anuncian alg\u00fan evento deportivo o un baile.<\/span><\/p>\n<p><span style=\"color: #444343;\">\u00a0<\/span><\/p>\n<p><span style=\"color: #444343; font-family: merriweather, georgia, times new roman, serif;\">Pero claro, este es un newsletter de pol\u00edtica. Y\u00a0<\/span><span style=\"color: #444343; font-family: merriweather, georgia, times new roman, serif;\"><b>la campa\u00f1a empez\u00f3 hace dos semanas. Con este camino en plena recorrida, hay nuevas reglas<\/b><\/span><span style=\"color: #444343; font-family: merriweather, georgia, times new roman, serif;\">. Se aprob\u00f3\u00a0<\/span><span style=\"color: #444343; font-family: merriweather, georgia, times new roman, serif;\"><b>una ordenanza que proh\u00edbe la colocaci\u00f3n de pasacalles\u00a0<\/b><\/span><span style=\"color: #444343; font-family: merriweather, georgia, times new roman, serif;\">con base en el\u00a0<\/span><span style=\"color: #444343; font-family: merriweather, georgia, times new roman, serif;\"><b>proyecto que el a\u00f1o pasado present\u00f3 la UCR<\/b><\/span><span style=\"color: #444343; font-family: merriweather, georgia, times new roman, serif;\">, cuyo argumento central es<\/span><span style=\"color: #444343; font-family: merriweather, georgia, times new roman, serif;\"><b>\u00a0el riesgo que suponen<\/b><\/span><span style=\"color: #444343; font-family: merriweather, georgia, times new roman, serif;\"><b>\u00a0para el tr\u00e1nsito<\/b><\/span><span style=\"color: #444343; font-family: merriweather, georgia, times new roman, serif;\">\u00a0vehicular y para los peatones.<\/span><\/p>\n<p><span style=\"color: #444343;\">\u00a0<\/span><\/p>\n<p><span style=\"color: #444343; font-family: merriweather, georgia, times new roman, serif;\">Finalmente,\u00a0<\/span><span style=\"color: #444343; font-family: merriweather, georgia, times new roman, serif;\"><b>no llegaron a votaci\u00f3n otros dos proyectos<\/b><\/span><span style=\"color: #444343; font-family: merriweather, georgia, times new roman, serif;\">:\u00a0<i>el de la Uni\u00f3n Vecinal, tambi\u00e9n presentado el a\u00f1o pasado -que s\u00ed fue incluido en el mismo expediente del proyecto radical-, y el del bloque Juntos basado en la propuesta del intendente de \u201ccampa\u00f1a limpia\u201d expuesta en mayo<\/i>. En rigor, no reunieron los votos necesarios. Y en t\u00e9rminos del debate,<\/span><span style=\"color: #444343; font-family: merriweather, georgia, times new roman, serif;\"><b>\u00a0eran propuestas que ten\u00edan como finalidad impedir o limitar la publicidad partidaria<\/b><\/span><span style=\"color: #444343; font-family: merriweather, georgia, times new roman, serif;\">. A diferencia de la iniciativa de la UCR que busca mejorar la seguridad.\u00a0<\/span><span style=\"color: #444343; font-family: merriweather, georgia, times new roman, serif;\"><b>Sebasti\u00e1n Matrella<\/b><\/span><span style=\"color: #444343; font-family: merriweather, georgia, times new roman, serif;\">\u00a0hizo hincapi\u00e9 en ese aspecto y en que la propuesta se present\u00f3 en un a\u00f1o no electoral.<\/span><\/p>\n<p><span style=\"color: #444343;\">\u00a0<\/span><\/p>\n<p><span style=\"color: #444343; font-family: merriweather, georgia, times new roman, serif;\">La cuesti\u00f3n es que no podr\u00e1 haber pasacalles en calles, avenidas, pasajes, plazas u otros espacios p\u00fablicos. Se refiere\u00a0<\/span><span style=\"color: #444343; font-family: merriweather, georgia, times new roman, serif;\"><b>\u201ca cualquier elemento que se coloque colgado o suspendido transversalmente uniendo dos extremos distantes uno del otro<\/b><\/span><span style=\"color: #444343; font-family: merriweather, georgia, times new roman, serif;\">, que se encuentre paralelos a la calzada o por encima de ella, fijado a cualquier elemento ubicado en la acera o en los edificios frentistas,\u00a0<\/span><span style=\"color: #444343; font-family: merriweather, georgia, times new roman, serif;\"><b>contenga o no mensajes publicitarios\u201d<\/b><\/span><span style=\"color: #444343; font-family: merriweather, georgia, times new roman, serif;\">.<\/span><\/p>\n<p><span style=\"color: #444343;\">\u00a0<\/span><\/p>\n<p><span style=\"color: #444343; font-family: merriweather, georgia, times new roman, serif;\">La colocaci\u00f3n de pasacalles ser\u00e1 considerada\u00a0<\/span><span style=\"color: #444343; font-family: merriweather, georgia, times new roman, serif;\"><b>una contravenci\u00f3n<\/b><\/span><span style=\"color: #444343; font-family: merriweather, georgia, times new roman, serif;\">\u00a0y se prev\u00e9n<\/span><span style=\"color: #444343; font-family: merriweather, georgia, times new roman, serif;\"><b>\u00a0distintas sanciones<\/b><\/span><span style=\"color: #444343; font-family: merriweather, georgia, times new roman, serif;\">\u00a0que aplicar\u00e1n tanto a quien efectivamente coloque un pasacalle as\u00ed como a la empresa o partido pol\u00edtico encargado de la colocaci\u00f3n.<\/span><\/p>\n<p><span style=\"color: #444343;\">\u00a0<\/span><\/p>\n<p><span style=\"color: #444343; font-family: merriweather, georgia, times new roman, serif;\">Las exposiciones de las concejales de Ahora Olavarr\u00eda primero y de Foro Olavarr\u00eda-Frente Renovador despu\u00e9s, buscaron\u00a0<\/span><span style=\"color: #444343; font-family: merriweather, georgia, times new roman, serif;\"><b>cuestionar justamente el cambio de reglas con la campa\u00f1a iniciada<\/b><\/span><span style=\"color: #444343; font-family: merriweather, georgia, times new roman, serif;\">.<\/span><\/p>\n<p><span style=\"color: #444343;\">\u00a0<\/span><\/p>\n<p><span style=\"color: #444343; font-family: merriweather, georgia, times new roman, serif;\"><b>Celeste Arouxet<\/b><\/span><span style=\"color: #444343; font-family: merriweather, georgia, times new roman, serif;\">\u00a0critic\u00f3 la postura del oficialismo con su proyecto:\u00a0<\/span><span style=\"color: #444343; font-family: merriweather, georgia, times new roman, serif;\"><b>\u201cte prohib\u00eda todo, iba contra la libertad de expresi\u00f3n. No se debati\u00f3 si era peligroso o no un pasacalle, se quer\u00eda debatir no dejar participar a todos los dem\u00e1s, boicotear al que no tiene estructura\u201d<\/b><\/span><span style=\"color: #444343; font-family: merriweather, georgia, times new roman, serif;\">. Y agreg\u00f3 \u201clo \u00fanico que se permit\u00eda eran los s\u00e9xtuples, que casualidad que estaban todos alquilados. Se quiso cortar la libertad de expresi\u00f3n de todos los espacios pol\u00edticos\u201d. Por fuera de la sesi\u00f3n, en una entrevista en una radio, la tambi\u00e9n precandidata a intendenta\u00a0<\/span><span style=\"color: #444343; font-family: merriweather, georgia, times new roman, serif;\"><b>se\u00f1al\u00f3 que el &#8220;alto costo&#8221; de los s\u00e9xtuples<\/b><\/span><span style=\"color: #444343; font-family: merriweather, georgia, times new roman, serif;\">\u00a0-dijo que salen 50.000 pesos-son prohibitivos para muchas agrupaciones &#8220;que no tienen acceso a una caja del estado&#8221;.<\/span><\/p>\n<p><span style=\"color: #444343;\">\u00a0<\/span><\/p>\n<p><span style=\"color: #444343; font-family: merriweather, georgia, times new roman, serif;\"><b>In\u00e9s Creimer\u00a0<\/b><\/span><span style=\"color: #444343; font-family: merriweather, georgia, times new roman, serif;\">explic\u00f3 la postura de su bancada centrada en &#8220;el rol que tenemos como concejales, partiendo de la base de que cuando nos eligen como representantes no importa qui\u00e9n nos vote,<\/span><span style=\"color: #444343; font-family: merriweather, georgia, times new roman, serif;\"><b>\u00a0representamos a toda la sociedad, incluso a los partidos que nunca llegan a una banca\u201d<\/b><\/span><span style=\"color: #444343; font-family: merriweather, georgia, times new roman, serif;\">\u00a0expres\u00f3. Para la concejal del massismo, \u201cno era el momento de dar un debate que a partir de la aprobaci\u00f3n de una ordenanza viniera a imponer reglas de juego diferentes\u201d dijo en referencia a que ya inici\u00f3 formalmente la campa\u00f1a electoral. Plante\u00f3 que \u201ccada agrupaci\u00f3n echa mano de los recursos que tiene\u201d y a\u00f1adi\u00f3 \u201crecursos que son caros y que\u00a0<\/span><span style=\"color: #444343; font-family: merriweather, georgia, times new roman, serif;\"><b>quien impone las reglas tiene ventaja por sobre quien no las impone\u201d<\/b><\/span><span style=\"color: #444343; font-family: merriweather, georgia, times new roman, serif;\">.<\/span><\/p>\n<p><span style=\"color: #444343;\">\u00a0<\/span><\/p>\n<p><span style=\"color: #444343; font-family: merriweather, georgia, times new roman, serif;\">La semana pasada nos referimos a que se ve\u00eda muy poca publicidad callejera sobre los candidatos. La aprobaci\u00f3n de esta normativa da muestras claras de que, al menos para las PASO, la campa\u00f1a ser\u00e1 mucho menos visible que a\u00f1os anteriores. Veremos qu\u00e9 hacen las agrupaciones m\u00e1s chicas y con menos recursos para mostrarse.<\/span><\/p>\n<p><span style=\"color: #444343;\">\u00a0<\/span><\/p>\n<p><span style=\"color: #444343; font-family: merriweather, georgia, times new roman, serif;\"><b>Abrazo al Hospital<\/b><\/span><\/p>\n<p>&nbsp;<\/p>\n<p><img data-recalc-dims=\"1\" loading=\"lazy\" decoding=\"async\" class=\"alignnone size-full wp-image-89347\" src=\"https:\/\/i0.wp.com\/cdnoticias.com\/wp-content\/uploads\/2023\/07\/stmo-protesta-hospital-06.jpg?resize=800%2C445&#038;ssl=1\" alt=\"\" width=\"800\" height=\"445\" srcset=\"https:\/\/i0.wp.com\/cdnoticias.com\/wp-content\/uploads\/2023\/07\/stmo-protesta-hospital-06.jpg?w=800&amp;ssl=1 800w, https:\/\/i0.wp.com\/cdnoticias.com\/wp-content\/uploads\/2023\/07\/stmo-protesta-hospital-06.jpg?resize=300%2C167&amp;ssl=1 300w, https:\/\/i0.wp.com\/cdnoticias.com\/wp-content\/uploads\/2023\/07\/stmo-protesta-hospital-06.jpg?resize=768%2C427&amp;ssl=1 768w\" sizes=\"auto, (max-width: 800px) 100vw, 800px\" \/><\/p>\n<p><span style=\"color: #444343;\">\u00a0<\/span><\/p>\n<p><span style=\"color: #444343; font-family: merriweather, georgia, times new roman, serif;\">La semana anterior lo anunciaron, con denuncia de \u201cdemora\u201d en la negociaci\u00f3n paritaria, y el mi\u00e9rcoles lo llevaron adelante:\u00a0<\/span><span style=\"color: #444343; font-family: merriweather, georgia, times new roman, serif;\"><b>un abrazo al Hospital Municipal para manifestar la demanda de aumento salarial<\/b><\/span><span style=\"color: #444343; font-family: merriweather, georgia, times new roman, serif;\">. Entre otras.<\/span><\/p>\n<p><span style=\"color: #444343;\">\u00a0<\/span><\/p>\n<p><span style=\"color: #444343; font-family: merriweather, georgia, times new roman, serif;\">La medida impulsada por el<\/span><span style=\"color: #444343; font-family: merriweather, georgia, times new roman, serif;\"><b>\u00a0Sindicato de Municipales y la Asociaci\u00f3n de Profesionales<\/b><\/span><span style=\"color: #444343; font-family: merriweather, georgia, times new roman, serif;\">\u00a0tuvo importante aceptaci\u00f3n, con\u00a0<\/span><span style=\"color: #444343; font-family: merriweather, georgia, times new roman, serif;\"><b>masiva concurrencia de trabajadores de distintas \u00e1reas<\/b><\/span><span style=\"color: #444343; font-family: merriweather, georgia, times new roman, serif;\">, y el\u00a0<\/span><span style=\"color: #444343; font-family: merriweather, georgia, times new roman, serif;\"><b>regreso de \u201clos payasos funcionarios\u201d\u00a0<\/b><\/span><span style=\"color: #444343; font-family: merriweather, georgia, times new roman, serif;\">que fueron la marca distintiva de la manifestaci\u00f3n.<\/span><\/p>\n<p><span style=\"color: #444343;\">\u00a0<\/span><\/p>\n<p><span style=\"color: #444343; font-family: merriweather, georgia, times new roman, serif;\">\u201cEs una situaci\u00f3n econ\u00f3mica que ya es irresistible, con los aumentos bajo el \u00edndice inflacionario que tenemos y todo eso lleva a que\u00a0<\/span><span style=\"color: #444343; font-family: merriweather, georgia, times new roman, serif;\"><b>cada vez tenemos m\u00e1s trabajadores municipales pobres. Debemos estar en un 70 por ciento de los trabajadores pobres\u201d<\/b><\/span><span style=\"color: #444343; font-family: merriweather, georgia, times new roman, serif;\">, se\u00f1al\u00f3 Jos\u00e9 Stuppia.<\/span><\/p>\n<p><span style=\"color: #444343;\">\u00a0<\/span><\/p>\n<p><span style=\"color: #444343; font-family: merriweather, georgia, times new roman, serif;\">Cont\u00f3 que tuvieron una nueva oferta de incremento salarial, la cual rechazaron.\u00a0<\/span><span style=\"color: #444343; font-family: merriweather, georgia, times new roman, serif;\"><b>Les ofrecieron una suba de 7% para julio y 7% para agosto<\/b><\/span><span style=\"color: #444343; font-family: merriweather, georgia, times new roman, serif;\">. El titular del STMO explic\u00f3 que el rechazo radica en que\u00a0<\/span><span style=\"color: #444343; font-family: merriweather, georgia, times new roman, serif;\"><b>esas cifras no compensan la p\u00e9rdida de 15 puntos respecto de la inflaci\u00f3n del semestre anterior<\/b><\/span><span style=\"color: #444343; font-family: merriweather, georgia, times new roman, serif;\">, cuando aceptaron 35% de aumento y el IPC medido por el Indec arroj\u00f3 50%.\u00a0<i>\u201cCuanto m\u00e1s nos acerquemos a la Canasta B\u00e1sica Alimentaria ser\u00eda b\u00e1rbaro porque todos los d\u00edas los trabajadores est\u00e1n siendo un poco m\u00e1s pobres\u201d<\/i>\u00a0insisti\u00f3.<\/span><\/p>\n<p><span style=\"color: #444343;\">\u00a0<\/span><\/p>\n<p><span style=\"color: #444343; font-family: merriweather, georgia, times new roman, serif;\">Desde el STMO proyectaron que<\/span><span style=\"color: #444343; font-family: merriweather, georgia, times new roman, serif;\"><b>\u00a0la negociaci\u00f3n no cerrar\u00e1 en el corto plazo\u00a0<\/b><\/span><span style=\"color: #444343; font-family: merriweather, georgia, times new roman, serif;\">y que las medidas se profundizar\u00e1n.\u00a0<\/span><span style=\"color: #444343; font-family: merriweather, georgia, times new roman, serif;\"><b>\u201cAc\u00e1 lo que pasa es que el Ejecutivo dice que no tiene plata,<\/b><\/span><span style=\"color: #444343; font-family: merriweather, georgia, times new roman, serif;\">\u00a0bueno, que salga a explicarle a la ciudadan\u00eda que no tiene dinero para aumentarle el sueldo a sus trabajadores.\u00a0<\/span><span style=\"color: #444343; font-family: merriweather, georgia, times new roman, serif;\"><b>Es algo grave lo que est\u00e1 sucediendo\u201d<\/b><\/span><span style=\"color: #444343; font-family: merriweather, georgia, times new roman, serif;\">\u00a0plante\u00f3 Stuppia.\u00a0<\/span><\/p>\n<p><span style=\"color: #444343;\">\u00a0<\/span><\/p>\n<p><span style=\"color: #444343; font-family: merriweather, georgia, times new roman, serif;\">Por ahora no se anunciaron m\u00e1s medidas sindicales. Las reuniones de negociaci\u00f3n paritaria siguen. Pero en base a la argumentaci\u00f3n del STMO por ahora parece dif\u00edcil que lleguen a un acuerdo.<\/span><\/p>\n<p>&nbsp;<\/p>\n<p><span style=\"font-family: merriweather, georgia, times new roman, serif;\"><b>Cortitas<\/b><\/span><\/p>\n<p>&nbsp;<\/p>\n<p><span style=\"font-family: merriweather, georgia, times new roman, serif;\"><b>M\u00e1s candidatos.<\/b><\/span><span style=\"font-family: merriweather, georgia, times new roman, serif;\">\u00a0A esta altura podemos decir que hay 12 precandidatos a intendente.\u00a0<a title=\"Francisco Errobidart\" href=\"https:\/\/zcvrp-zgvfh.maillist-manage.com\/click\/1f099c43b6a71e1d\/1f099c43b6a724ad\" target=\"_blank\" rel=\"noopener\" data-saferedirecturl=\"https:\/\/www.google.com\/url?q=https:\/\/zcvrp-zgvfh.maillist-manage.com\/click\/1f099c43b6a71e1d\/1f099c43b6a724ad&amp;source=gmail&amp;ust=1689026097071000&amp;usg=AOvVaw3wctaGMLAEg9LnjIZqsRPK\"><span style=\"color: #0001ee;\">Francisco Errobidart<\/span><\/a>\u00a0por el Frente de Acci\u00f3n de Solidaria\u00a0y\u00a0<a title=\"Karina Andrea Braunschweig\" href=\"https:\/\/zcvrp-zgvfh.maillist-manage.com\/click\/1f099c43b6a71e1d\/1f099c43b6a724af\" target=\"_blank\" rel=\"noopener\" data-saferedirecturl=\"https:\/\/www.google.com\/url?q=https:\/\/zcvrp-zgvfh.maillist-manage.com\/click\/1f099c43b6a71e1d\/1f099c43b6a724af&amp;source=gmail&amp;ust=1689026097071000&amp;usg=AOvVaw17dzb4BCxhPtKSujOHcl25\"><span style=\"color: #0001ee;\">Karina Andrea Braunschweig<\/span><\/a>\u00a0por Copebo\u00a0son los \u00faltimos que se conocieron. A\u00fan se aguarda a que la Junta Electoral de la provincia haga p\u00fablica las n\u00f3minas de candidatos oficializados.<\/span><\/p>\n<p>&nbsp;<\/p>\n<p><span style=\"font-family: merriweather, georgia, times new roman, serif;\"><b>Irregularidades en Desarrollo Social: pedido de informe archivado.<\/b><\/span><span style=\"font-family: merriweather, georgia, times new roman, serif;\">\u00a0Despu\u00e9s de la \u00faltima reuni\u00f3n de la comisi\u00f3n de Legislaci\u00f3n del HCD, el martes, el bloque de Uni\u00f3n por la Patria expuso que la bancada de Juntos\u201cus\u00f3 la mayor\u00eda\u201d para archivar el pedido de informes apuntado al secretario de Desarrollo Humano y Calidad de Vida, Diego Robbiani. Consideraron que con ello lograron \u201cevitar responder\u201d sobre las irregularidades en el \u00e1rea de Desarrollo Social. Con la votaci\u00f3n en la comisi\u00f3n, el proyecto nunca llegar\u00e1 a sesi\u00f3n. Los opositores se\u00f1alaron lo in\u00e9dito de la situaci\u00f3n: es que siempre los proyectos de pedido de informe llegan al recinto. En ese marco, Mercedes Land\u00edvar inform\u00f3 que la causa penal que se sigue por el caso se caratul\u00f3 &#8220;Rosales Silvana sobre Comisi\u00f3n de delitos de acci\u00f3n p\u00fablica&#8221;.<\/span><\/p>\n<p>&nbsp;<\/p>\n<p><span style=\"font-family: merriweather, georgia, times new roman, serif;\"><b>Quiebra y despu\u00e9s.<\/b><\/span><span style=\"font-family: merriweather, georgia, times new roman, serif;\">\u00a0Esta semana se conoci\u00f3 que el Juzgado Civil y Comercial N\u00ba 2 dict\u00f3 la quiebra de El Popular a pedido de un acreedor laboral. Con esa medida dispuesta y con la designaci\u00f3n de un s\u00edndico, el s\u00e1bado hubo movimientos en el edificio: se vio a varias personas retirando distintos elementos de la sede.\u00a0<a title=\"Y quedaron documentados, ac\u00e1 lo public\u00f3 Primera Info\" href=\"https:\/\/zcvrp-zgvfh.maillist-manage.com\/click\/1f099c43b6a71e1d\/1f099c43b6a724b1\" target=\"_blank\" rel=\"noopener\" data-saferedirecturl=\"https:\/\/www.google.com\/url?q=https:\/\/zcvrp-zgvfh.maillist-manage.com\/click\/1f099c43b6a71e1d\/1f099c43b6a724b1&amp;source=gmail&amp;ust=1689026097071000&amp;usg=AOvVaw2pHCvE6PAW0F57pYO91T9R\"><span style=\"color: #0001ee;\">Y quedaron documentados, ac\u00e1 lo public\u00f3 Primera Info<\/span><\/a>.<\/span>\u00a0En paralelo se confirm\u00f3 que en la Justicia Penal tambi\u00e9n avanza una causa contra el propietario de la empresa y director, Lucas Torres.<\/p>\n<p>&nbsp;<\/p>\n<div>\n<p><strong>Un extracto<\/strong><\/p>\n<\/div>\n<div>\n<p>&nbsp;<\/p>\n<p>Esta publicaci\u00f3n es parte de la edici\u00f3n de este domingo del newsletter Volver a las Fuentes que escriben Alexis Grierson y Josefina Bargas. La edici\u00f3n completa est\u00e1\u00a0<a href=\"https:\/\/t.co\/srGqInJ6Xj\" target=\"_blank\" rel=\"noopener\"><em>disponible aqu\u00ed<\/em>\u00a0<\/a>y tiene un sistema de suscripci\u00f3n econ\u00f3mica y aportes \u00fanicos al que se puede\u00a0<a href=\"https:\/\/linktr.ee\/nhdp_valf\" target=\"_blank\" rel=\"noopener\" data-saferedirecturl=\"https:\/\/www.google.com\/url?q=https:\/\/linktr.ee\/nhdp_valf&amp;source=gmail&amp;ust=1687214424461000&amp;usg=AOvVaw2iU5ya_F2ZpDDQ8tqXPAmC\">acceder aqu\u00ed<\/a>.<\/p>\n<\/div>\n","protected":false},"excerpt":{"rendered":"<p>Las primeras presentaciones, los primeros temas, las primeras perspectivas de la campa\u00f1a. \u00bfQu\u00e9 votos buscar\u00e1n los espacios radicales? A Endere<\/p>\n","protected":false},"author":2,"featured_media":85718,"comment_status":"closed","ping_status":"closed","sticky":false,"template":"","format":"standard","meta":{"_jetpack_memberships_contains_paid_content":false,"footnotes":""},"categories":[4,1],"tags":[],"class_list":["post-89713","post","type-post","status-publish","format-standard","has-post-thumbnail","hentry","category-politica","category-portada"],"jetpack_featured_media_url":"https:\/\/i0.wp.com\/cdnoticias.com\/wp-content\/uploads\/2023\/05\/campana-candidatos-3.jpg?fit=800%2C445&ssl=1","jetpack_sharing_enabled":true,"_links":{"self":[{"href":"https:\/\/cdnoticias.com\/index.php\/wp-json\/wp\/v2\/posts\/89713","targetHints":{"allow":["GET"]}}],"collection":[{"href":"https:\/\/cdnoticias.com\/index.php\/wp-json\/wp\/v2\/posts"}],"about":[{"href":"https:\/\/cdnoticias.com\/index.php\/wp-json\/wp\/v2\/types\/post"}],"author":[{"embeddable":true,"href":"https:\/\/cdnoticias.com\/index.php\/wp-json\/wp\/v2\/users\/2"}],"replies":[{"embeddable":true,"href":"https:\/\/cdnoticias.com\/index.php\/wp-json\/wp\/v2\/comments?post=89713"}],"version-history":[{"count":0,"href":"https:\/\/cdnoticias.com\/index.php\/wp-json\/wp\/v2\/posts\/89713\/revisions"}],"wp:featuredmedia":[{"embeddable":true,"href":"https:\/\/cdnoticias.com\/index.php\/wp-json\/wp\/v2\/media\/85718"}],"wp:attachment":[{"href":"https:\/\/cdnoticias.com\/index.php\/wp-json\/wp\/v2\/media?parent=89713"}],"wp:term":[{"taxonomy":"category","embeddable":true,"href":"https:\/\/cdnoticias.com\/index.php\/wp-json\/wp\/v2\/categories?post=89713"},{"taxonomy":"post_tag","embeddable":true,"href":"https:\/\/cdnoticias.com\/index.php\/wp-json\/wp\/v2\/tags?post=89713"}],"curies":[{"name":"wp","href":"https:\/\/api.w.org\/{rel}","templated":true}]}}