{"id":89597,"date":"2023-07-08T18:21:30","date_gmt":"2023-07-08T21:21:30","guid":{"rendered":"https:\/\/www.centraldenoticias.com.ar\/?p=89597"},"modified":"2023-07-08T18:21:30","modified_gmt":"2023-07-08T21:21:30","slug":"segunda-edicion-de-la-cena-anual-de-bomberos-voluntarios-de-olavarria","status":"publish","type":"post","link":"https:\/\/cdnoticias.com\/index.php\/2023\/07\/08\/segunda-edicion-de-la-cena-anual-de-bomberos-voluntarios-de-olavarria\/","title":{"rendered":"Segunda edici\u00f3n de la Cena Anual de Bomberos Voluntarios de Olavarr\u00eda"},"content":{"rendered":"<p>El evento ser\u00e1 el 5 de agosto en el Centro de Exposiciones Municipal de Olavarr\u00eda (CEMO) a partir de las 21 horas. Entradas a la venta. <!--more--><\/p>\n<hr \/>\n<p>Comenz\u00f3 la <strong>venta las entradas<\/strong> para la segunda edici\u00f3n de la <strong>Cena y Fiesta Anual de la Asociaci\u00f3n de Bomberos Voluntarios de Olavarr\u00eda. <\/strong><\/p>\n<p>&nbsp;<\/p>\n<p>El evento tendr\u00e1 lugar el pr\u00f3ximo<strong> 5 de agosto<\/strong> en el <strong>Centro de Exposiciones Municipal de Olavarr\u00eda<\/strong> (CEMO) a partir de las 21 horas.\u00a0En cuanto a detalles del evento, participar\u00e1n de ella un <strong>grupo musical nacional, bandas locales <\/strong>y se desarrollar\u00e1 en el transcurso de la noche un <strong>desfile de moda.<\/strong><\/p>\n<p>&nbsp;<\/p>\n<p>Adem\u00e1s, con la compra de la entrada, estar\u00e1n participando del<strong> sorteo por un viaje a Puerto Iguaz\u00fa para dos personas, con hotel y pasajes incluidos.<\/strong><\/p>\n<p>&nbsp;<\/p>\n<p>Las personas interesadas en adquirir entradas podr\u00e1n acercase a las instalaciones del Cuartel Central, ubicada en avenida Col\u00f3n.<\/p>\n","protected":false},"excerpt":{"rendered":"<p>El evento ser\u00e1 el 5 de agosto en el Centro de Exposiciones Municipal de Olavarr\u00eda (CEMO) a partir de las<\/p>\n","protected":false},"author":6,"featured_media":4753,"comment_status":"closed","ping_status":"closed","sticky":false,"template":"","format":"standard","meta":{"_jetpack_memberships_contains_paid_content":false,"footnotes":""},"categories":[5,1],"tags":[],"class_list":["post-89597","post","type-post","status-publish","format-standard","has-post-thumbnail","hentry","category-informacion-general","category-portada"],"jetpack_featured_media_url":"https:\/\/i0.wp.com\/cdnoticias.com\/wp-content\/uploads\/2020\/10\/bomberosvoluntarios02.jpg?fit=4608%2C3072&ssl=1","jetpack_sharing_enabled":true,"_links":{"self":[{"href":"https:\/\/cdnoticias.com\/index.php\/wp-json\/wp\/v2\/posts\/89597","targetHints":{"allow":["GET"]}}],"collection":[{"href":"https:\/\/cdnoticias.com\/index.php\/wp-json\/wp\/v2\/posts"}],"about":[{"href":"https:\/\/cdnoticias.com\/index.php\/wp-json\/wp\/v2\/types\/post"}],"author":[{"embeddable":true,"href":"https:\/\/cdnoticias.com\/index.php\/wp-json\/wp\/v2\/users\/6"}],"replies":[{"embeddable":true,"href":"https:\/\/cdnoticias.com\/index.php\/wp-json\/wp\/v2\/comments?post=89597"}],"version-history":[{"count":0,"href":"https:\/\/cdnoticias.com\/index.php\/wp-json\/wp\/v2\/posts\/89597\/revisions"}],"wp:featuredmedia":[{"embeddable":true,"href":"https:\/\/cdnoticias.com\/index.php\/wp-json\/wp\/v2\/media\/4753"}],"wp:attachment":[{"href":"https:\/\/cdnoticias.com\/index.php\/wp-json\/wp\/v2\/media?parent=89597"}],"wp:term":[{"taxonomy":"category","embeddable":true,"href":"https:\/\/cdnoticias.com\/index.php\/wp-json\/wp\/v2\/categories?post=89597"},{"taxonomy":"post_tag","embeddable":true,"href":"https:\/\/cdnoticias.com\/index.php\/wp-json\/wp\/v2\/tags?post=89597"}],"curies":[{"name":"wp","href":"https:\/\/api.w.org\/{rel}","templated":true}]}}