{"id":8948,"date":"2020-12-14T16:05:50","date_gmt":"2020-12-14T19:05:50","guid":{"rendered":"http:\/\/www.centraldenoticias.com.ar\/?p=8948"},"modified":"2020-12-14T18:08:36","modified_gmt":"2020-12-14T21:08:36","slug":"alerta-por-vientos-las-rafagas-llegan-a-los-70-kilometros-por-hora","status":"publish","type":"post","link":"https:\/\/cdnoticias.com\/index.php\/2020\/12\/14\/alerta-por-vientos-las-rafagas-llegan-a-los-70-kilometros-por-hora\/","title":{"rendered":"Alerta por vientos: Las r\u00e1fagas llegan a los 70 kil\u00f3metros por hora"},"content":{"rendered":"<p>As\u00ed fue narrado a Central de Noticias desde la Estaci\u00f3n Meteorol\u00f3gica local. Con el correr de las horas, y rotaci\u00f3n hacia el sur, disminuir\u00edan los vientos.<\/p>\n<p><!--more--><\/p>\n<hr \/>\n<p><strong>Olavarr\u00eda y parte del centro bonaerense nuevamente est\u00e1n en Alerta Amarilla por fuentes vientos<\/strong>, tal cual puede apreciarse desde la reciente secci\u00f3n en el sitio oficial del Servicio Meteorol\u00f3gico Nacional.<\/p>\n<p>&nbsp;<\/p>\n<p><strong>\u201cLa regi\u00f3n ser\u00e1 afectada por vientos del sector oeste con intensidades entre 40 y 60 km\/h con r\u00e1fagas de hasta 70 km\/h rotando luego al sector sur manteniendo las mismas velocidades\u201d<\/strong>, puede leerse en el apartado en el que tambi\u00e9n se incluyen las ciudades vecinas de Laprida y General La Madrid.<\/p>\n<p>&nbsp;<\/p>\n<p>En di\u00e1logo con <em><strong>Central de Noticias<\/strong><\/em> desde la Estaci\u00f3n Meteorol\u00f3gica se detall\u00f3 que se ha cumplido a rajatabla ese pron\u00f3stico ya que las <strong>r\u00e1fagas m\u00e1ximas registradas alrededor de las 16 alcanzaron los 70 km\/h, adem\u00e1s de una velocidad constante en los 40 km\/h<\/strong>.<\/p>\n<p>&nbsp;<\/p>\n<p><img data-recalc-dims=\"1\" loading=\"lazy\" decoding=\"async\" class=\"alignnone size-large wp-image-8950\" src=\"https:\/\/i0.wp.com\/cdnoticias.com\/wp-content\/uploads\/2020\/12\/pronos-2.jpg?resize=800%2C390&#038;ssl=1\" alt=\"\" width=\"800\" height=\"390\" srcset=\"https:\/\/i0.wp.com\/cdnoticias.com\/wp-content\/uploads\/2020\/12\/pronos-2.jpg?resize=1024%2C499&amp;ssl=1 1024w, https:\/\/i0.wp.com\/cdnoticias.com\/wp-content\/uploads\/2020\/12\/pronos-2.jpg?resize=300%2C146&amp;ssl=1 300w, https:\/\/i0.wp.com\/cdnoticias.com\/wp-content\/uploads\/2020\/12\/pronos-2.jpg?resize=768%2C374&amp;ssl=1 768w, https:\/\/i0.wp.com\/cdnoticias.com\/wp-content\/uploads\/2020\/12\/pronos-2.jpg?w=1234&amp;ssl=1 1234w\" sizes=\"auto, (max-width: 800px) 100vw, 800px\" \/><\/p>\n<p>&nbsp;<\/p>\n<p>Vale destacar, afortunadamente, que <strong>el alerta se extender\u00e1 \u00fanicamente hasta la noche ya que, debido a la rotaci\u00f3n hacia el sur, se espera que la velocidad de los vientos disminuyan<\/strong>.<\/p>\n<p>&nbsp;<\/p>\n<p>En lo que refiere a Olavarr\u00eda en particular, <strong>si bien con un porcentaje muy bajo, hay una probabilidad de lluvias aisladas para la noche de este lunes<\/strong>. Para la continuidad de la semana se esperan d\u00edas despejadas pero no tan calurosos como la semana pasada, las lluvias, no obstante, podr\u00edan retornar a partir del jueves.<\/p>\n","protected":false},"excerpt":{"rendered":"<p>As\u00ed fue narrado a Central de Noticias desde la Estaci\u00f3n Meteorol\u00f3gica local. Con el correr de las horas, y rotaci\u00f3n<\/p>\n","protected":false},"author":3,"featured_media":8949,"comment_status":"closed","ping_status":"closed","sticky":false,"template":"","format":"standard","meta":{"_jetpack_memberships_contains_paid_content":false,"footnotes":""},"categories":[5],"tags":[],"class_list":["post-8948","post","type-post","status-publish","format-standard","has-post-thumbnail","hentry","category-informacion-general"],"jetpack_featured_media_url":"https:\/\/i0.wp.com\/cdnoticias.com\/wp-content\/uploads\/2020\/12\/prnos01.jpg?fit=842%2C550&ssl=1","jetpack_sharing_enabled":true,"_links":{"self":[{"href":"https:\/\/cdnoticias.com\/index.php\/wp-json\/wp\/v2\/posts\/8948","targetHints":{"allow":["GET"]}}],"collection":[{"href":"https:\/\/cdnoticias.com\/index.php\/wp-json\/wp\/v2\/posts"}],"about":[{"href":"https:\/\/cdnoticias.com\/index.php\/wp-json\/wp\/v2\/types\/post"}],"author":[{"embeddable":true,"href":"https:\/\/cdnoticias.com\/index.php\/wp-json\/wp\/v2\/users\/3"}],"replies":[{"embeddable":true,"href":"https:\/\/cdnoticias.com\/index.php\/wp-json\/wp\/v2\/comments?post=8948"}],"version-history":[{"count":0,"href":"https:\/\/cdnoticias.com\/index.php\/wp-json\/wp\/v2\/posts\/8948\/revisions"}],"wp:featuredmedia":[{"embeddable":true,"href":"https:\/\/cdnoticias.com\/index.php\/wp-json\/wp\/v2\/media\/8949"}],"wp:attachment":[{"href":"https:\/\/cdnoticias.com\/index.php\/wp-json\/wp\/v2\/media?parent=8948"}],"wp:term":[{"taxonomy":"category","embeddable":true,"href":"https:\/\/cdnoticias.com\/index.php\/wp-json\/wp\/v2\/categories?post=8948"},{"taxonomy":"post_tag","embeddable":true,"href":"https:\/\/cdnoticias.com\/index.php\/wp-json\/wp\/v2\/tags?post=8948"}],"curies":[{"name":"wp","href":"https:\/\/api.w.org\/{rel}","templated":true}]}}