{"id":89469,"date":"2023-07-08T18:21:54","date_gmt":"2023-07-08T21:21:54","guid":{"rendered":"https:\/\/www.centraldenoticias.com.ar\/?p=89469"},"modified":"2023-07-08T18:21:54","modified_gmt":"2023-07-08T21:21:54","slug":"campana-de-vacunacion-en-vacaciones-de-invierno","status":"publish","type":"post","link":"https:\/\/cdnoticias.com\/index.php\/2023\/07\/08\/campana-de-vacunacion-en-vacaciones-de-invierno\/","title":{"rendered":"Campa\u00f1a de vacunaci\u00f3n en vacaciones de invierno"},"content":{"rendered":"<p>La campa\u00f1a ser\u00e1 del 17 al 29 de julio. La Direcci\u00f3n de Epidemiolog\u00eda destac\u00f3 que todos los centros de salud tienen a disposici\u00f3n tambi\u00e9n la vacuna contra el Covid 19.<!--more--><\/p>\n<hr \/>\n<p>La Direcci\u00f3n de Epidemiolog\u00eda record\u00f3 la importancia de <strong>mantener completos los esquemas de vacunaci\u00f3n<\/strong>.<\/p>\n<p>&nbsp;<\/p>\n<p><em>&#8220;Es nuestra responsabilidad y obligaci\u00f3n que nos apliquemos las vacunas que nos corresponden durante todas las etapas de la vida, as\u00ed como tambi\u00e9n acompa\u00f1ar a los m\u00e1s peque\u00f1os en este proceso, para evitar enfermarnos y contagiar a nuestra familia y otras personas&#8221;<\/em> expresaron desde el \u00e1rea.<\/p>\n<p>&nbsp;<\/p>\n<p>En este marco, la mencionada dependencia sanitaria ha dise\u00f1ado una<strong> campa\u00f1a de vacunaci\u00f3n que regir\u00e1 durante el per\u00edodo de vacaciones de invierno<\/strong> (17 al 29 de julio). Se invit\u00f3 a la comunidad a acercarse al Banco de Leche o al centro de salud m\u00e1s cercano al domicilio para chequear la libreta sanitaria y completar esquemas.<\/p>\n<p>&nbsp;<\/p>\n<p><strong>Horarios de atenci\u00f3n<\/strong><\/p>\n<ul>\n<li>Casco urbano: vacunatorio del Hospital Municipal \u201cDr. H\u00e9ctor M. Cura\u201d: Lunes a viernes 8 a 14.<\/li>\n<li>Zona serrana: Hospitales de Sierras Bayas e Hinojo, CAPS N\u00b0 9 Colonia San Miguel, CAPS N.\u00ba 4 Sierra Chica: Lunes a viernes 8 a 14.<\/li>\n<li>Zona rural: Hospital de Espigas, CAPS N.\u00ba 13 Blanca Grande, CAPS N.\u00ba 14 Recalde: Lunes a viernes 8 a 14.<\/li>\n<li>Centro de Inmunizaciones Banco de Leche: Lunes a viernes 8 a 14 horas, s\u00e1bados de 8:30 a 12:30.<\/li>\n<\/ul>\n<p>&nbsp;<\/p>\n<p>Por \u00faltimo, cabe destacar que todos los centros de salud tienen a disposici\u00f3n tambi\u00e9n la <strong>vacuna contra el Covid 19.<\/strong><\/p>\n<p>&nbsp;<\/p>\n","protected":false},"excerpt":{"rendered":"<p>La campa\u00f1a ser\u00e1 del 17 al 29 de julio. La Direcci\u00f3n de Epidemiolog\u00eda destac\u00f3 que todos los centros de salud<\/p>\n","protected":false},"author":6,"featured_media":35937,"comment_status":"closed","ping_status":"closed","sticky":false,"template":"","format":"standard","meta":{"_jetpack_memberships_contains_paid_content":false,"footnotes":""},"categories":[5,1],"tags":[],"class_list":["post-89469","post","type-post","status-publish","format-standard","has-post-thumbnail","hentry","category-informacion-general","category-portada"],"jetpack_featured_media_url":"https:\/\/i0.wp.com\/cdnoticias.com\/wp-content\/uploads\/2021\/10\/Salud-Vacunacion.jpg?fit=624%2C454&ssl=1","jetpack_sharing_enabled":true,"_links":{"self":[{"href":"https:\/\/cdnoticias.com\/index.php\/wp-json\/wp\/v2\/posts\/89469","targetHints":{"allow":["GET"]}}],"collection":[{"href":"https:\/\/cdnoticias.com\/index.php\/wp-json\/wp\/v2\/posts"}],"about":[{"href":"https:\/\/cdnoticias.com\/index.php\/wp-json\/wp\/v2\/types\/post"}],"author":[{"embeddable":true,"href":"https:\/\/cdnoticias.com\/index.php\/wp-json\/wp\/v2\/users\/6"}],"replies":[{"embeddable":true,"href":"https:\/\/cdnoticias.com\/index.php\/wp-json\/wp\/v2\/comments?post=89469"}],"version-history":[{"count":0,"href":"https:\/\/cdnoticias.com\/index.php\/wp-json\/wp\/v2\/posts\/89469\/revisions"}],"wp:featuredmedia":[{"embeddable":true,"href":"https:\/\/cdnoticias.com\/index.php\/wp-json\/wp\/v2\/media\/35937"}],"wp:attachment":[{"href":"https:\/\/cdnoticias.com\/index.php\/wp-json\/wp\/v2\/media?parent=89469"}],"wp:term":[{"taxonomy":"category","embeddable":true,"href":"https:\/\/cdnoticias.com\/index.php\/wp-json\/wp\/v2\/categories?post=89469"},{"taxonomy":"post_tag","embeddable":true,"href":"https:\/\/cdnoticias.com\/index.php\/wp-json\/wp\/v2\/tags?post=89469"}],"curies":[{"name":"wp","href":"https:\/\/api.w.org\/{rel}","templated":true}]}}