{"id":8944,"date":"2020-12-14T15:32:06","date_gmt":"2020-12-14T18:32:06","guid":{"rendered":"http:\/\/www.centraldenoticias.com.ar\/?p=8944"},"modified":"2020-12-14T15:33:21","modified_gmt":"2020-12-14T18:33:21","slug":"aborto-acciones-para-pedir-la-sancion-del-proyecto-en-el-senado","status":"publish","type":"post","link":"https:\/\/cdnoticias.com\/index.php\/2020\/12\/14\/aborto-acciones-para-pedir-la-sancion-del-proyecto-en-el-senado\/","title":{"rendered":"Aborto: acciones para pedir la sanci\u00f3n del proyecto en el Senado"},"content":{"rendered":"<p>&nbsp;<\/p>\n<p>Bajo la consigna &#8220;\u00a1Hasta que sea ley!&#8221;, la Campa\u00f1a Nacional por el Derecho al Aborto Legal, Seguro y Gratuito organiza actividades en paralelo a las reuniones de comisiones parlamentarias. En tanto Amnist\u00eda Internacional impulsa un &#8220;tuitazo&#8221; con el hashtag #EsAhoraSenado.<!--more--><\/p>\n<hr \/>\n<p>La <strong>Campa\u00f1a Nacional por el Derecho al Aborto Legal, Seguro y Gratuito<\/strong>, y la organizaci\u00f3n <strong>Amnist\u00eda Internacional<\/strong> iniciaron este lunes una serie de acciones, que se desplegar\u00e1n tanto en redes sociales como en las calles, programadas para reclamar la sanci\u00f3n definitiva del proyecto de Ley de Interrupci\u00f3n Voluntaria del Embarazo, que este lunes comenzar\u00e1 a ser analizado en un plenario de comisiones del Senado.<\/p>\n<p>&nbsp;<\/p>\n<p><em>&#8220;<strong>La democracia argentina est\u00e1 a punto de cumplir su deuda con nosotras y nosotres.<\/strong> Tras la aprobaci\u00f3n en la C\u00e1mara de Diputados de la legalizaci\u00f3n del aborto voluntario estamos m\u00e1s cerca de que mujeres, ni\u00f1as y otras personas con capacidad de gestar puedan ejercer verdaderamente todos sus derechos y decidir sobre sus propios cuerpos y sus propios proyectos de vida&#8221;<\/em>, se\u00f1al\u00f3 la Campa\u00f1a en su comunicado.<\/p>\n<p>&nbsp;<\/p>\n<p>Bajo la consigna<strong><em>\u00a0&#8220;\u00a1Hasta que sea ley!&#8221;<\/em><\/strong>, el colectivo tiene previstas actividades para este <strong>lunes, martes y mi\u00e9rcoles<\/strong>, d\u00edas durante los cuales tendr\u00e1n lugar las reuniones del plenario de comisiones que analizar\u00e1 la iniciativa, que son las de Justicia y Asuntos Penales, Salud y Banca de la Mujer.<\/p>\n<p>&nbsp;<\/p>\n<p>En tanto, para el<strong> jueves<\/strong> est\u00e1n prevista <em>&#8220;acciones presenciales en el Congreso de la Naci\u00f3n y en las plazas principales de cada provincia a la espera del dictamen&#8221;.<\/em><\/p>\n<p>&nbsp;<\/p>\n<p>Por otra parte, de cara a la jornada de debate del proyecto de Ley de Interrupci\u00f3n Voluntaria de Embarazo en el recinto, que en principio ser\u00eda <strong>el 29 de diciembre<\/strong>, fue anunciada <em>&#8220;una vigilia federal para esperar la sanci\u00f3n definitiva de esta demanda popular, cuyo objetivo principal es el reconocimiento pleno de los derechos humanos de todas las personas que habitan el suelo argentino&#8221;.<\/em><\/p>\n<p>&nbsp;<\/p>\n<p>Por su parte, <strong>Amnist\u00eda Internacional<\/strong> (AI), junto a la Campa\u00f1a, lleva adelante este lunes un<strong> &#8220;tuitazo&#8221; bajo el hashtag #EsAhoraSenado.<\/strong><\/p>\n<p>&nbsp;<\/p>\n<p>Adem\u00e1s, lanz\u00f3 un <strong>petitorio online<\/strong> para recolectar firmas a favor de la aprobaci\u00f3n del proyecto y que cada una de estas adhesiones les lleguen a los senadores y senadoras que tratar\u00e1n la iniciativa.<\/p>\n<p>&nbsp;<\/p>\n<p><em>&#8220;La despenalizaci\u00f3n del aborto es un compromiso de derechos humanos y los Estados est\u00e1n obligados a revisar todas las normas que restrinjan el acceso de las mujeres a los servicios de salud reproductiva&#8221;<\/em>, dice la petici\u00f3n.<\/p>\n<p>&nbsp;<\/p>\n<p>Hasta el momento,<strong> 243.668 personas firmaron el petitorio<\/strong> que incluye nueve razones por las cuales el proyecto debiera convertirse en ley.<\/p>\n<p>&nbsp;<\/p>\n<p>Fuente: T\u00e9lam<\/p>\n","protected":false},"excerpt":{"rendered":"<p>&nbsp; Bajo la consigna &#8220;\u00a1Hasta que sea ley!&#8221;, la Campa\u00f1a Nacional por el Derecho al Aborto Legal, Seguro y Gratuito<\/p>\n","protected":false},"author":5,"featured_media":8048,"comment_status":"closed","ping_status":"closed","sticky":false,"template":"","format":"standard","meta":{"_jetpack_memberships_contains_paid_content":false,"footnotes":""},"categories":[3,1],"tags":[],"class_list":["post-8944","post","type-post","status-publish","format-standard","has-post-thumbnail","hentry","category-genero","category-portada"],"jetpack_featured_media_url":"https:\/\/i0.wp.com\/cdnoticias.com\/wp-content\/uploads\/2020\/12\/Marcha-8M19-3-aborto-legal-696x522.jpg?fit=696%2C522&ssl=1","jetpack_sharing_enabled":true,"_links":{"self":[{"href":"https:\/\/cdnoticias.com\/index.php\/wp-json\/wp\/v2\/posts\/8944","targetHints":{"allow":["GET"]}}],"collection":[{"href":"https:\/\/cdnoticias.com\/index.php\/wp-json\/wp\/v2\/posts"}],"about":[{"href":"https:\/\/cdnoticias.com\/index.php\/wp-json\/wp\/v2\/types\/post"}],"author":[{"embeddable":true,"href":"https:\/\/cdnoticias.com\/index.php\/wp-json\/wp\/v2\/users\/5"}],"replies":[{"embeddable":true,"href":"https:\/\/cdnoticias.com\/index.php\/wp-json\/wp\/v2\/comments?post=8944"}],"version-history":[{"count":0,"href":"https:\/\/cdnoticias.com\/index.php\/wp-json\/wp\/v2\/posts\/8944\/revisions"}],"wp:featuredmedia":[{"embeddable":true,"href":"https:\/\/cdnoticias.com\/index.php\/wp-json\/wp\/v2\/media\/8048"}],"wp:attachment":[{"href":"https:\/\/cdnoticias.com\/index.php\/wp-json\/wp\/v2\/media?parent=8944"}],"wp:term":[{"taxonomy":"category","embeddable":true,"href":"https:\/\/cdnoticias.com\/index.php\/wp-json\/wp\/v2\/categories?post=8944"},{"taxonomy":"post_tag","embeddable":true,"href":"https:\/\/cdnoticias.com\/index.php\/wp-json\/wp\/v2\/tags?post=8944"}],"curies":[{"name":"wp","href":"https:\/\/api.w.org\/{rel}","templated":true}]}}