{"id":89429,"date":"2023-07-06T17:10:12","date_gmt":"2023-07-06T20:10:12","guid":{"rendered":"https:\/\/www.centraldenoticias.com.ar\/?p=89429"},"modified":"2023-07-06T17:10:12","modified_gmt":"2023-07-06T20:10:12","slug":"ceremonia-de-horneado-de-obras-en-el-curso-de-ceramica-utilitaria-de-unicen","status":"publish","type":"post","link":"https:\/\/cdnoticias.com\/index.php\/2023\/07\/06\/ceremonia-de-horneado-de-obras-en-el-curso-de-ceramica-utilitaria-de-unicen\/","title":{"rendered":"\u201cCeremonia de horneado de obras\u201d en el curso de Cer\u00e1mica Utilitaria de UNICEN"},"content":{"rendered":"<p>Tendr\u00e1 lugar el pr\u00f3ximo s\u00e1bado 8 de julio de 10 a 17 horas en el Centro Cultural Universitario.<\/p>\n<p><!--more--><\/p>\n<hr \/>\n<p>El <strong>curso de Cer\u00e1mica Utilitaria<\/strong> de la <strong>Escuela de Formaci\u00f3n Profesional UNICEN<\/strong> en Olavarr\u00eda realizar\u00e1 una <strong>&#8220;ceremonia de horneado de obras&#8221;<\/strong> en una jornada abierta a toda la comunidad.<\/p>\n<p>&nbsp;<\/p>\n<p>La actividad tendr\u00e1 lugar en el <strong>s\u00e1bado 8 de julio de 10 a 17 horas<\/strong> en el <strong>Centro Cultural Universitario<\/strong>, ubicado en calle San Mart\u00edn n\u00b01955.<\/p>\n<p>&nbsp;<\/p>\n<p>El curso est\u00e1 a cargo del <strong>docente y escultor Mauricio D &#8216;Amico<\/strong> y se desarroll\u00f3 entre los meses abril y junio de este a\u00f1o.<\/p>\n<p>&nbsp;<\/p>\n<p>Durante esta actividad abierta a la comunidad<strong> se realizar\u00e1 el horneado de las piezas producidas por las y los estudiantes del curso<\/strong>, se proyectar\u00e1 el documental &#8220;Legado de razas. Otras m\u00e1scaras&#8221; y se plantar\u00e1 un frutal en el patio del predio.<\/p>\n<p>&nbsp;<\/p>\n","protected":false},"excerpt":{"rendered":"<p>Tendr\u00e1 lugar el pr\u00f3ximo s\u00e1bado 8 de julio de 10 a 17 horas en el Centro Cultural Universitario.<\/p>\n","protected":false},"author":4,"featured_media":89431,"comment_status":"closed","ping_status":"closed","sticky":false,"template":"","format":"standard","meta":{"_jetpack_memberships_contains_paid_content":false,"footnotes":""},"categories":[9,1],"tags":[],"class_list":["post-89429","post","type-post","status-publish","format-standard","has-post-thumbnail","hentry","category-cultura","category-portada"],"jetpack_featured_media_url":"https:\/\/i0.wp.com\/cdnoticias.com\/wp-content\/uploads\/2023\/07\/ceramica-horneado.jpg?fit=670%2C372&ssl=1","jetpack_sharing_enabled":true,"_links":{"self":[{"href":"https:\/\/cdnoticias.com\/index.php\/wp-json\/wp\/v2\/posts\/89429","targetHints":{"allow":["GET"]}}],"collection":[{"href":"https:\/\/cdnoticias.com\/index.php\/wp-json\/wp\/v2\/posts"}],"about":[{"href":"https:\/\/cdnoticias.com\/index.php\/wp-json\/wp\/v2\/types\/post"}],"author":[{"embeddable":true,"href":"https:\/\/cdnoticias.com\/index.php\/wp-json\/wp\/v2\/users\/4"}],"replies":[{"embeddable":true,"href":"https:\/\/cdnoticias.com\/index.php\/wp-json\/wp\/v2\/comments?post=89429"}],"version-history":[{"count":0,"href":"https:\/\/cdnoticias.com\/index.php\/wp-json\/wp\/v2\/posts\/89429\/revisions"}],"wp:featuredmedia":[{"embeddable":true,"href":"https:\/\/cdnoticias.com\/index.php\/wp-json\/wp\/v2\/media\/89431"}],"wp:attachment":[{"href":"https:\/\/cdnoticias.com\/index.php\/wp-json\/wp\/v2\/media?parent=89429"}],"wp:term":[{"taxonomy":"category","embeddable":true,"href":"https:\/\/cdnoticias.com\/index.php\/wp-json\/wp\/v2\/categories?post=89429"},{"taxonomy":"post_tag","embeddable":true,"href":"https:\/\/cdnoticias.com\/index.php\/wp-json\/wp\/v2\/tags?post=89429"}],"curies":[{"name":"wp","href":"https:\/\/api.w.org\/{rel}","templated":true}]}}