{"id":89401,"date":"2023-07-06T09:01:09","date_gmt":"2023-07-06T12:01:09","guid":{"rendered":"https:\/\/www.centraldenoticias.com.ar\/?p=89401"},"modified":"2023-07-06T09:01:09","modified_gmt":"2023-07-06T12:01:09","slug":"diputados-debatieron-la-ampliacion-de-licencias-maternales-paternales-y-parentales","status":"publish","type":"post","link":"https:\/\/cdnoticias.com\/index.php\/2023\/07\/06\/diputados-debatieron-la-ampliacion-de-licencias-maternales-paternales-y-parentales\/","title":{"rendered":"Diputados debatieron la ampliaci\u00f3n de licencias maternales, paternales y parentales"},"content":{"rendered":"<p>Con la participaci\u00f3n de representantes sindicales y sociales, las comisiones de Legislaci\u00f3n y Trabajo y Mujeres y Diversidad concentraron un nuevo debate sobre el tema.<!--more--><\/p>\n<hr \/>\n<p>Las comisiones de<strong> Legislaci\u00f3n de Trabajo y Mujeres y Diversidad<\/strong>, que presiden las <strong>diputadas Vanesa Siley y M\u00f3nica Macha (FdT)<\/strong> respectivamente, encabezaron una nueva jornada con eje en la modificaci\u00f3n de las licencias laborales de cuidado, extensivas tanto para trabajadores gestantes como no gestantes. El encuentro cont\u00f3 con la participaci\u00f3n de exponentes de distintos sectores sociales como las centrales sindicales: <strong>CGT y CTA de los Trabajadores, representantes de la Uni\u00f3n Industrial Argentina (UIA) y la Red Nacional de Cooperativas de Cuidados nucleadas en la Conarcoop.<\/strong><\/p>\n<p>&nbsp;<\/p>\n<p>En primer lugar, la<strong> diputada Siley<\/strong> record\u00f3 al abogado Norberto Centeno, responsable en 1974 del proyecto de ley de contrato de trabajo \u2013 a\u00fan vigente en la Argentina &#8211; y uno de los juristas desaparecidos por la \u00faltima dictadura c\u00edvico-militar en \u201cLa Noche de las Corbatas Largas\u201d. Siley evoc\u00f3 que \u201ceste tema de licencias parentales tuvo dictamen 4 veces en la historia parlamentaria (2006, 2008, 2013 y 2014), y media sanci\u00f3n una \u00fanica vez en el 2006\u201d, al tiempo que ponder\u00f3 que \u201cambas comisiones llevan tratados m\u00e1s de 54 proyectos de modificaci\u00f3n a la ley de contrato de trabajo, en lo que respecta a licencias parentales y licencias especiales\u201d.<\/p>\n<p>&nbsp;<\/p>\n<p>El inicio de la ronda expositora correspondi\u00f3 a la ministra de las <strong>Mujeres, Pol\u00edticas de G\u00e9nero y Diversidad Sexual de la provincia de Buenos Aires, Estela D\u00edaz.<\/strong> Si bien reconoci\u00f3 como \u201cpionera en la regi\u00f3n\u201d a la ley formulada por Centeno, la ministra advirti\u00f3 que \u201ctodav\u00eda representa un concepto discriminador, que reconoce el cuidado exclusivamente para las mujeres\u201d. En contrapartida, D\u00edaz calific\u00f3 como excelente al borrador actual, \u201cporque no solo trata las licencias especiales, y recoge la ampliaci\u00f3n de las licencias para personas gestantes y no gestantes, sino que adem\u00e1s toma el reconocimiento de las nuevas familias en esta sociedad m\u00e1s diversa y compleja\u201d. Finalmente, la ministra resalt\u00f3 \u201c<strong>el reconocimiento de la licencia para padres y personas no gestantes en el proceso educativo y en la crianza\u201d<\/strong>, en l\u00ednea con el agregado de las licencias por violencia de g\u00e9nero, por lo que inst\u00f3 a los representantes parlamentarios a no perderse esta enorme e hist\u00f3rica oportunidad, \u201cporque reproducir la vida y cuidarla es una tarea del conjunto de la sociedad\u201d.<\/p>\n<p>&nbsp;<\/p>\n<p>A su turno, <strong>Juan Jos\u00e9 Etala<\/strong>, presidente del <strong>\u00c1rea de Pol\u00edtica Social de la Uni\u00f3n Industrial Argentina (UIA)<\/strong>, se diferenci\u00f3 de la postura de D\u00edaz al teorizar que \u201ceste proyecto preliminar, a pesar de sus numerosos y mayores derechos, tiene un problema de origen, o, mejor dicho, en las consecuencias, que es qui\u00e9nes lo pagan\u201d. Etala manifest\u00f3<strong> \u201cuna profunda preocupaci\u00f3n por el impacto fiscal del proyecto\u201d,<\/strong> a la vez que denunci\u00f3 que \u201clos trabajadores no hacen un solo aporte para las asignaciones familiares, ni son un beneficio que otorga graciosamente el Estado, sino que la pagan los empleadores, quienes hist\u00f3ricamente hemos hecho aportes al sistema de seguridad social\u201d. El referente de la UIA teoriz\u00f3 que los potenciales beneficios de las modificaciones se limitar\u00edan a los empleadores formales, \u201cpor lo que el 38 o el 40 por ciento de los trabajadores no van a tener acceso, y otro 38 por ciento de empresas no lo podr\u00e1n conceder, por lo que los mayores costos, en merced de mayores beneficios, siempre caen en las mismas empresas, y es algo que no nos parece equitativo\u201d.<\/p>\n<p>&nbsp;<\/p>\n<p>Encolumnado al posicionamiento de Etala, el <strong>presidente del movimiento nacional pyme (MoNaPi), Alejandro Bestani<\/strong>, describi\u00f3 como necesario \u201c<strong>pausar este proyecto<\/strong>, encontrando primero la salida al desastre de la pobreza, con la generaci\u00f3n de 8 millones de empleo m\u00e1s, y con una expansi\u00f3n del PBI\u201d. \u201cPor eso, para corregir este terrible y peligroso desvio, venimos a proponer una nueva ley pyme que resolver\u00e1 el problema de la pobreza y estos derechos que estamos hablando\u201d, formul\u00f3 el titular de MoNaPi.<\/p>\n<p>&nbsp;<\/p>\n<p>En contrapartida a la postura referenciada en Etala y Bestani, hicieron uso de la palabra <strong>Karina Moyano, Secretaria General Adjunta de las 62 Organizaciones Peronistas y Secretaria de G\u00e9nero de Camioneros, y Josefa \u00c1vila, exponente de la Red Nacional de Cooperativas de Cuidados Domiciliarios.<\/strong><\/p>\n<p>&nbsp;<\/p>\n<p>Moyano exigi\u00f3 a la parte empresarial \u201cque entienda la situaci\u00f3n del pa\u00eds y piense con la cabeza y el coraz\u00f3n, pensando en una Argentina mejor. <strong>El cambio no es s\u00f3lo para el bolsillo de algunos, sino para todas y todos, como corresponde<\/strong>\u201d, sentenci\u00f3 la referente gremial, quien celebr\u00f3 \u201clas palabras nuevas que ampl\u00edan conceptos, porque<strong> se trata darle el mismo derecho a la persona que gesta y no gesta, al padre adoptivo que al biol\u00f3gico<\/strong>\u201d.\u00a0 En ese sentido, Josefa \u00c1vila remarc\u00f3 que \u201ces la primera vez que el Estado mira, a trav\u00e9s de este proyecto, una legislaci\u00f3n que cuida al que cuida, sobre todo a las personas gestantes y no gestantes mediante las licencias inscriptas en el dictamen\u201d. \u201cNecesitamos un pa\u00eds m\u00e1s justo, donde todes les trabajadores puedan gozar de los mismos derechos\u201d, a\u00f1adi\u00f3 \u00c1vila, en representaci\u00f3n de m\u00e1s de 50 organizaciones de cuidados de la econom\u00eda social y solidaria, asociaciones civiles, fundaciones y otros actrices y actores de la sociedad civil\u201d.<\/p>\n<p>&nbsp;<\/p>\n<p>Finalmente, Macha anticip\u00f3 que \u201cla semana que viene convocaremos a asesores nuevamente, trataremos de arribar a los mayores consensos\u201d. \u201cLuego del receso invernal volveremos a convocar para la dictaminaci\u00f3n por mayor\u00eda y por minor\u00eda de este proyecto\u201d, anticip\u00f3 por su cuenta Siley, previo al debate entre parlamentarios que diera cierre formal a la reuni\u00f3n conjunta.<\/p>\n","protected":false},"excerpt":{"rendered":"<p>Con la participaci\u00f3n de representantes sindicales y sociales, las comisiones de Legislaci\u00f3n y Trabajo y Mujeres y Diversidad concentraron un<\/p>\n","protected":false},"author":5,"featured_media":89402,"comment_status":"closed","ping_status":"closed","sticky":false,"template":"","format":"standard","meta":{"_jetpack_memberships_contains_paid_content":false,"footnotes":""},"categories":[6,1],"tags":[],"class_list":["post-89401","post","type-post","status-publish","format-standard","has-post-thumbnail","hentry","category-nacionales","category-portada"],"jetpack_featured_media_url":"https:\/\/i0.wp.com\/cdnoticias.com\/wp-content\/uploads\/2023\/07\/diputados00.png?fit=1680%2C851&ssl=1","jetpack_sharing_enabled":true,"_links":{"self":[{"href":"https:\/\/cdnoticias.com\/index.php\/wp-json\/wp\/v2\/posts\/89401","targetHints":{"allow":["GET"]}}],"collection":[{"href":"https:\/\/cdnoticias.com\/index.php\/wp-json\/wp\/v2\/posts"}],"about":[{"href":"https:\/\/cdnoticias.com\/index.php\/wp-json\/wp\/v2\/types\/post"}],"author":[{"embeddable":true,"href":"https:\/\/cdnoticias.com\/index.php\/wp-json\/wp\/v2\/users\/5"}],"replies":[{"embeddable":true,"href":"https:\/\/cdnoticias.com\/index.php\/wp-json\/wp\/v2\/comments?post=89401"}],"version-history":[{"count":0,"href":"https:\/\/cdnoticias.com\/index.php\/wp-json\/wp\/v2\/posts\/89401\/revisions"}],"wp:featuredmedia":[{"embeddable":true,"href":"https:\/\/cdnoticias.com\/index.php\/wp-json\/wp\/v2\/media\/89402"}],"wp:attachment":[{"href":"https:\/\/cdnoticias.com\/index.php\/wp-json\/wp\/v2\/media?parent=89401"}],"wp:term":[{"taxonomy":"category","embeddable":true,"href":"https:\/\/cdnoticias.com\/index.php\/wp-json\/wp\/v2\/categories?post=89401"},{"taxonomy":"post_tag","embeddable":true,"href":"https:\/\/cdnoticias.com\/index.php\/wp-json\/wp\/v2\/tags?post=89401"}],"curies":[{"name":"wp","href":"https:\/\/api.w.org\/{rel}","templated":true}]}}