{"id":89389,"date":"2023-07-06T08:21:13","date_gmt":"2023-07-06T11:21:13","guid":{"rendered":"https:\/\/www.centraldenoticias.com.ar\/?p=89389"},"modified":"2023-07-06T08:21:13","modified_gmt":"2023-07-06T11:21:13","slug":"rodriguez-larreta-con-morales-en-junin-el-desafio-es-volver-a-crecer","status":"publish","type":"post","link":"https:\/\/cdnoticias.com\/index.php\/2023\/07\/06\/rodriguez-larreta-con-morales-en-junin-el-desafio-es-volver-a-crecer\/","title":{"rendered":"Rodr\u00edguez Larreta con Morales en Jun\u00edn: &#8220;El desaf\u00edo es volver a crecer&#8221;"},"content":{"rendered":"<p>Los dirigentes de JxC iniciaron su agenda con una recorrida por el Centro de Monitoreo local y abrieron un espacio para los medios locales.<!--more--><\/p>\n<hr \/>\n<p>El precandidato a presidente, <strong>Horacio Rodr\u00edguez Larreta,<\/strong> y su compa\u00f1ero de f\u00f3rmula,<strong> Gerardo Morales<\/strong>, estuvieron esta ma\u00f1ana en Jun\u00edn donde compartieron distintas actividades junto al intendente Pablo Petrecca. Los dirigentes de JxC iniciaron su agenda con una recorrida por el Centro de Monitoreo local, desde donde tambi\u00e9n abrieron un espacio para intercambiar con los medios locales.<\/p>\n<p>&nbsp;<\/p>\n<p><em><strong>\u201cObra que empieza, obra que se termina, y vamos a darle autonom\u00eda al municipio para que decida qu\u00e9 necesita\u201d,<\/strong><\/em> asegur\u00f3 Rodr\u00edguez Larreta, consultado por los proyectos de infraestructura que le urgen a los juninenses, en especial el paso bajo nivel, que los gobiernos provincial y nacional a\u00fan no han conclu\u00eddo. El mandatario tambi\u00e9n declar\u00f3: \u201c<em><strong>Ac\u00e1 lo \u00fanico importante es que le vamos a cambiar la vida a la gente con m\u00e1s trabajo y con proyectos concretos\u201d.<\/strong><\/em><\/p>\n<p>&nbsp;<\/p>\n<p>Tambi\u00e9n hizo hincapi\u00e9 en el<strong> problema de la inseguridad<\/strong> que, \u201csi bien en Jun\u00edn, con la inversi\u00f3n que se hizo en el Centro de Monitoreo no se ha agravado, es un gran tema de preocupaci\u00f3n para todos los argentinos, que siempre tenemos que trabajar para mejorar . El miedo paraliza y te cambia las costumbres\u201d.<\/p>\n<p>&nbsp;<\/p>\n<p>En la misma l\u00ednea, sostuvo que combatir a la inseguridad\u00a0 \u201crequiere experiencia, c\u00f3mo lo hizo Gerardo en Jujuy y c\u00f3mo lo est\u00e1 haciendo Pablo ac\u00e1. Con capacitaci\u00f3n de los polic\u00edas, entrenamiento estricto, equipamiento, incorporaci\u00f3n de nueva tecnolog\u00eda como las taser, con c\u00e1maras, que tienen un rol preventivo del delito enorme, con un mapa del delito&#8221;.<\/p>\n<p>&nbsp;<\/p>\n<p><img data-recalc-dims=\"1\" loading=\"lazy\" decoding=\"async\" class=\"aligncenter wp-image-89393 size-large\" src=\"https:\/\/i0.wp.com\/cdnoticias.com\/wp-content\/uploads\/2023\/07\/WhatsApp-Image-2023-07-05-at-13.19.36.jpeg?resize=800%2C360&#038;ssl=1\" alt=\"\" width=\"800\" height=\"360\" srcset=\"https:\/\/i0.wp.com\/cdnoticias.com\/wp-content\/uploads\/2023\/07\/WhatsApp-Image-2023-07-05-at-13.19.36.jpeg?resize=1024%2C461&amp;ssl=1 1024w, https:\/\/i0.wp.com\/cdnoticias.com\/wp-content\/uploads\/2023\/07\/WhatsApp-Image-2023-07-05-at-13.19.36.jpeg?resize=300%2C135&amp;ssl=1 300w, https:\/\/i0.wp.com\/cdnoticias.com\/wp-content\/uploads\/2023\/07\/WhatsApp-Image-2023-07-05-at-13.19.36.jpeg?resize=768%2C346&amp;ssl=1 768w, https:\/\/i0.wp.com\/cdnoticias.com\/wp-content\/uploads\/2023\/07\/WhatsApp-Image-2023-07-05-at-13.19.36.jpeg?resize=1536%2C691&amp;ssl=1 1536w, https:\/\/i0.wp.com\/cdnoticias.com\/wp-content\/uploads\/2023\/07\/WhatsApp-Image-2023-07-05-at-13.19.36.jpeg?w=1600&amp;ssl=1 1600w\" sizes=\"auto, (max-width: 800px) 100vw, 800px\" \/><\/p>\n<p>&nbsp;<\/p>\n<p>Adem\u00e1s, dijo que \u201chay que tener un plan urgente para el 10 de diciembre para las <strong>zonas m\u00e1s calientes de la droga:<\/strong> Rosario y alrededores, el sur de C\u00f3rdoba y la zona oeste del conurbano bonaerense. Hay que <strong>mandar a la gendarmer\u00eda<\/strong> ah\u00ed y que el Ej\u00e9rcito vaya a las fronteras. Hay que aislar a los narcos y llenar los cargos de la justicia\u201d.<\/p>\n<p>&nbsp;<\/p>\n<p>Por su parte, Morales habl\u00f3 del plan para evitar que los narcos lleguen al resto del pa\u00eds: \u201cHay una pol\u00edtica integral que tiene que ver con mejorar la justicia y ocupar los cargos vacantes, con el control de los precursores qu\u00edmicos, con la presencia disuasiva del Ej\u00e9rcito en las fronteras apoyando con tecnolog\u00eda, con el control del cielo y de las rutas. Y es el plan con la decisi\u00f3n pol\u00edtica de combatir a los narcos&#8221;.<\/p>\n<p>&nbsp;<\/p>\n<p>En materia de econom\u00eda, Rodr\u00edguez Larreta expres\u00f3: <em><strong>\u201cA la gente no le alcanza el sueldo para llegar a fin de mes. Hoy los trabajadores son pobres, algo que nunca pas\u00f3 en la Argentina. Las jubilaciones son de hambre. Es un drama. El desaf\u00edo es volver a crecer, generar trabajo con salarios dignos y sin una inflaci\u00f3n que vaya comiendo el sueldo durante el mes\u201d.<\/strong><\/em><\/p>\n<p>&nbsp;<\/p>\n<p>En cuanto al &#8220;deterioro de la educaci\u00f3n en la provincia&#8221; afirm\u00f3: \u201cVamos a lanzar una revoluci\u00f3n educativa para darle futuro a los chicos y que su \u00fanico sue\u00f1o no sea irse de la Argentina. Eso implica garantizar que los chicos est\u00e9n en las aulas con 192 d\u00edas de clases, con infraestructura de calidad, buena conectividad y contenidos como ingl\u00e9s desde primer grado, inform\u00e1tica, rob\u00f3tica, y acercar la escuela al mundo del trabajo con pasant\u00edas y pr\u00e1cticas laborales el \u00faltimo a\u00f1o. Hoy en la provincia de Buenos Aires cada dos por tres ten\u00e9s paros\u201d.<\/p>\n<p>&nbsp;<\/p>\n<p><img data-recalc-dims=\"1\" loading=\"lazy\" decoding=\"async\" class=\"aligncenter wp-image-89394 size-large\" src=\"https:\/\/i0.wp.com\/cdnoticias.com\/wp-content\/uploads\/2023\/07\/Copia-de-WhatsApp-Image-2023-07-05-at-13.19.03.jpeg?resize=800%2C533&#038;ssl=1\" alt=\"\" width=\"800\" height=\"533\" srcset=\"https:\/\/i0.wp.com\/cdnoticias.com\/wp-content\/uploads\/2023\/07\/Copia-de-WhatsApp-Image-2023-07-05-at-13.19.03.jpeg?resize=1024%2C682&amp;ssl=1 1024w, https:\/\/i0.wp.com\/cdnoticias.com\/wp-content\/uploads\/2023\/07\/Copia-de-WhatsApp-Image-2023-07-05-at-13.19.03.jpeg?resize=300%2C200&amp;ssl=1 300w, https:\/\/i0.wp.com\/cdnoticias.com\/wp-content\/uploads\/2023\/07\/Copia-de-WhatsApp-Image-2023-07-05-at-13.19.03.jpeg?resize=768%2C512&amp;ssl=1 768w, https:\/\/i0.wp.com\/cdnoticias.com\/wp-content\/uploads\/2023\/07\/Copia-de-WhatsApp-Image-2023-07-05-at-13.19.03.jpeg?resize=1536%2C1023&amp;ssl=1 1536w, https:\/\/i0.wp.com\/cdnoticias.com\/wp-content\/uploads\/2023\/07\/Copia-de-WhatsApp-Image-2023-07-05-at-13.19.03.jpeg?resize=272%2C182&amp;ssl=1 272w, https:\/\/i0.wp.com\/cdnoticias.com\/wp-content\/uploads\/2023\/07\/Copia-de-WhatsApp-Image-2023-07-05-at-13.19.03.jpeg?w=1566&amp;ssl=1 1566w\" sizes=\"auto, (max-width: 800px) 100vw, 800px\" \/><\/p>\n<p>&nbsp;<\/p>\n<p>Sobre el mismo tema, Petrecca agreg\u00f3: \u201cEstamos trabajando con Diego Santilli para que esos fondos que hoy maneja la provincia se descentralicen y seamos los municipios los encargados de arreglar y hacer escuelas, porque conocemos la realidad de cada edificio educativo en toda la extensi\u00f3n de la localidad\u201d.<\/p>\n<p>&nbsp;<\/p>\n<p>El intendente de Jun\u00edn tambi\u00e9n habl\u00f3 sobre la cuesti\u00f3n de la seguridad y adelant\u00f3: \u201cVamos a firmar un convenio con la Ciudad de Buenos Aires para contar con la base de datos de patentes y as\u00ed poder tener alertas sobre los dominios, que nos permitan trabajar en la prevenci\u00f3n del delito. La seguridad, la educaci\u00f3n y la econom\u00eda son prioridades\u201d.<\/p>\n<p>&nbsp;<\/p>\n<p>Luego de dialogar con la prensa, los mandatarios compartieron un caf\u00e9 con vecinos. Posteriormente, almorzaron con dirigentes de la cuarta secci\u00f3n en la Posada del Sol, en el Parque Natural Laguna de G\u00f3mez, encuentro del que tambi\u00e9n particip\u00f3 Alejo P\u00e9rez, el intendente de Chacabuco y aspirante a la reelecci\u00f3n.<\/p>\n<p>&nbsp;<\/p>\n<p>Por la tarde, Rodr\u00edguez Larreta estar\u00e1 en Chacabuco con un itinerario que prev\u00e9 una reuni\u00f3n con productores agropecuarios para compartir sus propuestas para impulsar el campo, como la eliminaci\u00f3n de retenciones a 200 productos de las econom\u00edas regionales. Tambi\u00e9n tiene agendado un caf\u00e9 con vecinos y una recorrida por el Microcentro comercial, entre otras actividades.<\/p>\n","protected":false},"excerpt":{"rendered":"<p>Los dirigentes de JxC iniciaron su agenda con una recorrida por el Centro de Monitoreo local y abrieron un espacio<\/p>\n","protected":false},"author":6,"featured_media":89392,"comment_status":"closed","ping_status":"closed","sticky":false,"template":"","format":"standard","meta":{"_jetpack_memberships_contains_paid_content":false,"footnotes":""},"categories":[6,1],"tags":[],"class_list":["post-89389","post","type-post","status-publish","format-standard","has-post-thumbnail","hentry","category-nacionales","category-portada"],"jetpack_featured_media_url":"https:\/\/i0.wp.com\/cdnoticias.com\/wp-content\/uploads\/2023\/07\/WhatsApp-Image-2023-07-05-at-13.19.03.jpeg?fit=1600%2C1066&ssl=1","jetpack_sharing_enabled":true,"_links":{"self":[{"href":"https:\/\/cdnoticias.com\/index.php\/wp-json\/wp\/v2\/posts\/89389","targetHints":{"allow":["GET"]}}],"collection":[{"href":"https:\/\/cdnoticias.com\/index.php\/wp-json\/wp\/v2\/posts"}],"about":[{"href":"https:\/\/cdnoticias.com\/index.php\/wp-json\/wp\/v2\/types\/post"}],"author":[{"embeddable":true,"href":"https:\/\/cdnoticias.com\/index.php\/wp-json\/wp\/v2\/users\/6"}],"replies":[{"embeddable":true,"href":"https:\/\/cdnoticias.com\/index.php\/wp-json\/wp\/v2\/comments?post=89389"}],"version-history":[{"count":0,"href":"https:\/\/cdnoticias.com\/index.php\/wp-json\/wp\/v2\/posts\/89389\/revisions"}],"wp:featuredmedia":[{"embeddable":true,"href":"https:\/\/cdnoticias.com\/index.php\/wp-json\/wp\/v2\/media\/89392"}],"wp:attachment":[{"href":"https:\/\/cdnoticias.com\/index.php\/wp-json\/wp\/v2\/media?parent=89389"}],"wp:term":[{"taxonomy":"category","embeddable":true,"href":"https:\/\/cdnoticias.com\/index.php\/wp-json\/wp\/v2\/categories?post=89389"},{"taxonomy":"post_tag","embeddable":true,"href":"https:\/\/cdnoticias.com\/index.php\/wp-json\/wp\/v2\/tags?post=89389"}],"curies":[{"name":"wp","href":"https:\/\/api.w.org\/{rel}","templated":true}]}}