{"id":89383,"date":"2023-07-05T18:02:22","date_gmt":"2023-07-05T21:02:22","guid":{"rendered":"https:\/\/www.centraldenoticias.com.ar\/?p=89383"},"modified":"2023-07-05T18:02:22","modified_gmt":"2023-07-05T21:02:22","slug":"ciudad-cardioprotegida-continua-el-ciclo-de-capacitaciones-en-rcp-y-dea","status":"publish","type":"post","link":"https:\/\/cdnoticias.com\/index.php\/2023\/07\/05\/ciudad-cardioprotegida-continua-el-ciclo-de-capacitaciones-en-rcp-y-dea\/","title":{"rendered":"Ciudad Cardioprotegida: contin\u00faa el ciclo de capacitaciones en RCP y DEA"},"content":{"rendered":"<p>En esta ocasi\u00f3n realizaron una jornada en la comunidad educativa de la EES N\u00b0 10, ex Normal.<!--more--><\/p>\n<hr \/>\n<p>D\u00edas pasados, integrantes de la<strong> comunidad educativa de la EES N\u00b0 10, ex Normal,<\/strong> fueron <strong>capacitados en RCP y manejo de DEA<\/strong>, en el marco del ciclo de capacitaciones en<strong> primeros auxilios<\/strong> que ofrece el equipo del Paseo de la Salud.<\/p>\n<p>&nbsp;<\/p>\n<p>La jornada fue organizada junto con personal del mencionado establecimiento educativo. Desde la Direcci\u00f3n de Atenci\u00f3n Primaria, se record\u00f3 que los cursos son dictados por instructores certificados, en RCP (Reanimaci\u00f3n Cardio Pulmonar), uso del DEA (Desfibrilador Externo Autom\u00e1tico) y primeros auxilios por la Facultad de Medicina de la UBA.<\/p>\n<p>&nbsp;<\/p>\n<p><img data-recalc-dims=\"1\" loading=\"lazy\" decoding=\"async\" class=\"aligncenter wp-image-89384 size-large\" src=\"https:\/\/i0.wp.com\/cdnoticias.com\/wp-content\/uploads\/2023\/07\/Salud-Curso-RCP-Normal-3.jpg?resize=800%2C533&#038;ssl=1\" alt=\"\" width=\"800\" height=\"533\" srcset=\"https:\/\/i0.wp.com\/cdnoticias.com\/wp-content\/uploads\/2023\/07\/Salud-Curso-RCP-Normal-3.jpg?resize=1024%2C682&amp;ssl=1 1024w, https:\/\/i0.wp.com\/cdnoticias.com\/wp-content\/uploads\/2023\/07\/Salud-Curso-RCP-Normal-3.jpg?resize=300%2C200&amp;ssl=1 300w, https:\/\/i0.wp.com\/cdnoticias.com\/wp-content\/uploads\/2023\/07\/Salud-Curso-RCP-Normal-3.jpg?resize=768%2C512&amp;ssl=1 768w, https:\/\/i0.wp.com\/cdnoticias.com\/wp-content\/uploads\/2023\/07\/Salud-Curso-RCP-Normal-3.jpg?resize=1536%2C1024&amp;ssl=1 1536w, https:\/\/i0.wp.com\/cdnoticias.com\/wp-content\/uploads\/2023\/07\/Salud-Curso-RCP-Normal-3.jpg?resize=272%2C182&amp;ssl=1 272w, https:\/\/i0.wp.com\/cdnoticias.com\/wp-content\/uploads\/2023\/07\/Salud-Curso-RCP-Normal-3.jpg?w=1772&amp;ssl=1 1772w, https:\/\/i0.wp.com\/cdnoticias.com\/wp-content\/uploads\/2023\/07\/Salud-Curso-RCP-Normal-3.jpg?w=1600&amp;ssl=1 1600w\" sizes=\"auto, (max-width: 800px) 100vw, 800px\" \/><\/p>\n<p>&nbsp;<\/p>\n<p>Estas acciones cumplen con los objetivos de la Ordenanza 4345\/18 que establece a Olavarr\u00eda como ciudad Cardioprotegida. Las capacitaciones est\u00e1n orientadas a <strong>personal de instituciones p\u00fablicas y sin fines de lucro y se realizan de forma gratuita<\/strong>. Los interesados en solicitarla deber\u00e1n hacerlo haciendo <a href=\"https:\/\/docs.google.com\/forms\/d\/e\/1FAIpQLSc80ko26eLkGNTP3Ru9t5Ayyjl7k_ieTnxKAUyXpM_2yIQtFw\/viewform\" target=\"_blank\" rel=\"noopener\">clic aqu\u00ed.<\/a><\/p>\n","protected":false},"excerpt":{"rendered":"<p>En esta ocasi\u00f3n realizaron una jornada en la comunidad educativa de la EES N\u00b0 10, ex Normal.<\/p>\n","protected":false},"author":6,"featured_media":89385,"comment_status":"closed","ping_status":"closed","sticky":false,"template":"","format":"standard","meta":{"_jetpack_memberships_contains_paid_content":false,"footnotes":""},"categories":[5,1],"tags":[],"class_list":["post-89383","post","type-post","status-publish","format-standard","has-post-thumbnail","hentry","category-informacion-general","category-portada"],"jetpack_featured_media_url":"https:\/\/i0.wp.com\/cdnoticias.com\/wp-content\/uploads\/2023\/07\/Salud-Curso-RCP-Normal-1.jpg?fit=1772%2C1181&ssl=1","jetpack_sharing_enabled":true,"_links":{"self":[{"href":"https:\/\/cdnoticias.com\/index.php\/wp-json\/wp\/v2\/posts\/89383","targetHints":{"allow":["GET"]}}],"collection":[{"href":"https:\/\/cdnoticias.com\/index.php\/wp-json\/wp\/v2\/posts"}],"about":[{"href":"https:\/\/cdnoticias.com\/index.php\/wp-json\/wp\/v2\/types\/post"}],"author":[{"embeddable":true,"href":"https:\/\/cdnoticias.com\/index.php\/wp-json\/wp\/v2\/users\/6"}],"replies":[{"embeddable":true,"href":"https:\/\/cdnoticias.com\/index.php\/wp-json\/wp\/v2\/comments?post=89383"}],"version-history":[{"count":0,"href":"https:\/\/cdnoticias.com\/index.php\/wp-json\/wp\/v2\/posts\/89383\/revisions"}],"wp:featuredmedia":[{"embeddable":true,"href":"https:\/\/cdnoticias.com\/index.php\/wp-json\/wp\/v2\/media\/89385"}],"wp:attachment":[{"href":"https:\/\/cdnoticias.com\/index.php\/wp-json\/wp\/v2\/media?parent=89383"}],"wp:term":[{"taxonomy":"category","embeddable":true,"href":"https:\/\/cdnoticias.com\/index.php\/wp-json\/wp\/v2\/categories?post=89383"},{"taxonomy":"post_tag","embeddable":true,"href":"https:\/\/cdnoticias.com\/index.php\/wp-json\/wp\/v2\/tags?post=89383"}],"curies":[{"name":"wp","href":"https:\/\/api.w.org\/{rel}","templated":true}]}}