{"id":8937,"date":"2020-12-14T13:40:44","date_gmt":"2020-12-14T16:40:44","guid":{"rendered":"http:\/\/www.centraldenoticias.com.ar\/?p=8937"},"modified":"2020-12-14T13:40:44","modified_gmt":"2020-12-14T16:40:44","slug":"franco-cominotto-junto-a-martin-lousteau-en-el-plenario-de-evolucion-radical","status":"publish","type":"post","link":"https:\/\/cdnoticias.com\/index.php\/2020\/12\/14\/franco-cominotto-junto-a-martin-lousteau-en-el-plenario-de-evolucion-radical\/","title":{"rendered":"Franco Cominotto junto a Mart\u00edn Lousteau en el Plenario de Evoluci\u00f3n Radical"},"content":{"rendered":"<p>El olavarriense, candidato a Secretario General del Comit\u00e9 Provincia, estuvo en Esteban Echeverr\u00eda junto a Lousteau y el candidato de su lista, Gustavo Posse.<!--more--><\/p>\n<hr \/>\n<p>El <strong>candidato a Secretario General para el Comit\u00e9 Provincia y referente del radicalismo olavarriense Franco Cominotto<\/strong> particip\u00f3 el s\u00e1bado del acto que se llev\u00f3 a cabo en Esteban Echeverr\u00eda, encabezado por el Senador Nacional Mart\u00edn Lousteau y el Intendente de San Isidro Gustavo Posse, quien busca conducir el radicalismo bonaerense.<\/p>\n<p>&nbsp;<\/p>\n<p>En el encuentro, adem\u00e1s de<strong> dirigentes y candidatos de los 19 distritos que componen la tercera secci\u00f3n electoral de los diferentes sectores que componen la Lista 14 \u201cProtagonismo Radical\u201d<\/strong>, tambi\u00e9n estuvieron presentes Danya Tavella, Vicerrectora de la UNNOBA y candidata a Vicepresidente, Pablo Domenichini, Rector de la UNAB y candidato a Delegado al Comit\u00e9 Nacional, el Diputado Nacional Emiliano Yacobitti y el ex Ministro Federico Storani.<\/p>\n<p>&nbsp;<\/p>\n<p>Lousteau sostuvo que \u201c<em>quiere y cree\u201d<\/em> en <em>\u201ceste radicalismo para transformar la realidad\u201d<\/em>, porque del otro lado est\u00e1 <em>\u201cel que prefiere tener la s\u00faper estructura en vez de ir a gestionar en los lugares complejos,\u00a0<strong>que tambi\u00e9n prefiere tener un intendente en el conurbano y dejarle cinco al PRO, o preguntarle a otro partido qui\u00e9nes deben ser los candidatos\u201d.<\/strong><\/em><\/p>\n<p><strong>\u00a0<\/strong><\/p>\n<p>Esta actividad, junto a la realizada el s\u00e1bado 5 en La Plata, forma parte de la <em>\u201crecorrida provincial\u201d<\/em> que los candidatos de la Lista 14 est\u00e1n llevando a cabo de cara a las internas del radicalismo bonaerense estipuladas para el 21 de marzo pr\u00f3ximo <em>\u201csumando cada d\u00eda m\u00e1s adhesiones que buscan un radicalismo protagonista, sin seguidismos y que sea el coraz\u00f3n y la cabeza\u201d<\/em> de Juntos por el Cambio, seg\u00fan expresaron mediante un comunicado.<\/p>\n","protected":false},"excerpt":{"rendered":"<p>El olavarriense, candidato a Secretario General del Comit\u00e9 Provincia, estuvo en Esteban Echeverr\u00eda junto a Lousteau y el candidato de<\/p>\n","protected":false},"author":2,"featured_media":8938,"comment_status":"closed","ping_status":"closed","sticky":false,"template":"","format":"standard","meta":{"_jetpack_memberships_contains_paid_content":false,"footnotes":""},"categories":[4,1],"tags":[],"class_list":["post-8937","post","type-post","status-publish","format-standard","has-post-thumbnail","hentry","category-politica","category-portada"],"jetpack_featured_media_url":"https:\/\/i0.wp.com\/cdnoticias.com\/wp-content\/uploads\/2020\/12\/1-1.jpeg?fit=960%2C608&ssl=1","jetpack_sharing_enabled":true,"_links":{"self":[{"href":"https:\/\/cdnoticias.com\/index.php\/wp-json\/wp\/v2\/posts\/8937","targetHints":{"allow":["GET"]}}],"collection":[{"href":"https:\/\/cdnoticias.com\/index.php\/wp-json\/wp\/v2\/posts"}],"about":[{"href":"https:\/\/cdnoticias.com\/index.php\/wp-json\/wp\/v2\/types\/post"}],"author":[{"embeddable":true,"href":"https:\/\/cdnoticias.com\/index.php\/wp-json\/wp\/v2\/users\/2"}],"replies":[{"embeddable":true,"href":"https:\/\/cdnoticias.com\/index.php\/wp-json\/wp\/v2\/comments?post=8937"}],"version-history":[{"count":0,"href":"https:\/\/cdnoticias.com\/index.php\/wp-json\/wp\/v2\/posts\/8937\/revisions"}],"wp:featuredmedia":[{"embeddable":true,"href":"https:\/\/cdnoticias.com\/index.php\/wp-json\/wp\/v2\/media\/8938"}],"wp:attachment":[{"href":"https:\/\/cdnoticias.com\/index.php\/wp-json\/wp\/v2\/media?parent=8937"}],"wp:term":[{"taxonomy":"category","embeddable":true,"href":"https:\/\/cdnoticias.com\/index.php\/wp-json\/wp\/v2\/categories?post=8937"},{"taxonomy":"post_tag","embeddable":true,"href":"https:\/\/cdnoticias.com\/index.php\/wp-json\/wp\/v2\/tags?post=8937"}],"curies":[{"name":"wp","href":"https:\/\/api.w.org\/{rel}","templated":true}]}}