{"id":89363,"date":"2023-07-06T08:11:53","date_gmt":"2023-07-06T11:11:53","guid":{"rendered":"https:\/\/www.centraldenoticias.com.ar\/?p=89363"},"modified":"2023-07-06T10:37:52","modified_gmt":"2023-07-06T13:37:52","slug":"sesionara-el-hcd-para-debatir-el-regimen-de-produccion-de-bebidas-alcoholicas-espirituosas","status":"publish","type":"post","link":"https:\/\/cdnoticias.com\/index.php\/2023\/07\/06\/sesionara-el-hcd-para-debatir-el-regimen-de-produccion-de-bebidas-alcoholicas-espirituosas\/","title":{"rendered":"Sesionar\u00e1 el HCD para debatir el R\u00e9gimen de Producci\u00f3n de Bebidas Alcoh\u00f3licas Espirituosas"},"content":{"rendered":"<p>Se reuni\u00f3 la comisi\u00f3n de Labor Parlamentaria. Este jueves se tratar\u00e1n 21 expedientes despachados desde Legislaci\u00f3n.<\/p>\n<p><!--more--><\/p>\n<hr \/>\n<p>La<strong> presidenta del Concejo Deliberante, Cecilia Krivochen<\/strong> acompa\u00f1ada por la secretaria del cuerpo, Margarita Arregui encabezaron la reuni\u00f3n de la c<strong>omisi\u00f3n de Labor Parlamentaria<\/strong> en la que se estableci\u00f3 el orden del d\u00eda de la novena <strong>sesi\u00f3n ordinaria del periodo 2023 a realizarse este jueves<\/strong>.<\/p>\n<p>&nbsp;<\/p>\n<p>Participaron de la reuni\u00f3n los concejales <em>Juan Mujica (Juntos), Celeste Arouxet (Ahora Olavarr\u00eda), Mercedes Landivar (Uni\u00f3n por la Patria), Sebasti\u00e1n Matrella (UCR-Juntos) e In\u00e9s Creimer (Foro Olavarr\u00eda-Frente Renovador en Uni\u00f3n por la Patria).<\/em><\/p>\n<p>&nbsp;<\/p>\n<p>Primero, la comisi\u00f3n de Labor Parlamentaria estableci\u00f3 que <strong>21 expedientes ingresados en t\u00e9rmino<\/strong> tomar\u00e1n estado parlamentario y seguir\u00e1n su tr\u00e1mite en las distintas comisiones internas.<\/p>\n<p>&nbsp;<\/p>\n<p>Por otro lado, en lo que respecta al temario de la sesi\u00f3n<strong> se pondr\u00e1n en debate 21 expedientes<\/strong> que tienen despacho de la <strong>comisi\u00f3n de Legislaci\u00f3n<\/strong> y otros que llegan al recinto por acuerdo de Labor Parlamentaria.<\/p>\n<p>&nbsp;<\/p>\n<p><img data-recalc-dims=\"1\" loading=\"lazy\" decoding=\"async\" class=\"size-full wp-image-89364 aligncenter\" src=\"https:\/\/i0.wp.com\/cdnoticias.com\/wp-content\/uploads\/2023\/07\/HCD-LaborParlamentaria-00.jpg?resize=800%2C399&#038;ssl=1\" alt=\"\" width=\"800\" height=\"399\" srcset=\"https:\/\/i0.wp.com\/cdnoticias.com\/wp-content\/uploads\/2023\/07\/HCD-LaborParlamentaria-00.jpg?w=800&amp;ssl=1 800w, https:\/\/i0.wp.com\/cdnoticias.com\/wp-content\/uploads\/2023\/07\/HCD-LaborParlamentaria-00.jpg?resize=300%2C150&amp;ssl=1 300w, https:\/\/i0.wp.com\/cdnoticias.com\/wp-content\/uploads\/2023\/07\/HCD-LaborParlamentaria-00.jpg?resize=768%2C383&amp;ssl=1 768w\" sizes=\"auto, (max-width: 800px) 100vw, 800px\" \/><\/p>\n<p>&nbsp;<\/p>\n<p>Entre estos se destaca el proyecto de ordenanza que establece un<strong> marco normativo para la producci\u00f3n de bebidas espirituosas<\/strong> en el Partido de Olavarr\u00eda. Este proyecto fue presentado por el Intendente Municipal.<\/p>\n<p>&nbsp;<\/p>\n<blockquote><p>La iniciativa surgi\u00f3 como necesidad de generar un marco legal que propicie el crecimiento de peque\u00f1os emprendedores independientes abocados a la destilaci\u00f3n y producci\u00f3n de bebidas alcoh\u00f3licas espirituosas. Para impulsar este proyecto se han tomado en cuenta experiencias positivas de otros municipios que ya han legislado en la materia.<\/p><\/blockquote>\n<p>&nbsp;<\/p>\n<p>Por otro lado, en la fundamentaci\u00f3n del proyecto de ordenanza se destaca que la iniciativa surgi\u00f3 a partir de <strong>encuentros con productores destiladores locales<\/strong>.<\/p>\n<p>&nbsp;<\/p>\n<p>El R\u00e9gimen de Producci\u00f3n de Bebidas Alcoh\u00f3licas Espirituosas determina las siguientes <strong>categor\u00edas<\/strong>: <em>Productor Artesanal Micro, Productor Artesanal Medio y Productor Industrial<\/em>.<\/p>\n<p>&nbsp;<\/p>\n<p>Por \u00faltimo, se inform\u00f3 que el proyecto de ordenanza incluye la <strong>posibilidad de incorporar \u00e1reas de degustaci\u00f3n, comercializaci\u00f3n y promoci\u00f3n<\/strong> del producto a fin de incentivar el crecimiento de la actividad.<\/p>\n<p>&nbsp;<\/p>\n","protected":false},"excerpt":{"rendered":"<p>Se reuni\u00f3 la comisi\u00f3n de Labor Parlamentaria. Este jueves se tratar\u00e1n 21 expedientes despachados desde Legislaci\u00f3n.<\/p>\n","protected":false},"author":4,"featured_media":89365,"comment_status":"closed","ping_status":"closed","sticky":false,"template":"","format":"standard","meta":{"_jetpack_memberships_contains_paid_content":false,"footnotes":""},"categories":[4],"tags":[],"class_list":["post-89363","post","type-post","status-publish","format-standard","has-post-thumbnail","hentry","category-politica"],"jetpack_featured_media_url":"https:\/\/i0.wp.com\/cdnoticias.com\/wp-content\/uploads\/2023\/07\/HCD-LaborParlamentaria-01.jpg?fit=800%2C445&ssl=1","jetpack_sharing_enabled":true,"_links":{"self":[{"href":"https:\/\/cdnoticias.com\/index.php\/wp-json\/wp\/v2\/posts\/89363","targetHints":{"allow":["GET"]}}],"collection":[{"href":"https:\/\/cdnoticias.com\/index.php\/wp-json\/wp\/v2\/posts"}],"about":[{"href":"https:\/\/cdnoticias.com\/index.php\/wp-json\/wp\/v2\/types\/post"}],"author":[{"embeddable":true,"href":"https:\/\/cdnoticias.com\/index.php\/wp-json\/wp\/v2\/users\/4"}],"replies":[{"embeddable":true,"href":"https:\/\/cdnoticias.com\/index.php\/wp-json\/wp\/v2\/comments?post=89363"}],"version-history":[{"count":0,"href":"https:\/\/cdnoticias.com\/index.php\/wp-json\/wp\/v2\/posts\/89363\/revisions"}],"wp:featuredmedia":[{"embeddable":true,"href":"https:\/\/cdnoticias.com\/index.php\/wp-json\/wp\/v2\/media\/89365"}],"wp:attachment":[{"href":"https:\/\/cdnoticias.com\/index.php\/wp-json\/wp\/v2\/media?parent=89363"}],"wp:term":[{"taxonomy":"category","embeddable":true,"href":"https:\/\/cdnoticias.com\/index.php\/wp-json\/wp\/v2\/categories?post=89363"},{"taxonomy":"post_tag","embeddable":true,"href":"https:\/\/cdnoticias.com\/index.php\/wp-json\/wp\/v2\/tags?post=89363"}],"curies":[{"name":"wp","href":"https:\/\/api.w.org\/{rel}","templated":true}]}}