{"id":8936,"date":"2020-12-14T14:48:43","date_gmt":"2020-12-14T17:48:43","guid":{"rendered":"http:\/\/www.centraldenoticias.com.ar\/?p=8936"},"modified":"2020-12-14T13:49:05","modified_gmt":"2020-12-14T16:49:05","slug":"la-desmedida-expansion-de-la-cotorra-en-territorio-argentino","status":"publish","type":"post","link":"https:\/\/cdnoticias.com\/index.php\/2020\/12\/14\/la-desmedida-expansion-de-la-cotorra-en-territorio-argentino\/","title":{"rendered":"La desmedida expansi\u00f3n de la cotorra en territorio argentino"},"content":{"rendered":"<p>Un estudio cient\u00edfico se\u00f1al\u00f3 que se dio por el cambio de praderas a tierras de cultivo. En poco m\u00e1s de un siglo, \u201cla cotorra ocup\u00f3 una enorme superficie, equivalente a la de Alemania, es decir unos 330.000 Km2\u201d. El ave \u201cno es dom\u00e9stica ni plaga\u201d.<!--more--><\/p>\n<hr \/>\n<p><strong>La conversi\u00f3n de praderas naturales en tierras de cultivos favoreci\u00f3 la expansi\u00f3n de las cotorras por el \u00e1rea agr\u00edcola de la regi\u00f3n pampeana<\/strong>, y hace m\u00e1s de diez a\u00f1os, esas aves silvestres, consideradas plagas para la agricultura, ya ocupaban en el pa\u00eds una superficie similar a la de Alemania.<\/p>\n<p>As\u00ed <strong>lo sostiene un estudio sobre la cotorra (Myiopsitta monachus)<\/strong>, realizado por el doctor en Ciencias Biol\u00f3gicas de la <strong>Universidad Nacional de C\u00f3rdoba (UNC)<\/strong>, Enrique Bucher, y la doctora en Ciencias Naturales de la <strong>Universidad Nacional de La Plata (UNLP)<\/strong>, Rosana Arambur\u00fa.<\/p>\n<p>La cotorra es<strong> una especie nativa considerada &#8220;plaga&#8221; para la agricultura en la pampa h\u00famed<\/strong>a, debido a los da\u00f1os que ocasionan esas aves a cultivos como ma\u00edz, girasol y sorgo, entre otros cereales.<\/p>\n<p>No obstante, <strong>la bi\u00f3loga del INTA-Paran\u00e1, Sonia Canavelli<\/strong>, explic\u00f3 a T\u00e9lam que la cotorra <strong>&#8220;no es dom\u00e9stica ni plaga, es un ave silvestre que est\u00e1 en Argentina y otros pa\u00edses, desde antes del hombre&#8221;<\/strong>.<\/p>\n<p>&#8220;Es propia de nuestros ambientes y tradicionalmente asociada a montes y espinales que bordean a la regi\u00f3n pampeana. La especie viv\u00eda all\u00ed&#8221;, afirm\u00f3.<\/p>\n<p>Lo que ocurri\u00f3 despu\u00e9s &#8220;es que <strong>el hombre la adopt\u00f3 como mascota<\/strong>, y adem\u00e1s se introdujeron cambios en el ambiente y uso de la tierra que le permiti\u00f3 expandirse desde su h\u00e1bitat original, a la regi\u00f3n pampeana donde se concentran los cultivos&#8221;.<\/p>\n<p>En esa zona luego <strong>&#8220;se generaran alimentos muy favorables para las cotorras&#8221;<\/strong>, dijo la bi\u00f3loga, para quien el tema que esas aves sean plaga o no &#8220;depende a qu\u00e9 personas les produce da\u00f1os, d\u00f3nde y cu\u00e1ndo&#8221;.<\/p>\n<p>El concepto de plaga &#8220;es un t\u00e9rmino circunstancial y antropoc\u00e9ntrico&#8221;, acot\u00f3.<\/p>\n<p>En tanto el estudio realizado por Bucher y Arambur\u00fa, denominado <strong>\u00b4La cotorra como especie invasora: El caso de las pampas\u00b4<\/strong>, destaca que <strong>la expansi\u00f3n de esa especie por los pastizales pampeanos se inici\u00f3 despu\u00e9s del a\u00f1o 1880.<\/strong><\/p>\n<p><img data-recalc-dims=\"1\" loading=\"lazy\" decoding=\"async\" class=\"alignnone wp-image-8940\" src=\"https:\/\/i0.wp.com\/cdnoticias.com\/wp-content\/uploads\/2020\/12\/cotorra-telam.jpg?resize=800%2C450&#038;ssl=1\" alt=\"\" width=\"800\" height=\"450\" srcset=\"https:\/\/i0.wp.com\/cdnoticias.com\/wp-content\/uploads\/2020\/12\/cotorra-telam.jpg?resize=300%2C169&amp;ssl=1 300w, https:\/\/i0.wp.com\/cdnoticias.com\/wp-content\/uploads\/2020\/12\/cotorra-telam.jpg?resize=768%2C432&amp;ssl=1 768w, https:\/\/i0.wp.com\/cdnoticias.com\/wp-content\/uploads\/2020\/12\/cotorra-telam.jpg?w=1004&amp;ssl=1 1004w\" sizes=\"auto, (max-width: 800px) 100vw, 800px\" \/><\/p>\n<p>Es decir, &#8220;luego que los colonos europeos ocuparan territorios tomados a pueblos nativos de las pampas, al finalizar la Campa\u00f1a del Desierto&#8221;, detallan.<\/p>\n<blockquote><p>&#8220;En poco m\u00e1s de un siglo (1900-2010), la cotorra ocup\u00f3 una enorme superficie, equivalente a la de Alemania, es decir unos 330.000 Km2&#8221;, precisan los especialistas.<\/p><\/blockquote>\n<p>Y en sinton\u00eda con lo explicado por la bi\u00f3loga Canavelli, Bucher y Arambur\u00fa, sostienen que la expansi\u00f3n de la cotorra en el pa\u00eds <strong>&#8220;es coincidente con varios cambios ambientales&#8221;<\/strong>, en particular <strong>&#8220;la conversi\u00f3n de praderas naturales en tierras de cultivo&#8221;<\/strong>.<\/p>\n<p>&#8220;Con la llegada de los europeos se produjeron grandes alteraciones en el uso de la tierra, que tuvieron fuerte influencia sobre la avifauna en general, y sobre la cotorra en particular&#8221;, puntualizaron.<\/p>\n<p>En ese contexto, Bucher y Aramburu, explican que las cotorras <strong>&#8220;dejaron de anidar exclusivamente en los talas del bosque costero, cuando se introdujo el eucalipto en el pa\u00eds en 1857&#8221;<\/strong>.<\/p>\n<p>&#8220;Con el tiempo, abandonaron completamente los bosques de tala&#8221; y las aves &#8220;pasaron a construir sus nidos en los eucaliptos que alcanzan casi 30 metros de altura&#8221;, se\u00f1alan.<\/p>\n<p>La preferencia de las cotorras para anidar en los eucaliptos &#8220;se expandi\u00f3 r\u00e1pidamente por toda la regi\u00f3n y en la actualidad se mantiene&#8221;, destacan.<\/p>\n<blockquote><p>Al explicar el \u00e9xito invasivo de la cotorra, los autores de la investigaci\u00f3n mencionan tres aspectos: &#8220;La habilidad de construir nidos comunales, oportunismo alimentario y flexibilidad de conducta&#8221;.<\/p><\/blockquote>\n<p>&#8220;La capacidad que tiene la cotorra de construir nidos comunales, donde muchas parejas nidifican juntas, le otorga considerable <strong>ventaja adaptativa<\/strong>, puesto que esos nidos proporcionan muchos beneficios&#8221;, apuntan los investigadores.<\/p>\n<p>Por \u00faltimo expresan: &#8220;Creemos que el \u00e9xito de la cotorra responde a factores que no han sido tenidos en cuenta al buscar caracter\u00edsticas comunes de las especies invasoras. Nuestro caso se agrega a la creciente evidencia acerca de que no hay un conjunto \u00fanico de rasgos que permitan definir (y por lo tanto predecir) la capacidad invasiva de una especie&#8221;.<\/p>\n<p><em>Fuente: Telam<\/em><\/p>\n","protected":false},"excerpt":{"rendered":"<p>Un estudio cient\u00edfico se\u00f1al\u00f3 que se dio por el cambio de praderas a tierras de cultivo. En poco m\u00e1s de<\/p>\n","protected":false},"author":4,"featured_media":8941,"comment_status":"closed","ping_status":"closed","sticky":false,"template":"","format":"standard","meta":{"_jetpack_memberships_contains_paid_content":false,"footnotes":""},"categories":[6],"tags":[],"class_list":["post-8936","post","type-post","status-publish","format-standard","has-post-thumbnail","hentry","category-nacionales"],"jetpack_featured_media_url":"https:\/\/i0.wp.com\/cdnoticias.com\/wp-content\/uploads\/2020\/12\/cotorra-telam01.jpg?fit=1004%2C565&ssl=1","jetpack_sharing_enabled":true,"_links":{"self":[{"href":"https:\/\/cdnoticias.com\/index.php\/wp-json\/wp\/v2\/posts\/8936","targetHints":{"allow":["GET"]}}],"collection":[{"href":"https:\/\/cdnoticias.com\/index.php\/wp-json\/wp\/v2\/posts"}],"about":[{"href":"https:\/\/cdnoticias.com\/index.php\/wp-json\/wp\/v2\/types\/post"}],"author":[{"embeddable":true,"href":"https:\/\/cdnoticias.com\/index.php\/wp-json\/wp\/v2\/users\/4"}],"replies":[{"embeddable":true,"href":"https:\/\/cdnoticias.com\/index.php\/wp-json\/wp\/v2\/comments?post=8936"}],"version-history":[{"count":0,"href":"https:\/\/cdnoticias.com\/index.php\/wp-json\/wp\/v2\/posts\/8936\/revisions"}],"wp:featuredmedia":[{"embeddable":true,"href":"https:\/\/cdnoticias.com\/index.php\/wp-json\/wp\/v2\/media\/8941"}],"wp:attachment":[{"href":"https:\/\/cdnoticias.com\/index.php\/wp-json\/wp\/v2\/media?parent=8936"}],"wp:term":[{"taxonomy":"category","embeddable":true,"href":"https:\/\/cdnoticias.com\/index.php\/wp-json\/wp\/v2\/categories?post=8936"},{"taxonomy":"post_tag","embeddable":true,"href":"https:\/\/cdnoticias.com\/index.php\/wp-json\/wp\/v2\/tags?post=8936"}],"curies":[{"name":"wp","href":"https:\/\/api.w.org\/{rel}","templated":true}]}}