{"id":89315,"date":"2023-07-04T21:33:52","date_gmt":"2023-07-05T00:33:52","guid":{"rendered":"https:\/\/www.centraldenoticias.com.ar\/?p=89315"},"modified":"2023-07-04T21:34:48","modified_gmt":"2023-07-05T00:34:48","slug":"denunciaron-a-juntos-de-usar-la-mayoria-y-archivar-un-pedido-de-informes-a-robbiani","status":"publish","type":"post","link":"https:\/\/cdnoticias.com\/index.php\/2023\/07\/04\/denunciaron-a-juntos-de-usar-la-mayoria-y-archivar-un-pedido-de-informes-a-robbiani\/","title":{"rendered":"Denunciaron a Juntos de \u201cusar la mayor\u00eda\u201d y archivar un pedido de informes a Robbiani"},"content":{"rendered":"<p>Es por las irregularidades en Desarrollo Social. Se\u00f1alaron que se respondieron dos de los presentados \u201cy dejaban muchas dudas con preguntas que no fueron respondidas\u201d. <!--more--><\/p>\n<hr \/>\n<p>Este martes,<strong> el bloque de Uni\u00f3n por la Patria denunci\u00f3 al bloque oficialista en el Concejo Deliberante de \u201cusar la mayor\u00eda\u201d para archivar un pedido de informes apuntado al secretario de Desarrollo Humano y Calidad de Vida, Diego Robbiani, para \u201cevitar responder\u201d sobre las irregularidades en el \u00e1rea de Desarrollo Social.<\/strong><\/p>\n<p>&nbsp;<\/p>\n<p>En un comunicado, explicaron que el proyecto hab\u00eda sido elaborado<em> \u201cante la falta de respuestas y las inconsistencias y dudas surgidas de los datos presentados por el gobierno municipal con respecto al uso indebido de tarjetas alimentarias, vales y pasajes que ya investiga la justicia\u201d.<\/em><\/p>\n<p>&nbsp;<\/p>\n<blockquote><p>\u201cEl bloque de Juntos se neg\u00f3 pasar el nuevo pedido de informes a sesi\u00f3n y adem\u00e1s utiliz\u00f3 la mayor\u00eda para archivarlo\u201d.<\/p><\/blockquote>\n<p>&nbsp;<\/p>\n<p>El bloque de Uni\u00f3n Por la Patria d\u00edas atr\u00e1s hab\u00eda presentado un nuevo pedido de informes sobre las irregularidades en Desarrollo Social. Cabe destacar que luego de negarse a brindar informaci\u00f3n ante los concejales en forma presencial,<em> \u201cla Secretar\u00eda de Desarrollo Humano y Calidad de Vida que conduce Diego Robbiani respondi\u00f3 dos informes que dejaban muchas dudas con preguntas que directamente no fueron respondidas\u201d<\/em> denunciaron.<\/p>\n<p>&nbsp;<\/p>\n<p><em>\u201cEsto que vivimos hoy no sucede nunca, sea del espacio pol\u00edtico que sea<strong> a nadie se le niega que un pedido de informes llegue a sesi\u00f3n y mucho menos se utiliza la mayor\u00eda autom\u00e1tica para archivarlo. Se trata en sesi\u00f3n y se aprueba o no, pero llega a la sesi\u00f3n. No comprendemos porque no acceden a dar respuesta a consultas relacionadas a un tema tan delicado como el de las irregularidades en desarrollo social\u201d<\/strong><\/em> destac\u00f3 Mercedes Landivar.<\/p>\n<p>&nbsp;<\/p>\n<p>Con relaci\u00f3n a la causa penal la legisladora indic\u00f3: \u201c<em>La causa ya est\u00e1 caratulada, como \u2018Rosales Silvana sobre Comisi\u00f3n de delitos de acci\u00f3n p\u00fablica\u2019, hay hechos de absoluta gravedad que involucran al menos una ex funcionaria de alto rango institucional y que estuvo ocho a\u00f1os en la gesti\u00f3n municipal. <strong>Estas maniobras no hacen m\u00e1s que evadir responsabilidades, si verdaderamente quieren que la situaci\u00f3n se esclarezca deber\u00edan aportar informaci\u00f3n<\/strong>\u201d.<\/em><\/p>\n","protected":false},"excerpt":{"rendered":"<p>Es por las irregularidades en Desarrollo Social. Se\u00f1alaron que se respondieron dos de los presentados \u201cy dejaban muchas dudas con<\/p>\n","protected":false},"author":2,"featured_media":82235,"comment_status":"closed","ping_status":"closed","sticky":false,"template":"","format":"standard","meta":{"_jetpack_memberships_contains_paid_content":false,"footnotes":""},"categories":[4,1],"tags":[],"class_list":["post-89315","post","type-post","status-publish","format-standard","has-post-thumbnail","hentry","category-politica","category-portada"],"jetpack_featured_media_url":"https:\/\/i0.wp.com\/cdnoticias.com\/wp-content\/uploads\/2023\/04\/landivar-mercedes-HCD-13-4-23.jpg?fit=1600%2C890&ssl=1","jetpack_sharing_enabled":true,"_links":{"self":[{"href":"https:\/\/cdnoticias.com\/index.php\/wp-json\/wp\/v2\/posts\/89315","targetHints":{"allow":["GET"]}}],"collection":[{"href":"https:\/\/cdnoticias.com\/index.php\/wp-json\/wp\/v2\/posts"}],"about":[{"href":"https:\/\/cdnoticias.com\/index.php\/wp-json\/wp\/v2\/types\/post"}],"author":[{"embeddable":true,"href":"https:\/\/cdnoticias.com\/index.php\/wp-json\/wp\/v2\/users\/2"}],"replies":[{"embeddable":true,"href":"https:\/\/cdnoticias.com\/index.php\/wp-json\/wp\/v2\/comments?post=89315"}],"version-history":[{"count":0,"href":"https:\/\/cdnoticias.com\/index.php\/wp-json\/wp\/v2\/posts\/89315\/revisions"}],"wp:featuredmedia":[{"embeddable":true,"href":"https:\/\/cdnoticias.com\/index.php\/wp-json\/wp\/v2\/media\/82235"}],"wp:attachment":[{"href":"https:\/\/cdnoticias.com\/index.php\/wp-json\/wp\/v2\/media?parent=89315"}],"wp:term":[{"taxonomy":"category","embeddable":true,"href":"https:\/\/cdnoticias.com\/index.php\/wp-json\/wp\/v2\/categories?post=89315"},{"taxonomy":"post_tag","embeddable":true,"href":"https:\/\/cdnoticias.com\/index.php\/wp-json\/wp\/v2\/tags?post=89315"}],"curies":[{"name":"wp","href":"https:\/\/api.w.org\/{rel}","templated":true}]}}