{"id":89304,"date":"2023-07-04T19:00:15","date_gmt":"2023-07-04T22:00:15","guid":{"rendered":"https:\/\/www.centraldenoticias.com.ar\/?p=89304"},"modified":"2023-07-04T21:38:13","modified_gmt":"2023-07-05T00:38:13","slug":"queremos-plantear-un-programa-de-fomento-y-apoyo-para-nuestros-artistas-locales","status":"publish","type":"post","link":"https:\/\/cdnoticias.com\/index.php\/2023\/07\/04\/queremos-plantear-un-programa-de-fomento-y-apoyo-para-nuestros-artistas-locales\/","title":{"rendered":"&#8220;Queremos plantear un programa de fomento y apoyo para nuestros artistas locales&#8221;"},"content":{"rendered":"<p>Luego del acto de presentaci\u00f3n de la lista de precandidatos y precandidatas de Eduardo Rodr\u00edguez como precandidato a Intendente, el funcionario dialog\u00f3 en conferencia de prensa. Cont\u00f3 sus propuestas relacionadas a la Cultura, el Deporte y en materia de G\u00e9nero. <!--more--><\/p>\n<hr \/>\n<p>El <strong>precandidato a Intendente<\/strong>, <strong>Eduardo Rodr\u00edguez<\/strong>, dialog\u00f3 con medios de comunicaci\u00f3n luego del a<a href=\"https:\/\/cdnoticias.com\/index.php\/2023\/07\/03\/eduardo-rodriguez-presento-la-lista-de-precandidatos-y-su-opcion-electoral-local\/\" target=\"_blank\" rel=\"noopener\">cto oficial de su presentaci\u00f3n de lista.<\/a> Entre sus propuestas a realizar, habl\u00f3 sobre C<strong>ultura, Deporte y G\u00e9nero.<\/strong><\/p>\n<p>&nbsp;<\/p>\n<p>Primeramente, Rodr\u00edguez cont\u00f3 sus propuestas vinculadas a la gesti\u00f3n cultural: &#8220;En principio\u00a0<strong>queremos plantear un programa de fomento y apoyo para nuestros artistas locales.<\/strong> Es un tema que viene demandando la gente de Cultura y queremos revisar la ordenanza de <strong>apoyo a los espacios culturales no estatales.<\/strong> Hay una ordenanza de 2014 que queremos mejorar para que Chamula, Punto de Giro, Macondo, Insurgente, y que todos los espacios culturales no estatales tengan un apoyo de parte del municipio&#8221;.<\/p>\n<p>&nbsp;<\/p>\n<p>En la misma l\u00ednea, agreg\u00f3 que &#8220;tenemos algunos proyectos de obras: la primera es la<strong> construcci\u00f3n de una sala de espect\u00e1culos<\/strong> con una capacidad de 300 personas. Nos est\u00e1 faltando un espacio para otro tipo de propuestas. Tambi\u00e9n queremos poner en discusi\u00f3n, no digo que lo vaya a construir el municipio porque requiere de una inversi\u00f3n importante, pero <strong>Olavarr\u00eda tiene que plantearse la posibilidad de tener un estadio para 10.000 personas<\/strong> que haya que construir no dentro de la ciudad, pero que sea un estadio que tenga todas las disposiciones para recibir un circuito de propuestas art\u00edsticas pensando espect\u00e1culos donde no solo van a concurrir personas de Olavarr\u00eda, si no del centro de la provincia de Buenos Aires&#8221;.<\/p>\n<p>&nbsp;<\/p>\n<p>A la par, critic\u00f3 la gesti\u00f3n actual y resalt\u00f3 que \u201c<em><strong>el diagn\u00f3stico en cultura hoy es muy malo. Se han perdido dentro del calendario de actividades de la ciudad, la Muestra de Cine Nacional Lucas Demare, el Festival internacional de Cortos, el Festival de Narraci\u00f3n Oral, el Festival independiente de Teatro, El Festival de Circo. Adem\u00e1s, todas las fiestas populares de las localidades est\u00e1n con muy poco apoyo municipal&#8221;.<\/strong><\/em><\/p>\n<p>&nbsp;<\/p>\n<blockquote><p>&#8220;El Centro Cultural Municipal San Jos\u00e9 hoy ha salido del circuito de muestras que hist\u00f3ricamente lo caracterizaron. Escuch\u00e9 con atenci\u00f3n el discurso del Intendente en la apertura de sesiones cuando hablaba de las 30 mil visitas durante un a\u00f1o en el Centro Cultural. Quiero recordar que solamente en la muestra de Picasso hubo 36 mil personas que en 45 d\u00edas visitaron esa muestra&#8221; agreg\u00f3 Rodr\u00edguez.<\/p><\/blockquote>\n<p>&nbsp;<\/p>\n<p>El precandidato a Intendente a la par sostuvo: &#8220;Ni hablar de <strong>la falta de apoyo a los artistas locales<\/strong>, este fin de semana se llevo a cabo el &#8220;<em><strong>Festival Todas Esas M\u00fasicas&#8221;<\/strong> <\/em>organizado por Cultura Colgante, un sector independiente que recibi\u00f3 el apoyo del Instituto Cultural de la provincia de Buenos Aires con entrada gratuita que movilizo a un mont\u00f3n de gente. Fue una oportunidad para ver artistas y eso es lo que hay que seguir. Lo que est\u00e1 faltando hoy es una gesti\u00f3n municipal en este sentido&#8221;.<\/p>\n<p>&nbsp;<\/p>\n<p>En cuanto a las<strong> propuestas relacionadas al Deporte<\/strong>, Rodr\u00edguez cont\u00f3 que \u201ctenemos mucho para hacer. <strong>Quiero plantear un programa de inclusi\u00f3n del deporte social.<\/strong> Tenemos que volver a tener una acci\u00f3n integrada en los Servicios Territoriales Municipales. Tenemos que volver a plantear la posibilidad de un <strong>trabajo articulado de los clubes con educaci\u00f3n<\/strong>, hay que integrar educaci\u00f3n con deporte. En argentina el deporte se canaliza a trav\u00e9s de clubes, y no a trav\u00e9s del sistema educativo&#8221;.<\/p>\n<p>&nbsp;<\/p>\n<p><em><strong>&#8220;Tambi\u00e9n vamos a revisar alguna propuesta vinculada a lo que es el deporte de alta competencia. Hubo una promesa incumplida de la actual gesti\u00f3n de que \u00edbamos a tener un equipo deportivo de futbol a nivel nacional, de que \u00edbamos a tener el b\u00e1squet en la liga nacional. Ese financiamiento no apareci\u00f3 para los clubes y tuvieron que organizar un bingo para recaudar fondos<\/strong>&#8220;<\/em>resalt\u00f3 Rodr\u00edguez.<\/p>\n<p>&nbsp;<\/p>\n<p>Por \u00faltimo, sobre las <strong>propuestas en materia de g\u00e9nero <\/strong>consultadas por este medio<strong>,<\/strong>\u00a0cerr\u00f3: &#8220;Nosotros dimos un paso muy importante constituyendo la mesa contra la violencia de g\u00e9nero y familiar. La miro a In\u00e9s porque es la presidenta de la comisi\u00f3n en el Concejo Deliberante y hoy tambi\u00e9n tenemos una Direcci\u00f3n de Pol\u00edticas de G\u00e9nero<strong>. Tenemos que fortalecer sobre todo lo que es materia de recursos.<\/strong> Tenemos un trabajo conjuntamente con todos los sectores que son muchos y muy importantes para definir acciones y pol\u00edticas&#8221;.<\/p>\n<p>&nbsp;<\/p>\n<p>&nbsp;<\/p>\n","protected":false},"excerpt":{"rendered":"<p>Luego del acto de presentaci\u00f3n de la lista de precandidatos y precandidatas de Eduardo Rodr\u00edguez como precandidato a Intendente, el<\/p>\n","protected":false},"author":6,"featured_media":89306,"comment_status":"closed","ping_status":"closed","sticky":false,"template":"","format":"standard","meta":{"_jetpack_memberships_contains_paid_content":false,"footnotes":""},"categories":[4,1],"tags":[],"class_list":["post-89304","post","type-post","status-publish","format-standard","has-post-thumbnail","hentry","category-politica","category-portada"],"jetpack_featured_media_url":"https:\/\/i0.wp.com\/cdnoticias.com\/wp-content\/uploads\/2023\/07\/WhatsApp-Image-2023-07-03-at-22.26.33.jpeg?fit=1600%2C1200&ssl=1","jetpack_sharing_enabled":true,"_links":{"self":[{"href":"https:\/\/cdnoticias.com\/index.php\/wp-json\/wp\/v2\/posts\/89304","targetHints":{"allow":["GET"]}}],"collection":[{"href":"https:\/\/cdnoticias.com\/index.php\/wp-json\/wp\/v2\/posts"}],"about":[{"href":"https:\/\/cdnoticias.com\/index.php\/wp-json\/wp\/v2\/types\/post"}],"author":[{"embeddable":true,"href":"https:\/\/cdnoticias.com\/index.php\/wp-json\/wp\/v2\/users\/6"}],"replies":[{"embeddable":true,"href":"https:\/\/cdnoticias.com\/index.php\/wp-json\/wp\/v2\/comments?post=89304"}],"version-history":[{"count":0,"href":"https:\/\/cdnoticias.com\/index.php\/wp-json\/wp\/v2\/posts\/89304\/revisions"}],"wp:featuredmedia":[{"embeddable":true,"href":"https:\/\/cdnoticias.com\/index.php\/wp-json\/wp\/v2\/media\/89306"}],"wp:attachment":[{"href":"https:\/\/cdnoticias.com\/index.php\/wp-json\/wp\/v2\/media?parent=89304"}],"wp:term":[{"taxonomy":"category","embeddable":true,"href":"https:\/\/cdnoticias.com\/index.php\/wp-json\/wp\/v2\/categories?post=89304"},{"taxonomy":"post_tag","embeddable":true,"href":"https:\/\/cdnoticias.com\/index.php\/wp-json\/wp\/v2\/tags?post=89304"}],"curies":[{"name":"wp","href":"https:\/\/api.w.org\/{rel}","templated":true}]}}