{"id":89299,"date":"2023-07-04T19:34:26","date_gmt":"2023-07-04T22:34:26","guid":{"rendered":"https:\/\/www.centraldenoticias.com.ar\/?p=89299"},"modified":"2023-07-04T21:00:02","modified_gmt":"2023-07-05T00:00:02","slug":"en-un-allanamiento-encontraron-numerosos-elementos-robados","status":"publish","type":"post","link":"https:\/\/cdnoticias.com\/index.php\/2023\/07\/04\/en-un-allanamiento-encontraron-numerosos-elementos-robados\/","title":{"rendered":"En un allanamiento, encontraron numerosos elementos robados"},"content":{"rendered":"<p>El hecho se produjo en nuestra ciudad mientras que el procedimiento policial se realiz\u00f3 en la localidad de Sierra Chica. Dos hombres fueron imputados.<!--more--><\/p>\n<hr \/>\n<p>Este martes,<strong> un importante allanamiento en un domicilio en Sierra Chica permiti\u00f3 esclarecer un robo que data de al menos varios d\u00edas en nuestra ciudad, m\u00e1s precisamente en Sargento Cabral al 4100.<\/strong><\/p>\n<p>&nbsp;<\/p>\n<p>All\u00ed, un robo en un domicilio deriv\u00f3 en una investigaci\u00f3n que, con el correr de los d\u00edas, <strong>permiti\u00f3 conocer a los presuntos autores, dos hombres mayores de edad, que tendr\u00edan \u201cocultos\u201d los elementos robados.<\/strong><\/p>\n<p>&nbsp;<\/p>\n<p>Es por ello que el jefe de la comisar\u00eda Segundo junto a personal del GTO diagramaron un operativo con personal de la Comisar\u00eda Primera y SubDDI Olavarr\u00eda en <strong>un domicilio ubicado en Avenida Centenario al 2000 en la localidad de Sierra Chica con resultado \u201cpositivo\u201d.<\/strong><\/p>\n<p>&nbsp;<\/p>\n<p><img data-recalc-dims=\"1\" loading=\"lazy\" decoding=\"async\" class=\"alignnone size-large wp-image-89302\" src=\"https:\/\/i0.wp.com\/cdnoticias.com\/wp-content\/uploads\/2023\/07\/WhatsApp-Image-2023-07-04-at-18.18.13-1.jpeg?resize=800%2C450&#038;ssl=1\" alt=\"\" width=\"800\" height=\"450\" srcset=\"https:\/\/i0.wp.com\/cdnoticias.com\/wp-content\/uploads\/2023\/07\/WhatsApp-Image-2023-07-04-at-18.18.13-1.jpeg?resize=1024%2C576&amp;ssl=1 1024w, https:\/\/i0.wp.com\/cdnoticias.com\/wp-content\/uploads\/2023\/07\/WhatsApp-Image-2023-07-04-at-18.18.13-1.jpeg?resize=300%2C169&amp;ssl=1 300w, https:\/\/i0.wp.com\/cdnoticias.com\/wp-content\/uploads\/2023\/07\/WhatsApp-Image-2023-07-04-at-18.18.13-1.jpeg?resize=768%2C432&amp;ssl=1 768w, https:\/\/i0.wp.com\/cdnoticias.com\/wp-content\/uploads\/2023\/07\/WhatsApp-Image-2023-07-04-at-18.18.13-1.jpeg?resize=1536%2C864&amp;ssl=1 1536w, https:\/\/i0.wp.com\/cdnoticias.com\/wp-content\/uploads\/2023\/07\/WhatsApp-Image-2023-07-04-at-18.18.13-1.jpeg?w=1600&amp;ssl=1 1600w\" sizes=\"auto, (max-width: 800px) 100vw, 800px\" \/><\/p>\n<p>&nbsp;<\/p>\n<p>All\u00ed, <strong>se encontr\u00f3 y secuestr\u00f3 al menos una treintena de elementos<\/strong>: desde una m\u00e1quina de cortar pelo pasando por billetera, anillos, caloventores, c\u00e1maras, bater\u00edas, pendrive, mochilas, estuches, pinceles, una computadora, pastillas m\u00e9dicas, y varias prendas de vestir de diverso tipo, entre lo m\u00e1s destacado.<\/p>\n<p>&nbsp;<\/p>\n<blockquote><p>A su vez, tambi\u00e9n encontraron una moto Benelli de 150cc, que ser\u00eda, seg\u00fan testimonios, el veh\u00edculo utilizado para transportar todos los elementos robados en varios viajes.<\/p><\/blockquote>\n<p>&nbsp;<\/p>\n<p><img data-recalc-dims=\"1\" loading=\"lazy\" decoding=\"async\" class=\"alignnone size-large wp-image-89300\" src=\"https:\/\/i0.wp.com\/cdnoticias.com\/wp-content\/uploads\/2023\/07\/WhatsApp-Image-2023-07-04-at-18.18.15-1.jpeg?resize=800%2C601&#038;ssl=1\" alt=\"\" width=\"800\" height=\"601\" srcset=\"https:\/\/i0.wp.com\/cdnoticias.com\/wp-content\/uploads\/2023\/07\/WhatsApp-Image-2023-07-04-at-18.18.15-1.jpeg?resize=1024%2C769&amp;ssl=1 1024w, https:\/\/i0.wp.com\/cdnoticias.com\/wp-content\/uploads\/2023\/07\/WhatsApp-Image-2023-07-04-at-18.18.15-1.jpeg?resize=300%2C225&amp;ssl=1 300w, https:\/\/i0.wp.com\/cdnoticias.com\/wp-content\/uploads\/2023\/07\/WhatsApp-Image-2023-07-04-at-18.18.15-1.jpeg?resize=768%2C576&amp;ssl=1 768w, https:\/\/i0.wp.com\/cdnoticias.com\/wp-content\/uploads\/2023\/07\/WhatsApp-Image-2023-07-04-at-18.18.15-1.jpeg?resize=1536%2C1153&amp;ssl=1 1536w, https:\/\/i0.wp.com\/cdnoticias.com\/wp-content\/uploads\/2023\/07\/WhatsApp-Image-2023-07-04-at-18.18.15-1.jpeg?w=1600&amp;ssl=1 1600w\" sizes=\"auto, (max-width: 800px) 100vw, 800px\" \/><\/p>\n<p>&nbsp;<\/p>\n<p><strong>Las dos personas fueron imputadas por Robo<\/strong> y quedaron a disposici\u00f3n de la fiscal\u00eda en turno, mientras que todos los elementos secuestraron fueron exhibidos para que sean reconocidos por su due\u00f1a.<\/p>\n","protected":false},"excerpt":{"rendered":"<p>El hecho se produjo en nuestra ciudad mientras que el procedimiento policial se realiz\u00f3 en la localidad de Sierra Chica.<\/p>\n","protected":false},"author":2,"featured_media":89301,"comment_status":"closed","ping_status":"closed","sticky":false,"template":"","format":"standard","meta":{"_jetpack_memberships_contains_paid_content":false,"footnotes":""},"categories":[14,1],"tags":[],"class_list":["post-89299","post","type-post","status-publish","format-standard","has-post-thumbnail","hentry","category-policiales","category-portada"],"jetpack_featured_media_url":"https:\/\/i0.wp.com\/cdnoticias.com\/wp-content\/uploads\/2023\/07\/WhatsApp-Image-2023-07-04-at-18.18.14-1.jpeg?fit=1280%2C720&ssl=1","jetpack_sharing_enabled":true,"_links":{"self":[{"href":"https:\/\/cdnoticias.com\/index.php\/wp-json\/wp\/v2\/posts\/89299","targetHints":{"allow":["GET"]}}],"collection":[{"href":"https:\/\/cdnoticias.com\/index.php\/wp-json\/wp\/v2\/posts"}],"about":[{"href":"https:\/\/cdnoticias.com\/index.php\/wp-json\/wp\/v2\/types\/post"}],"author":[{"embeddable":true,"href":"https:\/\/cdnoticias.com\/index.php\/wp-json\/wp\/v2\/users\/2"}],"replies":[{"embeddable":true,"href":"https:\/\/cdnoticias.com\/index.php\/wp-json\/wp\/v2\/comments?post=89299"}],"version-history":[{"count":0,"href":"https:\/\/cdnoticias.com\/index.php\/wp-json\/wp\/v2\/posts\/89299\/revisions"}],"wp:featuredmedia":[{"embeddable":true,"href":"https:\/\/cdnoticias.com\/index.php\/wp-json\/wp\/v2\/media\/89301"}],"wp:attachment":[{"href":"https:\/\/cdnoticias.com\/index.php\/wp-json\/wp\/v2\/media?parent=89299"}],"wp:term":[{"taxonomy":"category","embeddable":true,"href":"https:\/\/cdnoticias.com\/index.php\/wp-json\/wp\/v2\/categories?post=89299"},{"taxonomy":"post_tag","embeddable":true,"href":"https:\/\/cdnoticias.com\/index.php\/wp-json\/wp\/v2\/tags?post=89299"}],"curies":[{"name":"wp","href":"https:\/\/api.w.org\/{rel}","templated":true}]}}