{"id":89290,"date":"2023-07-04T18:32:19","date_gmt":"2023-07-04T21:32:19","guid":{"rendered":"https:\/\/www.centraldenoticias.com.ar\/?p=89290"},"modified":"2023-07-04T18:32:19","modified_gmt":"2023-07-04T21:32:19","slug":"el-circo-servian-visito-el-jardin-de-infantes-belen","status":"publish","type":"post","link":"https:\/\/cdnoticias.com\/index.php\/2023\/07\/04\/el-circo-servian-visito-el-jardin-de-infantes-belen\/","title":{"rendered":"El Circo Servian visit\u00f3 el Jard\u00edn de Infantes Bel\u00e9n"},"content":{"rendered":"<p>La directora del establecimiento, Paula Mosquera, cont\u00f3 que \u201ca trav\u00e9s de las redes sociales conocimos a Matatan y lo invitamos a conocer nuestros ni\u00f1os, ya que ellos no pod\u00edan ir hasta el circo. Generosamente nos visit\u00f3, alegr\u00f3 la tarde con juegos, piruetas, magia y baile\u201d.<!--more--><\/p>\n<hr \/>\n<p>Este lunes por la tarde, el <strong>payaso Alex Matatan del Circo Servian visit\u00f3 el Jard\u00edn de Infantes Municipal \u201cBel\u00e9n\u201d,<\/strong> y acompa\u00f1\u00f3 a ni\u00f1os, ni\u00f1as y docentes en una jornada recreativa. Como con cada actividad que se realiza en el jard\u00edn o en otros espacios, los alumnos y alumnas trabajan con los contenidos antes, durante y luego de concretada la jornada recreativa y\/o educativa.<\/p>\n<p>&nbsp;<\/p>\n<p>En esta ocasi\u00f3n, la iniciativa surgi\u00f3 unas semanas atr\u00e1s cuando los m\u00e1s peque\u00f1os de jard\u00edn, pertenecientes a la sala celeste, comenzaron a jugar al circo, se vest\u00edan de payasos y disfrutaban haciendo piruetas. Dada esta actividad, la docente de la sala les mostr\u00f3 videos del circo que hab\u00eda llegado a la ciudad y m\u00e1s motivados a\u00fan continuaron su juego.<\/p>\n<p>&nbsp;<\/p>\n<p><img data-recalc-dims=\"1\" loading=\"lazy\" decoding=\"async\" class=\"aligncenter wp-image-89294 size-large\" src=\"https:\/\/i0.wp.com\/cdnoticias.com\/wp-content\/uploads\/2023\/07\/DH-Circo-en-Jardin-Belen-4.jpg?resize=800%2C533&#038;ssl=1\" alt=\"\" width=\"800\" height=\"533\" srcset=\"https:\/\/i0.wp.com\/cdnoticias.com\/wp-content\/uploads\/2023\/07\/DH-Circo-en-Jardin-Belen-4.jpg?resize=1024%2C682&amp;ssl=1 1024w, https:\/\/i0.wp.com\/cdnoticias.com\/wp-content\/uploads\/2023\/07\/DH-Circo-en-Jardin-Belen-4.jpg?resize=300%2C200&amp;ssl=1 300w, https:\/\/i0.wp.com\/cdnoticias.com\/wp-content\/uploads\/2023\/07\/DH-Circo-en-Jardin-Belen-4.jpg?resize=768%2C512&amp;ssl=1 768w, https:\/\/i0.wp.com\/cdnoticias.com\/wp-content\/uploads\/2023\/07\/DH-Circo-en-Jardin-Belen-4.jpg?resize=1536%2C1024&amp;ssl=1 1536w, https:\/\/i0.wp.com\/cdnoticias.com\/wp-content\/uploads\/2023\/07\/DH-Circo-en-Jardin-Belen-4.jpg?resize=272%2C182&amp;ssl=1 272w, https:\/\/i0.wp.com\/cdnoticias.com\/wp-content\/uploads\/2023\/07\/DH-Circo-en-Jardin-Belen-4.jpg?w=1772&amp;ssl=1 1772w, https:\/\/i0.wp.com\/cdnoticias.com\/wp-content\/uploads\/2023\/07\/DH-Circo-en-Jardin-Belen-4.jpg?w=1600&amp;ssl=1 1600w\" sizes=\"auto, (max-width: 800px) 100vw, 800px\" \/><\/p>\n<p>&nbsp;<\/p>\n<p>La directora del establecimiento, Paula Mosquera, cont\u00f3 que <em><strong>\u201ca trav\u00e9s de las redes sociales conocimos a Matatan y lo invitamos a conocer nuestros ni\u00f1os, ya que ellos no pod\u00edan ir hasta el circo. Generosamente nos visit\u00f3, alegr\u00f3 la tarde con juegos, piruetas, magia y baile\u201d<\/strong><\/em>. El payaso Matatan tambi\u00e9n estuvo en las salas y comparti\u00f3 momentos de merienda y juego.<\/p>\n<p>&nbsp;<\/p>\n<p>Para compartir esta jornada, que surgi\u00f3 desde el interior del jard\u00edn, se invit\u00f3 a los familiares de los alumnos y alumnas de la instituci\u00f3n y al Centro de D\u00eda N\u00b0 2, quienes estuvieron acompa\u00f1ados de la subsecretaria de Desarrollo Social, Romina Sponer y de Sandra Bilbao, directora de la Unidad de Desarrollo Infantil.<\/p>\n","protected":false},"excerpt":{"rendered":"<p>La directora del establecimiento, Paula Mosquera, cont\u00f3 que \u201ca trav\u00e9s de las redes sociales conocimos a Matatan y lo invitamos<\/p>\n","protected":false},"author":6,"featured_media":89293,"comment_status":"closed","ping_status":"closed","sticky":false,"template":"","format":"standard","meta":{"_jetpack_memberships_contains_paid_content":false,"footnotes":""},"categories":[5,1],"tags":[],"class_list":["post-89290","post","type-post","status-publish","format-standard","has-post-thumbnail","hentry","category-informacion-general","category-portada"],"jetpack_featured_media_url":"https:\/\/i0.wp.com\/cdnoticias.com\/wp-content\/uploads\/2023\/07\/DH-Circo-en-Jardin-Belen-2.jpg?fit=1772%2C1181&ssl=1","jetpack_sharing_enabled":true,"_links":{"self":[{"href":"https:\/\/cdnoticias.com\/index.php\/wp-json\/wp\/v2\/posts\/89290","targetHints":{"allow":["GET"]}}],"collection":[{"href":"https:\/\/cdnoticias.com\/index.php\/wp-json\/wp\/v2\/posts"}],"about":[{"href":"https:\/\/cdnoticias.com\/index.php\/wp-json\/wp\/v2\/types\/post"}],"author":[{"embeddable":true,"href":"https:\/\/cdnoticias.com\/index.php\/wp-json\/wp\/v2\/users\/6"}],"replies":[{"embeddable":true,"href":"https:\/\/cdnoticias.com\/index.php\/wp-json\/wp\/v2\/comments?post=89290"}],"version-history":[{"count":0,"href":"https:\/\/cdnoticias.com\/index.php\/wp-json\/wp\/v2\/posts\/89290\/revisions"}],"wp:featuredmedia":[{"embeddable":true,"href":"https:\/\/cdnoticias.com\/index.php\/wp-json\/wp\/v2\/media\/89293"}],"wp:attachment":[{"href":"https:\/\/cdnoticias.com\/index.php\/wp-json\/wp\/v2\/media?parent=89290"}],"wp:term":[{"taxonomy":"category","embeddable":true,"href":"https:\/\/cdnoticias.com\/index.php\/wp-json\/wp\/v2\/categories?post=89290"},{"taxonomy":"post_tag","embeddable":true,"href":"https:\/\/cdnoticias.com\/index.php\/wp-json\/wp\/v2\/tags?post=89290"}],"curies":[{"name":"wp","href":"https:\/\/api.w.org\/{rel}","templated":true}]}}