{"id":89215,"date":"2023-07-04T09:43:01","date_gmt":"2023-07-04T12:43:01","guid":{"rendered":"https:\/\/www.centraldenoticias.com.ar\/?p=89215"},"modified":"2023-07-04T11:16:58","modified_gmt":"2023-07-04T14:16:58","slug":"emiten-una-alerta-por-tormentas-para-olavarria","status":"publish","type":"post","link":"https:\/\/cdnoticias.com\/index.php\/2023\/07\/04\/emiten-una-alerta-por-tormentas-para-olavarria\/","title":{"rendered":"Emiten una alerta por tormentas para Olavarr\u00eda"},"content":{"rendered":"<p>As\u00ed lo se\u00f1al\u00f3 el Servicio Meteorol\u00f3gico Nacional. Las tormentas ser\u00e1n de \u201cvariada intensidad\u201d y se espera \u201cabundante ca\u00edda de agua en cortos per\u00edodos\u201d durante la jornada.<!--more--><\/p>\n<hr \/>\n<p>El Servicio Meteorol\u00f3gico Nacional (SMN) emiti\u00f3 una<strong> alerta de color \u201camarillo\u201d para este martes en Olavarr\u00eda, General La Madrid y Laprida.<\/strong><\/p>\n<p>&nbsp;<\/p>\n<p>Seg\u00fan se indic\u00f3, el \u00e1rea ser\u00e1 afectada por <strong>tormentas de \u201cvariada intensidad\u201d<\/strong>, pudiendo ser algunas <strong>\u201clocalmente fuertes\u201d.<\/strong> Se espera que est\u00e9n acompa\u00f1adas de \u201cr\u00e1fagas, ocasional ca\u00edda de granizo, actividad el\u00e9ctrica y fundamentalmente abundante ca\u00edda de agua en cortos per\u00edodos\u201d.<\/p>\n<p>&nbsp;<\/p>\n<blockquote><p>Adem\u00e1s, el organismo se\u00f1al\u00f3 que \u201cse estiman valores totales de precipitaci\u00f3n entre 35 y 50 mm, pudiendo ser superados de forma puntual\u201d.<\/p><\/blockquote>\n<p>&nbsp;<\/p>\n<p><img data-recalc-dims=\"1\" loading=\"lazy\" decoding=\"async\" class=\"aligncenter size-full wp-image-85826\" src=\"https:\/\/i0.wp.com\/cdnoticias.com\/wp-content\/uploads\/2023\/05\/lluvia-tormenta-clima-tiempo.jpg?resize=800%2C480&#038;ssl=1\" alt=\"\" width=\"800\" height=\"480\" srcset=\"https:\/\/i0.wp.com\/cdnoticias.com\/wp-content\/uploads\/2023\/05\/lluvia-tormenta-clima-tiempo.jpg?w=1200&amp;ssl=1 1200w, https:\/\/i0.wp.com\/cdnoticias.com\/wp-content\/uploads\/2023\/05\/lluvia-tormenta-clima-tiempo.jpg?resize=300%2C180&amp;ssl=1 300w, https:\/\/i0.wp.com\/cdnoticias.com\/wp-content\/uploads\/2023\/05\/lluvia-tormenta-clima-tiempo.jpg?resize=1024%2C614&amp;ssl=1 1024w, https:\/\/i0.wp.com\/cdnoticias.com\/wp-content\/uploads\/2023\/05\/lluvia-tormenta-clima-tiempo.jpg?resize=768%2C461&amp;ssl=1 768w\" sizes=\"auto, (max-width: 800px) 100vw, 800px\" \/><\/p>\n<p>&nbsp;<\/p>\n<p>En tanto, la temperatura m\u00e1xima pronosticada para esta jornada es de <strong>17\u00b0C.<\/strong><\/p>\n<p>&nbsp;<\/p>\n<p>Por otra parte, se adelant\u00f3 que estas condiciones cambiar\u00edan el resto de la semana: <strong>sin lluvias y con temperaturas m\u00e1ximas que no superen los 15\u00b0C.<\/strong><\/p>\n","protected":false},"excerpt":{"rendered":"<p>As\u00ed lo se\u00f1al\u00f3 el Servicio Meteorol\u00f3gico Nacional. Las tormentas ser\u00e1n de \u201cvariada intensidad\u201d y se espera \u201cabundante ca\u00edda de agua<\/p>\n","protected":false},"author":5,"featured_media":89214,"comment_status":"closed","ping_status":"closed","sticky":false,"template":"","format":"standard","meta":{"_jetpack_memberships_contains_paid_content":false,"footnotes":""},"categories":[5,1],"tags":[],"class_list":["post-89215","post","type-post","status-publish","format-standard","has-post-thumbnail","hentry","category-informacion-general","category-portada"],"jetpack_featured_media_url":"https:\/\/i0.wp.com\/cdnoticias.com\/wp-content\/uploads\/2023\/07\/alerta-amarillo.jpg?fit=800%2C445&ssl=1","jetpack_sharing_enabled":true,"_links":{"self":[{"href":"https:\/\/cdnoticias.com\/index.php\/wp-json\/wp\/v2\/posts\/89215","targetHints":{"allow":["GET"]}}],"collection":[{"href":"https:\/\/cdnoticias.com\/index.php\/wp-json\/wp\/v2\/posts"}],"about":[{"href":"https:\/\/cdnoticias.com\/index.php\/wp-json\/wp\/v2\/types\/post"}],"author":[{"embeddable":true,"href":"https:\/\/cdnoticias.com\/index.php\/wp-json\/wp\/v2\/users\/5"}],"replies":[{"embeddable":true,"href":"https:\/\/cdnoticias.com\/index.php\/wp-json\/wp\/v2\/comments?post=89215"}],"version-history":[{"count":0,"href":"https:\/\/cdnoticias.com\/index.php\/wp-json\/wp\/v2\/posts\/89215\/revisions"}],"wp:featuredmedia":[{"embeddable":true,"href":"https:\/\/cdnoticias.com\/index.php\/wp-json\/wp\/v2\/media\/89214"}],"wp:attachment":[{"href":"https:\/\/cdnoticias.com\/index.php\/wp-json\/wp\/v2\/media?parent=89215"}],"wp:term":[{"taxonomy":"category","embeddable":true,"href":"https:\/\/cdnoticias.com\/index.php\/wp-json\/wp\/v2\/categories?post=89215"},{"taxonomy":"post_tag","embeddable":true,"href":"https:\/\/cdnoticias.com\/index.php\/wp-json\/wp\/v2\/tags?post=89215"}],"curies":[{"name":"wp","href":"https:\/\/api.w.org\/{rel}","templated":true}]}}